{"id":1258,"date":"2022-09-16T12:51:12","date_gmt":"2022-09-16T12:51:12","guid":{"rendered":"https:\/\/romanigodi.org\/?p=1258"},"modified":"2025-11-21T10:40:33","modified_gmt":"2025-11-21T10:40:33","slug":"bruno-herininin-calismalarindan-domlar-ve-domari-2","status":"publish","type":"post","link":"https:\/\/romanigodi.org\/?p=1258","title":{"rendered":"Bruno Herin&#8217;inin \u00c7al\u0131\u015fmalar\u0131ndan Domlar ve Domari-2"},"content":{"rendered":"<p style=\"text-align: left;\"><strong>Yaz\u0131n\u0131n Ad\u0131: <\/strong>Fonolojik Varyasyondan Dilbilgisel De\u011fi\u015fime: \/\u010d\/ in Salti&#8217;nin Depalatalizasyonu<\/p>\n<p style=\"text-align: left;\"><strong>\u00c7al\u0131\u015fmas\u0131 Ad\u0131: <\/strong>Brono Herin<\/p>\n<p style=\"text-align: left;\"><strong>Orjinal Dil:<\/strong> \u0130ngilizce<\/p>\n<p style=\"text-align: left;\"><strong>\u00d6zet\/\u00d6ns\u00f6z:<\/strong><\/p>\n<pre>Brill 2013\nBu yaz\u0131da \u00dcrd\u00fcn'deki Salt kentinin genelindeki \/ \u010d\/'nin depalatalizasyon s\u00fcrecine bakaca\u011f\u0131z.\n\u00d6zellikle, tart\u0131\u015fma \u015fu konulara odaklanmaktad\u0131r bu \u00f6zelli\u011fin kayb\u0131n\u0131n morfolojik ve s\u00f6zdizimsel sonu\u00e7lar\u0131.\nAnaliz, yakla\u015f\u0131k elli saatlik kaydedilmi\u015f g\u00f6r\u00fc\u015fmelere dayanmaktad\u0131r leh\u00e7enin ana dili konu\u015fanlar\u0131n geni\u015f bir kar\u0131\u015f\u0131m\u0131 ile.\n \u00dcrd\u00fcn leh\u00e7eleri hakk\u0131nda arka plan bilgileriyle ba\u015fl\u0131yoruz ve tuz leh\u00e7esi.<\/pre>\n<p style=\"text-align: left;\"><a href=\"file:\/\/\/C:\/Users\/LENOVO\/AppData\/Local\/Temp\/Rar$DIa0.552\/B_Herin_and_E_Al_Wer_From_phonological_v.pdf\"><strong>Tamam\u0131na Okumak \u0130\u00e7in T\u0131klay\u0131n\u0131z<\/strong><\/a><\/p>\n<p style=\"text-align: left;\"><strong>Bu \u00e7al\u0131\u015fmada ge\u00e7en ifadeler \u00e7al\u0131\u015fmay\u0131 y\u00fcr\u00fcten yazar\u0131n kendisine aittir.<\/strong><\/p>\n","protected":false},"excerpt":{"rendered":"<p>Yaz\u0131n\u0131n Ad\u0131: Fonolojik Varyasyondan Dilbilgisel De\u011fi\u015fime: \/\u010d\/ in Salti&#8217;nin Depalatalizasyonu \u00c7al\u0131\u015fmas\u0131 Ad\u0131: Brono Herin Orjinal Dil: \u0130ngilizce \u00d6zet\/\u00d6ns\u00f6z: Brill 2013 Bu yaz\u0131da \u00dcrd\u00fcn&#8217;deki Salt kentinin genelindeki \/ \u010d\/&#8217;nin depalatalizasyon s\u00fcrecine bakaca\u011f\u0131z. \u00d6zellikle, tart\u0131\u015fma \u015fu konulara odaklanmaktad\u0131r bu \u00f6zelli\u011fin kayb\u0131n\u0131n morfolojik ve s\u00f6zdizimsel sonu\u00e7lar\u0131. Analiz, yakla\u015f\u0131k elli saatlik kaydedilmi\u015f g\u00f6r\u00fc\u015fmelere dayanmaktad\u0131r leh\u00e7enin ana dili konu\u015fanlar\u0131n geni\u015f [&hellip;]<\/p>\n","protected":false},"author":1,"featured_media":1260,"comment_status":"open","ping_status":"open","sticky":false,"template":"","format":"quote","meta":{"footnotes":""},"categories":[9],"tags":[],"class_list":["post-1258","post","type-post","status-publish","format-quote","has-post-thumbnail","hentry","category-dil","post_format-post-format-quote"],"_links":{"self":[{"href":"https:\/\/romanigodi.org\/index.php?rest_route=\/wp\/v2\/posts\/1258","targetHints":{"allow":["GET"]}}],"collection":[{"href":"https:\/\/romanigodi.org\/index.php?rest_route=\/wp\/v2\/posts"}],"about":[{"href":"https:\/\/romanigodi.org\/index.php?rest_route=\/wp\/v2\/types\/post"}],"author":[{"embeddable":true,"href":"https:\/\/romanigodi.org\/index.php?rest_route=\/wp\/v2\/users\/1"}],"replies":[{"embeddable":true,"href":"https:\/\/romanigodi.org\/index.php?rest_route=%2Fwp%2Fv2%2Fcomments&post=1258"}],"version-history":[{"count":1,"href":"https:\/\/romanigodi.org\/index.php?rest_route=\/wp\/v2\/posts\/1258\/revisions"}],"predecessor-version":[{"id":3487,"href":"https:\/\/romanigodi.org\/index.php?rest_route=\/wp\/v2\/posts\/1258\/revisions\/3487"}],"wp:featuredmedia":[{"embeddable":true,"href":"https:\/\/romanigodi.org\/index.php?rest_route=\/"}],"wp:attachment":[{"href":"https:\/\/romanigodi.org\/index.php?rest_route=%2Fwp%2Fv2%2Fmedia&parent=1258"}],"wp:term":[{"taxonomy":"category","embeddable":true,"href":"https:\/\/romanigodi.org\/index.php?rest_route=%2Fwp%2Fv2%2Fcategories&post=1258"},{"taxonomy":"post_tag","embeddable":true,"href":"https:\/\/romanigodi.org\/index.php?rest_route=%2Fwp%2Fv2%2Ftags&post=1258"}],"curies":[{"name":"wp","href":"https:\/\/api.w.org\/{rel}","templated":true}]}}