{"id":1332,"date":"2022-10-08T21:37:49","date_gmt":"2022-10-08T21:37:49","guid":{"rendered":"https:\/\/romanigodi.org\/?p=1332"},"modified":"2025-11-21T10:46:05","modified_gmt":"2025-11-21T10:46:05","slug":"bruno-herininin-calismalarindan-domlar-ve-domari-9","status":"publish","type":"post","link":"https:\/\/romanigodi.org\/?p=1332","title":{"rendered":"Bruno Herin&#8217;inin \u00c7al\u0131\u015fmalar\u0131ndan Domlar ve Domari-9"},"content":{"rendered":"<p><strong>Yaz\u0131n\u0131n Ad\u0131:<\/strong> Karadeniz B\u00f6lgesinde Romanlara (\u00c7ingenelere) Y\u00f6nelik Devlet Politikalar\u0131<\/p>\n<p><strong>\u00c7al\u0131\u015fmas\u0131 Ad\u0131: <\/strong>Bruno Herin<\/p>\n<p><strong>Orjinal Dil:<\/strong> \u0130ngilizce<\/p>\n<p><strong>\u00c7al\u0131\u015fmadan Alt\u0131nt\u0131:<\/strong><\/p>\n<pre>Genel olarak konu\u015fursak, Karadeniz \u00fclkelerinde Roman topluluklar\u0131 \u00fc\u00e7 ana gruba ayr\u0131l\u0131r &amp;#39;Dom&amp;#39; - &amp;#39;Lom&amp;#39; - &amp;#39;Rom&amp;#39;\nolarak adland\u0131r\u0131lan b\u00f6l\u00fcmler. \u0130lk alt b\u00f6l\u00fcm\u00fcn (Dom) temsilcileri T\u00fcrkiye ve Azerbaycan, T\u00fcrkiye, Ermenistan ve G\u00fcrcistan&amp;#39;daki\nikinci (Tezgah) ve \u00fc\u00e7\u00fcnc\u00fc, en b\u00fcy\u00fck ve Avrupa Romanlar\u0131n (yani Romanlar\u0131n kendileri veya ger\u00e7ek Romanlar) kendi ad\u0131n\u0131\nta\u015f\u0131yan en \u00f6nemli b\u00f6l\u00fcnme \u015fudur: t\u00fcm d\u00fcnyada yayg\u0131n olarak da\u011f\u0131lm\u0131\u015f. Karadeniz b\u00f6lgesi \u00fclkelerinde Romanlar T\u00fcrkiye, Yunanistan ve\nBulgaristan&amp;#39;da ya\u015f\u0131yor, Romanya, Moldova, Ukrayna, Rusya Federasyonu ve G\u00fcrcistan. Bu ana b\u00f6l\u00fcmler i\u00e7inde az ya da \u00e7ok var kapal\u0131\nendogam\u00f6z gruplar ve meta-grup sendikalar\u0131, genellikle her biri kendi ek \u00f6z be\u011fenisine sahiptir. Karadeniz b\u00f6lgesinde ya\u015fayan Roman\n topluluklar\u0131n\u0131n tam say\u0131s\u0131 hakk\u0131nda kesin veriler bulunmamaktad\u0131r. Bu durumun nedeni, a\u00e7\u0131kl\u0131k eksikli\u011fi de dahil olmak \u00fczere, bunlar\u0131\nsaymak i\u00e7in yeterli metodolojilerin olmamas\u0131d\u0131r &amp;quot;Romanlar kim?\u201c (veya \u201dBo who\u0433 who&amp;quot;\u0435\u201c, \u201d\u00c7ingeneler\u201c, \u201dBo\u015fa \/ Po\u015fa&amp;quot; veya\nba\u015fka e\u015fde\u011fer mezhepler, tek tek \u00fclkelerde kullan\u0131lan).\nAs\u0131l sorun, asl\u0131nda hangi topluluklar\u0131n buna dahil edilmesi gerekti\u011fi konusunda a\u00e7\u0131klama yap\u0131lmamas\u0131d\u0131r kategori ve n\u00fcfus say\u0131m\u0131nda\nnas\u0131l say\u0131lmas\u0131 gerekti\u011fi. Bu sorunu \u00e7\u00f6zmeden t\u00fcm veri say\u0131mlar\u0131 ve istatistikler ciddi \u015f\u00fcphelere a\u00e7\u0131k olmaya devam ediyor. Zorluklar\ngenellikle benlik aras\u0131ndaki tutars\u0131zl\u0131ktan kaynaklan\u0131r- di\u011ferleri taraf\u0131ndan atama ve atama. Topluluklar\u0131n b\u00fcy\u00fck bir k\u0131sm\u0131 i\u00e7in ak\u0131lda\ntutulmal\u0131d\u0131r, \u00e7evredeki n\u00fcfuslar\u0131 taraf\u0131ndan Roman olarak tan\u0131mlan\u0131r (asl\u0131nda \u00e7evredeki n\u00fcfusa g\u00f6re \u00e7e\u015fitli di\u011fer isimler yukar\u0131da\nbelirtilen used mentioned,,,\u0435, \u00c7ingeneler, Bo\u015fa vb. Gibi kullan\u0131l\u0131r.), karakteristik ve tipik bir \u201ctercih edilen etnik kimlik\u201d olgusu,\nyani kamuya a\u00e7\u0131klanm\u0131\u015f hatta fiilen ya\u015fanm\u0131\u015f olgu roman olmayan ba\u015fka bir kimlik.\n\n<\/pre>\n","protected":false},"excerpt":{"rendered":"<p>Yaz\u0131n\u0131n Ad\u0131: Karadeniz B\u00f6lgesinde Romanlara (\u00c7ingenelere) Y\u00f6nelik Devlet Politikalar\u0131 \u00c7al\u0131\u015fmas\u0131 Ad\u0131: Bruno Herin Orjinal Dil: \u0130ngilizce \u00c7al\u0131\u015fmadan Alt\u0131nt\u0131: Genel olarak konu\u015fursak, Karadeniz \u00fclkelerinde Roman topluluklar\u0131 \u00fc\u00e7 ana gruba ayr\u0131l\u0131r &amp;#39;Dom&amp;#39; &#8211; &amp;#39;Lom&amp;#39; &#8211; &amp;#39;Rom&amp;#39; olarak adland\u0131r\u0131lan b\u00f6l\u00fcmler. \u0130lk alt b\u00f6l\u00fcm\u00fcn (Dom) temsilcileri T\u00fcrkiye ve Azerbaycan, T\u00fcrkiye, Ermenistan ve G\u00fcrcistan&amp;#39;daki ikinci (Tezgah) ve \u00fc\u00e7\u00fcnc\u00fc, en b\u00fcy\u00fck [&hellip;]<\/p>\n","protected":false},"author":1,"featured_media":1632,"comment_status":"open","ping_status":"open","sticky":false,"template":"","format":"standard","meta":{"footnotes":""},"categories":[9],"tags":[],"class_list":["post-1332","post","type-post","status-publish","format-standard","has-post-thumbnail","hentry","category-dil"],"_links":{"self":[{"href":"https:\/\/romanigodi.org\/index.php?rest_route=\/wp\/v2\/posts\/1332","targetHints":{"allow":["GET"]}}],"collection":[{"href":"https:\/\/romanigodi.org\/index.php?rest_route=\/wp\/v2\/posts"}],"about":[{"href":"https:\/\/romanigodi.org\/index.php?rest_route=\/wp\/v2\/types\/post"}],"author":[{"embeddable":true,"href":"https:\/\/romanigodi.org\/index.php?rest_route=\/wp\/v2\/users\/1"}],"replies":[{"embeddable":true,"href":"https:\/\/romanigodi.org\/index.php?rest_route=%2Fwp%2Fv2%2Fcomments&post=1332"}],"version-history":[{"count":1,"href":"https:\/\/romanigodi.org\/index.php?rest_route=\/wp\/v2\/posts\/1332\/revisions"}],"predecessor-version":[{"id":3509,"href":"https:\/\/romanigodi.org\/index.php?rest_route=\/wp\/v2\/posts\/1332\/revisions\/3509"}],"wp:featuredmedia":[{"embeddable":true,"href":"https:\/\/romanigodi.org\/index.php?rest_route=\/"}],"wp:attachment":[{"href":"https:\/\/romanigodi.org\/index.php?rest_route=%2Fwp%2Fv2%2Fmedia&parent=1332"}],"wp:term":[{"taxonomy":"category","embeddable":true,"href":"https:\/\/romanigodi.org\/index.php?rest_route=%2Fwp%2Fv2%2Fcategories&post=1332"},{"taxonomy":"post_tag","embeddable":true,"href":"https:\/\/romanigodi.org\/index.php?rest_route=%2Fwp%2Fv2%2Ftags&post=1332"}],"curies":[{"name":"wp","href":"https:\/\/api.w.org\/{rel}","templated":true}]}}