{"id":1417,"date":"2025-11-21T10:28:31","date_gmt":"2025-11-21T10:28:31","guid":{"rendered":"https:\/\/romanigodi.org\/?p=1417"},"modified":"2025-11-21T10:28:31","modified_gmt":"2025-11-21T10:28:31","slug":"roman-muziginin-kralicesi-esma-recepova","status":"publish","type":"post","link":"https:\/\/romanigodi.org\/?p=1417","title":{"rendered":"Roman M\u00fczi\u011finin Krali\u00e7esi: Esma Recepova"},"content":{"rendered":"<p>Esma Recepova Kimdir?<\/p>\n<p>1943 y\u0131l\u0131nda Makedonya\u2019 n\u0131n ba\u015fkenti \u00dcsk\u00fcp\u2019 te \u00e7ok k\u00fclt\u00fcrl\u00fc bir ailede d\u00fcnyaya gelmi\u015ftir. Roman m\u00fczi\u011finin en \u00f6nemli isimlerinden \u015fark\u0131c\u0131 ve s\u00f6z yazar\u0131 Esma Recepova, sanat\u00e7\u0131 kimli\u011finin yan\u0131 s\u0131ra \u00f6zellikle Romanlara y\u00f6nelik \u0131rk\u00e7\u0131l\u0131\u011fa kar\u015f\u0131 kampanyalara \u00f6nderlik etti. Recepova;Romanlar\u0131n Divas\u0131\u00a0 ya da &amp;Makedonya&#8217;n\u0131n Krali\u00e7esi\u00a0 lakab\u0131 ile de tan\u0131n\u0131yordu.<\/p>\n<p>Esma Recepova Romanlar\u0131n \u00fcnl\u00fc \u015fark\u0131s\u0131 olarak bilinen \u201c\u0110jelem \u0111jelem\/ Gidelim\u201d adl\u0131 \u015fark\u0131y\u0131 derleyerek m\u00fczik d\u00fcnyas\u0131na tekrar kazand\u0131rm\u0131\u015ft\u0131r. \u015eark\u0131, y\u00fczlerce Roman grubu ve toplulu\u011fu taraf\u0131ndan temelde Jarko Jovonovic s\u00f6zleriyle yorumlanm\u0131\u015f, \u00e7e\u015fitlenmi\u015f ve<br \/>\ns\u0131n\u0131rlar a\u015fm\u0131\u015ft\u0131r. \u015eark\u0131 bir yerinde \u201c\u2026 mutlu Romanlar bile tan\u0131d\u0131m \u2026\u201d der ve bu kelimeler \u015fark\u0131n\u0131n da \u00f6zetidir. Hitler\u2019 in katletti\u011fi 250 binden fazla Roman i\u00e7in yak\u0131lm\u0131\u015f, onlar\u0131n \u00e7ekti\u011fi ac\u0131lar\u0131 anlatan bir a\u011f\u0131tt\u0131r. \u015eark\u0131y\u0131 dinlerken milliyet\u00e7ili\u011fe ve soyk\u0131r\u0131ma bir kez<br \/>\ndaha lanet okursunuz. (Ye\u015fil Gazete, Erc\u00fcman G\u00fcr\u00e7ay)<br \/>\nBu \u015fark\u0131 1971 y\u0131l\u0131nda ilk kez Londra\u2019 da toplanan D\u00fcnya Roman Kongresi\u2019 nde (1050\u2019de Hindistan\u2019 dan yola \u00e7\u0131k\u0131p d\u00fcnyan\u0131n d\u00f6rt bir taraf\u0131na yay\u0131lm\u0131\u015f olan) Romanlar\u0131n resmi ulusal mar\u015f\u0131 olarak kabul edilir. Bu \u015fark\u0131 ayn\u0131 zamanda topraks\u0131zl\u0131\u011fa ve yolculu\u011fa dair bir \u00e7a\u011fr\u0131d\u0131r, \u00f6vg\u00fcd\u00fcr. Bu \u015fark\u0131da Recepova b\u00fct\u00fcn d\u00fcnyan\u0131n \u2018\u00f6tekilerine\u2019 Romanlara seslenir: \u201c\u2026benimle gelin t\u00fcm d\u00fcnyadan \u00e7ingene karde\u015flerim\/ yollar hep a\u00e7\u0131k \u00e7ingeneler i\u00e7in\/\u015fimdi zaman\u0131d\u0131r, \u00e7ingenelerin y\u00fckseli\u015finin\/ e\u011fer harekete ge\u00e7ersek, ba\u015far\u0131r\u0131z\/ ah \u00e7ingeneler, ah karde\u015flerim\u2026\u201d<\/p>\n<p>( Ye\u015fil Gazete, Erc\u00fcman G\u00fcr\u00e7ay)<\/p>\n<p>Roman dilinde \u015fark\u0131lar s\u00f6yleyen ilk Roman kad\u0131n \u00fcnvan\u0131n\u0131 da ta\u015f\u0131yan Recepova, Roman dilinin, Roman m\u00fczi\u011finin ve k\u00fclt\u00fcr\u00fcn\u00fcn t\u00fcm d\u00fcnyaya tan\u0131t\u0131lmas\u0131 konusunda \u00f6nc\u00fcl\u00fck etmi\u015ftir.<br \/>\nEsma Recepova 11 Aral\u0131k 2016 y\u0131l\u0131nda \u00dcsk\u00fcp\u2019te vefat etmi\u015ftir.<\/p>\n","protected":false},"excerpt":{"rendered":"<p>Esma Recepova Kimdir? 1943 y\u0131l\u0131nda Makedonya\u2019 n\u0131n ba\u015fkenti \u00dcsk\u00fcp\u2019 te \u00e7ok k\u00fclt\u00fcrl\u00fc bir ailede d\u00fcnyaya gelmi\u015ftir. Roman m\u00fczi\u011finin en \u00f6nemli isimlerinden \u015fark\u0131c\u0131 ve s\u00f6z yazar\u0131 Esma Recepova, sanat\u00e7\u0131 kimli\u011finin yan\u0131 s\u0131ra \u00f6zellikle Romanlara y\u00f6nelik \u0131rk\u00e7\u0131l\u0131\u011fa kar\u015f\u0131 kampanyalara \u00f6nderlik etti. Recepova;Romanlar\u0131n Divas\u0131\u00a0 ya da &amp;Makedonya&#8217;n\u0131n Krali\u00e7esi\u00a0 lakab\u0131 ile de tan\u0131n\u0131yordu. Esma Recepova Romanlar\u0131n \u00fcnl\u00fc \u015fark\u0131s\u0131 olarak [&hellip;]<\/p>\n","protected":false},"author":1,"featured_media":1441,"comment_status":"open","ping_status":"open","sticky":false,"template":"","format":"standard","meta":{"footnotes":""},"categories":[20],"tags":[],"class_list":["post-1417","post","type-post","status-publish","format-standard","has-post-thumbnail","hentry","category-music"],"_links":{"self":[{"href":"https:\/\/romanigodi.org\/index.php?rest_route=\/wp\/v2\/posts\/1417","targetHints":{"allow":["GET"]}}],"collection":[{"href":"https:\/\/romanigodi.org\/index.php?rest_route=\/wp\/v2\/posts"}],"about":[{"href":"https:\/\/romanigodi.org\/index.php?rest_route=\/wp\/v2\/types\/post"}],"author":[{"embeddable":true,"href":"https:\/\/romanigodi.org\/index.php?rest_route=\/wp\/v2\/users\/1"}],"replies":[{"embeddable":true,"href":"https:\/\/romanigodi.org\/index.php?rest_route=%2Fwp%2Fv2%2Fcomments&post=1417"}],"version-history":[{"count":1,"href":"https:\/\/romanigodi.org\/index.php?rest_route=\/wp\/v2\/posts\/1417\/revisions"}],"predecessor-version":[{"id":3465,"href":"https:\/\/romanigodi.org\/index.php?rest_route=\/wp\/v2\/posts\/1417\/revisions\/3465"}],"wp:featuredmedia":[{"embeddable":true,"href":"https:\/\/romanigodi.org\/index.php?rest_route=\/"}],"wp:attachment":[{"href":"https:\/\/romanigodi.org\/index.php?rest_route=%2Fwp%2Fv2%2Fmedia&parent=1417"}],"wp:term":[{"taxonomy":"category","embeddable":true,"href":"https:\/\/romanigodi.org\/index.php?rest_route=%2Fwp%2Fv2%2Fcategories&post=1417"},{"taxonomy":"post_tag","embeddable":true,"href":"https:\/\/romanigodi.org\/index.php?rest_route=%2Fwp%2Fv2%2Ftags&post=1417"}],"curies":[{"name":"wp","href":"https:\/\/api.w.org\/{rel}","templated":true}]}}