{"id":1420,"date":"2025-11-21T10:39:36","date_gmt":"2025-11-21T10:39:36","guid":{"rendered":"https:\/\/romanigodi.org\/?p=1420"},"modified":"2025-11-21T10:39:36","modified_gmt":"2025-11-21T10:39:36","slug":"ana-meryem-turbesi-ziyareti","status":"publish","type":"post","link":"https:\/\/romanigodi.org\/?p=1420","title":{"rendered":"Ana Meryem T\u00fcrbesi Ziyareti"},"content":{"rendered":"<p>Abdal Alevileri taraf\u0131ndan kutsal kabul edilen Ana Meryem T\u00fcrbesi\u2019nin y\u0131k\u0131lmas\u0131 \u00fczerine b\u00f6lgede \u00e7al\u0131\u015fmalar yapan Ana Fatma Cemevi Derne\u011fi ve mahalle sakinleri May\u0131s 2022\u2019de g\u00f6r\u00fc\u015fme yap\u0131ld\u0131.<\/p>\n<p>B\u00f6lgede ya\u015fayan Abdal topluluklar\u0131n\u0131n yakla\u015f\u0131k olarak 70 senedir (bilinen) kutsal olarak belirledikleri, tek kad\u0131n ziyareti olan Ana Meryem T\u00fcrbesi\u2019nde ibadet etmektedirler. Bu t\u00fcrbenin bulundu\u011fu sokak, 25 May\u0131s 2022 \u00c7ar\u015famba g\u00fcn\u00fc sabah saatlerinde yakla\u015f\u0131k olarak 300 polis taraf\u0131ndan kapat\u0131lm\u0131\u015ft\u0131r. Soka\u011f\u0131n iki giri\u015fine de \u00e7evik kuvvet ekipleri yerle\u015ftirilmi\u015f ve giri\u015f yasaklanm\u0131\u015ft\u0131r. Polisle halk aras\u0131nda arbede ya\u015fanm\u0131\u015f ve yine de t\u00fcrbe kentsel<br \/>\nd\u00f6n\u00fc\u015f\u00fcm gerek\u00e7e g\u00f6sterilip y\u0131k\u0131lm\u0131\u015ft\u0131r.<\/p>\n<p>Bunun \u00fczerine b\u00f6lgede bulunan sivil toplum kurulu\u015flar\u0131 ve mahalle sakinleri \u015fik\u00e2yet karar\u0131 alarak hukuki s\u00fcreci ba\u015flatm\u0131\u015f bulunmaktad\u0131r. Ger\u00e7ekle\u015ftirilen \u00f6n izleme ziyareti kapsam\u0131nda tespit ve \u00f6neriler saha ziyaretleri<br \/>\nraporunda payla\u015f\u0131lacakt\u0131r.<\/p>\n","protected":false},"excerpt":{"rendered":"<p>Abdal Alevileri taraf\u0131ndan kutsal kabul edilen Ana Meryem T\u00fcrbesi\u2019nin y\u0131k\u0131lmas\u0131 \u00fczerine b\u00f6lgede \u00e7al\u0131\u015fmalar yapan Ana Fatma Cemevi Derne\u011fi ve mahalle sakinleri May\u0131s 2022\u2019de g\u00f6r\u00fc\u015fme yap\u0131ld\u0131. B\u00f6lgede ya\u015fayan Abdal topluluklar\u0131n\u0131n yakla\u015f\u0131k olarak 70 senedir (bilinen) kutsal olarak belirledikleri, tek kad\u0131n ziyareti olan Ana Meryem T\u00fcrbesi\u2019nde ibadet etmektedirler. Bu t\u00fcrbenin bulundu\u011fu sokak, 25 May\u0131s 2022 \u00c7ar\u015famba g\u00fcn\u00fc [&hellip;]<\/p>\n","protected":false},"author":1,"featured_media":0,"comment_status":"open","ping_status":"open","sticky":false,"template":"","format":"standard","meta":{"footnotes":""},"categories":[31],"tags":[],"class_list":["post-1420","post","type-post","status-publish","format-standard","hentry","category-sahadan-haberler"],"_links":{"self":[{"href":"https:\/\/romanigodi.org\/index.php?rest_route=\/wp\/v2\/posts\/1420","targetHints":{"allow":["GET"]}}],"collection":[{"href":"https:\/\/romanigodi.org\/index.php?rest_route=\/wp\/v2\/posts"}],"about":[{"href":"https:\/\/romanigodi.org\/index.php?rest_route=\/wp\/v2\/types\/post"}],"author":[{"embeddable":true,"href":"https:\/\/romanigodi.org\/index.php?rest_route=\/wp\/v2\/users\/1"}],"replies":[{"embeddable":true,"href":"https:\/\/romanigodi.org\/index.php?rest_route=%2Fwp%2Fv2%2Fcomments&post=1420"}],"version-history":[{"count":1,"href":"https:\/\/romanigodi.org\/index.php?rest_route=\/wp\/v2\/posts\/1420\/revisions"}],"predecessor-version":[{"id":3483,"href":"https:\/\/romanigodi.org\/index.php?rest_route=\/wp\/v2\/posts\/1420\/revisions\/3483"}],"wp:attachment":[{"href":"https:\/\/romanigodi.org\/index.php?rest_route=%2Fwp%2Fv2%2Fmedia&parent=1420"}],"wp:term":[{"taxonomy":"category","embeddable":true,"href":"https:\/\/romanigodi.org\/index.php?rest_route=%2Fwp%2Fv2%2Fcategories&post=1420"},{"taxonomy":"post_tag","embeddable":true,"href":"https:\/\/romanigodi.org\/index.php?rest_route=%2Fwp%2Fv2%2Ftags&post=1420"}],"curies":[{"name":"wp","href":"https:\/\/api.w.org\/{rel}","templated":true}]}}