{"id":1443,"date":"2025-11-21T10:29:46","date_gmt":"2025-11-21T10:29:46","guid":{"rendered":"https:\/\/romanigodi.org\/?p=1443"},"modified":"2025-11-21T10:29:46","modified_gmt":"2025-11-21T10:29:46","slug":"izmir-urla-sira-mahallesi-ziyareti","status":"publish","type":"post","link":"https:\/\/romanigodi.org\/?p=1443","title":{"rendered":"\u0130zmir -Urla S\u0131ra Mahallesi Ziyareti"},"content":{"rendered":"<p>\u0130zmir\u2019in Urla il\u00e7esine ba\u011fl\u0131 S\u0131ra Mahallesi\u2019nde Romanlar\u0131n ya\u015fad\u0131\u011f\u0131 \u00e7ad\u0131rlarda s\u0131kl\u0131kla yang\u0131n \u00e7\u0131kt\u0131\u011f\u0131 bilgisinin ard\u0131ndan b\u00f6lgeye 2022 May\u0131s\u2019\u0131n ay\u0131nda ilk ziyaret ger\u00e7ekle\u015ftirildi. Sonras\u0131nda b\u00f6lgede yer alan \u00e7ad\u0131rlar\u0131n yerine konteyn\u0131rlar\u0131n b\u0131rak\u0131lm\u0131\u015f olmas\u0131 ve elektrik hizmeti ilgili mahallenin sorun ya\u015fad\u0131\u011f\u0131 bilgisi sebebiyle 2022 A\u011fustos ay\u0131nda ikinci bir ziyaret d\u00fczenlenmi\u015ftir.<br \/>\nMevcutta S\u0131ra Mahallesi ba\u015fta olmak \u00fczere, Urla\u2019n\u0131n 3 farkl\u0131 mevkiinde daha yo\u011fun olmak \u00fczere, S\u0131ra Mahallesi\u2019ndeki 90-100 haneyle birlikte il\u00e7ede ortalama 130 Roman hane oldu\u011fu bilgisi, b\u00f6lge sakinleri taraf\u0131ndan aktar\u0131ld\u0131.<\/p>\n<p>B\u00f6lgeye b\u0131rak\u0131lan konteyn\u0131rlarla ilgili olarak;<br \/>\n\u25cf Konteyn\u0131rlar\u0131n 25 metrekareden k\u00fc\u00e7\u00fck oldu\u011fu ve kalabal\u0131k aileler ba\u015fta olmak \u00fczere<br \/>\nb\u00f6lge sakinleri i\u00e7in yetersiz b\u00fcy\u00fckl\u00fckte oldu\u011fu,<br \/>\n\u25cf Konteyn\u0131rlar\u0131n tek bir avluya ve birbirleri bakar bir \u015fekilde yerle\u015ftirilmi\u015f olmas\u0131, b\u00f6lge<br \/>\nsakinlerin \u00f6zel alan daraltt\u0131\u011f\u0131 ve kom\u015fular aras\u0131 tart\u0131\u015fma ve sorunlara neden oldu\u011fu,<br \/>\n\u25cf Konteyn\u0131rlar\u0131n olu\u015fturdu\u011fu avludan d\u0131\u015far\u0131ya tek \u00e7\u0131k\u0131\u015f\u0131n oldu\u011fu ve bu \u00e7\u0131k\u0131\u015f\u0131n<br \/>\nengellilerin eri\u015fimine uygun olmad\u0131\u011f\u0131 g\u00f6r\u00fclm\u00fc\u015ft\u00fcr.<\/p>\n<p>Mahallede Romanlar\u0131n a\u011f\u0131rl\u0131kl\u0131 olarak Cumhuriyetin ilk y\u0131llar\u0131nda Yunanistan ile ger\u00e7ekle\u015ftirilen m\u00fcbadele ile Selanik\u2019ten geldi\u011fi ve o tarihten beri Urla\u2019da ya\u015fad\u0131\u011f\u0131 aktar\u0131lm\u0131\u015ft\u0131r. B\u00f6lgede ya\u015fayan Romanlar\u0131n az da olsa g\u00fcnl\u00fck hayatta Romanes konu\u015ftu\u011fu,okul terkini y\u00fcksek oldu\u011fu ve liseye devam eden sadece 2 \u00f6\u011frencinin oldu\u011fu aktar\u0131lm\u0131\u015ft\u0131r.<br \/>\nGer\u00e7ekle\u015ftirilen \u00f6n izleme ziyareti kapsam\u0131nda tespit ve \u00f6neriler saha ziyaretleri raporunda payla\u015f\u0131lacakt\u0131r.<\/p>\n","protected":false},"excerpt":{"rendered":"<p>\u0130zmir\u2019in Urla il\u00e7esine ba\u011fl\u0131 S\u0131ra Mahallesi\u2019nde Romanlar\u0131n ya\u015fad\u0131\u011f\u0131 \u00e7ad\u0131rlarda s\u0131kl\u0131kla yang\u0131n \u00e7\u0131kt\u0131\u011f\u0131 bilgisinin ard\u0131ndan b\u00f6lgeye 2022 May\u0131s\u2019\u0131n ay\u0131nda ilk ziyaret ger\u00e7ekle\u015ftirildi. Sonras\u0131nda b\u00f6lgede yer alan \u00e7ad\u0131rlar\u0131n yerine konteyn\u0131rlar\u0131n b\u0131rak\u0131lm\u0131\u015f olmas\u0131 ve elektrik hizmeti ilgili mahallenin sorun ya\u015fad\u0131\u011f\u0131 bilgisi sebebiyle 2022 A\u011fustos ay\u0131nda ikinci bir ziyaret d\u00fczenlenmi\u015ftir. Mevcutta S\u0131ra Mahallesi ba\u015fta olmak \u00fczere, Urla\u2019n\u0131n 3 farkl\u0131 [&hellip;]<\/p>\n","protected":false},"author":1,"featured_media":0,"comment_status":"open","ping_status":"open","sticky":false,"template":"","format":"standard","meta":{"footnotes":""},"categories":[31],"tags":[],"class_list":["post-1443","post","type-post","status-publish","format-standard","hentry","category-sahadan-haberler"],"_links":{"self":[{"href":"https:\/\/romanigodi.org\/index.php?rest_route=\/wp\/v2\/posts\/1443","targetHints":{"allow":["GET"]}}],"collection":[{"href":"https:\/\/romanigodi.org\/index.php?rest_route=\/wp\/v2\/posts"}],"about":[{"href":"https:\/\/romanigodi.org\/index.php?rest_route=\/wp\/v2\/types\/post"}],"author":[{"embeddable":true,"href":"https:\/\/romanigodi.org\/index.php?rest_route=\/wp\/v2\/users\/1"}],"replies":[{"embeddable":true,"href":"https:\/\/romanigodi.org\/index.php?rest_route=%2Fwp%2Fv2%2Fcomments&post=1443"}],"version-history":[{"count":1,"href":"https:\/\/romanigodi.org\/index.php?rest_route=\/wp\/v2\/posts\/1443\/revisions"}],"predecessor-version":[{"id":3466,"href":"https:\/\/romanigodi.org\/index.php?rest_route=\/wp\/v2\/posts\/1443\/revisions\/3466"}],"wp:attachment":[{"href":"https:\/\/romanigodi.org\/index.php?rest_route=%2Fwp%2Fv2%2Fmedia&parent=1443"}],"wp:term":[{"taxonomy":"category","embeddable":true,"href":"https:\/\/romanigodi.org\/index.php?rest_route=%2Fwp%2Fv2%2Fcategories&post=1443"},{"taxonomy":"post_tag","embeddable":true,"href":"https:\/\/romanigodi.org\/index.php?rest_route=%2Fwp%2Fv2%2Ftags&post=1443"}],"curies":[{"name":"wp","href":"https:\/\/api.w.org\/{rel}","templated":true}]}}