{"id":1600,"date":"2022-10-09T18:50:17","date_gmt":"2022-10-09T18:50:17","guid":{"rendered":"https:\/\/romanigodi.org\/?p=1600"},"modified":"2025-11-25T11:09:59","modified_gmt":"2025-11-25T11:09:59","slug":"yakin-tarihte-roman-liderlerilona-lagrene","status":"publish","type":"post","link":"https:\/\/romanigodi.org\/?p=1600","title":{"rendered":"Yak\u0131n Tarihte Roman Liderler:Ilona Lagrene"},"content":{"rendered":"<p><span><strong>lona Lagrene<\/strong>, 1950 y\u0131l\u0131nda Heidelberg&#8217;de do\u011fdu.\u00a0Ailesi, Ulusal Sosyalistler taraf\u0131ndan 16 May\u0131s 1940&#8217;ta Stuttgart yak\u0131nlar\u0131ndaki Hohenasperg&#8217;e, oradan Reichsbahn&#8217;\u0131n \u00f6zel trenleriyle Polonya&#8217;daki \u00e7al\u0131\u015fma kamplar\u0131na veya toplama kamplar\u0131na s\u00fcr\u00fclmek \u00fczere s\u0131n\u0131r d\u0131\u015f\u0131 edilen Sintiler aras\u0131ndayd\u0131.\u00a022 May\u0131s 1940&#8217;ta Asperger tren istasyonundan s\u00fcrg\u00fcn\u00fc izleyen s\u00fcrg\u00fcnler, Reich G\u00fcvenlik Ana Ofisi&#8217;nden Hauptscharf\u00fchrer\u00a0<\/span><a class=\"mw-disambig\" title=\"Joseph Eichberger\" href=\"https:\/\/de.wikipedia.org\/wiki\/Josef_Eichberger\"><span>Josef Eichberger<\/span><\/a><span>\u00a0taraf\u0131ndan organize edildi ve ilk b\u00fcy\u00fck \u00f6l\u00e7ekli &#8220;yeniden yerle\u015fimlerden&#8221; biriydi.\u00a0<\/span><sup id=\"cite_ref-2\" class=\"reference\"><a href=\"https:\/\/de.wikipedia.org\/wiki\/Ilona_Lagrene#cite_note-2\"><span>[2]<\/span><\/a><\/sup><span>\u00a0Ailesi Holokost&#8217;tan kurtuldu, Ilona&#8217;n\u0131n kendisi ancak sava\u015f\u0131n bitiminden sonra do\u011fdu.\u00a0<a title=\"\u00dc\u00e7\u00fcnc\u00fc Reich\" href=\"https:\/\/de.wikipedia.org\/wiki\/Drittes_Reich\">Anne taraf\u0131ndan en az 18 ki\u015fi, \u00dc\u00e7\u00fcnc\u00fc Reich&#8217;\u0131n<\/a>\u00a0uzun vadeli sonu\u00e7lar\u0131ndan etkilendi.<\/span><span>Sintezze ve Romnja \u00fczerinde\u00a0<\/span><a title=\"zorla sterilizasyon\" href=\"https:\/\/de.wikipedia.org\/wiki\/Zwangssterilisation\"><span>zorunlu sterilizasyon<\/span><\/a><span>\u00a0da dahil olmak \u00fczere yap\u0131lan insan deneyleri , ailesinin di\u011fer bir k\u0131sm\u0131, en az 24 \u00fcyesi\u00a0<\/span><a title=\"Auschwitz toplama kamp\u0131\" href=\"https:\/\/de.wikipedia.org\/wiki\/KZ_Auschwitz\"><span>Auschwitz<\/span><\/a><span>\u00a0ve di\u011fer toplama kamplar\u0131nda \u00f6ld\u00fc.\u00a0<\/span><sup id=\"cite_ref-3\" class=\"reference\"><a href=\"https:\/\/de.wikipedia.org\/wiki\/Ilona_Lagrene#cite_note-3\"><span>[3]<\/span><\/a><\/sup><\/p>\n<p><a title=\"Sinti ve Roma\" href=\"https:\/\/de.wikipedia.org\/wiki\/Sinti_und_Roma\"><span>Sinti ve Roman<\/span><\/a><span>\u00a0\u00fcyesi olan k\u0131z \u00f6\u011frencilerin baz\u0131 durumlarda do\u011frudan s\u0131n\u0131ftan s\u0131n\u0131r d\u0131\u015f\u0131 edilmesi uygulamas\u0131n\u0131n bir sonucu olarak,\u00a0hayatta kalan bir\u00e7ok ki\u015fi daha sonra Ilona Lagrene&#8217;in ailesinin yapt\u0131\u011f\u0131 gibi, \u00e7ocuklar\u0131n\u0131n s\u0131n\u0131fa kat\u0131lmas\u0131na izin verme korkusu geli\u015ftirdi.\u00a0<\/span><sup id=\"cite_ref-4\" class=\"reference\"><a href=\"https:\/\/de.wikipedia.org\/wiki\/Ilona_Lagrene#cite_note-4\"><span>[4]<\/span><\/a><\/sup><span>\u00a0Bu daha sonra onun gen\u00e7lik ve e\u011fitim \u00e7al\u0131\u015fmalar\u0131na kat\u0131lmas\u0131 i\u00e7in bir motivasyon oldu.<\/span><\/p>\n<p><span>Ilona Lagrene, 1972&#8217;den beri ailesiyle birlikte\u00a0<\/span><a title=\"Manheim\" href=\"https:\/\/de.wikipedia.org\/wiki\/Mannheim\"><span>Mannheim&#8217;da<\/span><\/a><span>\u00a0ya\u015f\u0131yor .<\/span><\/p>\n<p><span>Alman sivil haklar aktivisti, kad\u0131n haklar\u0131 aktivisti ve yazar.\u00a0<\/span><a title=\"Alman Sinti ve Roman Baden-W\u00fcrttemberg Eyalet Birli\u011fi Derne\u011fi\" href=\"https:\/\/de.wikipedia.org\/wiki\/Verband_Deutscher_Sinti_und_Roma_Landesverband_Baden-W%C3%BCrttemberg\"><span>1986&#8217;da kurulan Alman Sinti ve Roman Landesverband Baden-W\u00fcrttemberg Derne\u011fi&#8217;nin<\/span><\/a><span>\u00a0kurucular\u0131ndan biridir ve\u00a01989&#8217;dan 1996&#8217;ya kadar derne\u011fe ba\u015fkanl\u0131k etti ve 2007&#8217;de RomnoKher&#8217;i kurdu.\u00a0Bu g\u00fcne kadar Rheinland-Pfalz&#8217;daki Sinti ve Roman Derne\u011fi&#8217;nin y\u00f6netim kurulundad\u0131r.\u00a0<\/span><\/p>\n","protected":false},"excerpt":{"rendered":"<p>lona Lagrene, 1950 y\u0131l\u0131nda Heidelberg&#8217;de do\u011fdu.\u00a0Ailesi, Ulusal Sosyalistler taraf\u0131ndan 16 May\u0131s 1940&#8217;ta Stuttgart yak\u0131nlar\u0131ndaki Hohenasperg&#8217;e, oradan Reichsbahn&#8217;\u0131n \u00f6zel trenleriyle Polonya&#8217;daki \u00e7al\u0131\u015fma kamplar\u0131na veya toplama kamplar\u0131na s\u00fcr\u00fclmek \u00fczere s\u0131n\u0131r d\u0131\u015f\u0131 edilen Sintiler aras\u0131ndayd\u0131.\u00a022 May\u0131s 1940&#8217;ta Asperger tren istasyonundan s\u00fcrg\u00fcn\u00fc izleyen s\u00fcrg\u00fcnler, Reich G\u00fcvenlik Ana Ofisi&#8217;nden Hauptscharf\u00fchrer\u00a0Josef Eichberger\u00a0taraf\u0131ndan organize edildi ve ilk b\u00fcy\u00fck \u00f6l\u00e7ekli &#8220;yeniden yerle\u015fimlerden&#8221; biriydi.\u00a0[2]\u00a0Ailesi [&hellip;]<\/p>\n","protected":false},"author":1,"featured_media":1667,"comment_status":"open","ping_status":"open","sticky":false,"template":"","format":"standard","meta":{"footnotes":""},"categories":[34],"tags":[],"class_list":["post-1600","post","type-post","status-publish","format-standard","has-post-thumbnail","hentry","category-tarih"],"_links":{"self":[{"href":"https:\/\/romanigodi.org\/index.php?rest_route=\/wp\/v2\/posts\/1600","targetHints":{"allow":["GET"]}}],"collection":[{"href":"https:\/\/romanigodi.org\/index.php?rest_route=\/wp\/v2\/posts"}],"about":[{"href":"https:\/\/romanigodi.org\/index.php?rest_route=\/wp\/v2\/types\/post"}],"author":[{"embeddable":true,"href":"https:\/\/romanigodi.org\/index.php?rest_route=\/wp\/v2\/users\/1"}],"replies":[{"embeddable":true,"href":"https:\/\/romanigodi.org\/index.php?rest_route=%2Fwp%2Fv2%2Fcomments&post=1600"}],"version-history":[{"count":1,"href":"https:\/\/romanigodi.org\/index.php?rest_route=\/wp\/v2\/posts\/1600\/revisions"}],"predecessor-version":[{"id":3536,"href":"https:\/\/romanigodi.org\/index.php?rest_route=\/wp\/v2\/posts\/1600\/revisions\/3536"}],"wp:featuredmedia":[{"embeddable":true,"href":"https:\/\/romanigodi.org\/index.php?rest_route=\/"}],"wp:attachment":[{"href":"https:\/\/romanigodi.org\/index.php?rest_route=%2Fwp%2Fv2%2Fmedia&parent=1600"}],"wp:term":[{"taxonomy":"category","embeddable":true,"href":"https:\/\/romanigodi.org\/index.php?rest_route=%2Fwp%2Fv2%2Fcategories&post=1600"},{"taxonomy":"post_tag","embeddable":true,"href":"https:\/\/romanigodi.org\/index.php?rest_route=%2Fwp%2Fv2%2Ftags&post=1600"}],"curies":[{"name":"wp","href":"https:\/\/api.w.org\/{rel}","templated":true}]}}