{"id":1902,"date":"2023-01-25T07:26:52","date_gmt":"2023-01-25T07:26:52","guid":{"rendered":"https:\/\/romanigodi.org\/?p=1902"},"modified":"2025-11-25T11:11:15","modified_gmt":"2025-11-25T11:11:15","slug":"hilal-kuey-atolyeleri-basliyor","status":"publish","type":"post","link":"https:\/\/romanigodi.org\/?p=1902","title":{"rendered":"Hilal K\u00fcey At\u00f6lyeleri Ba\u015fl\u0131yor!"},"content":{"rendered":"<p><strong>\u0130nsan haklar\u0131 konulu ba\u015fl\u0131klarda Roman sivil toplum m\u00fccadelesinde yer alan akt\u00f6rleri g\u00fc\u00e7lendirmeyi ama\u00e7layan Hilal K\u00fcey at\u00f6lyeleri ba\u015fl\u0131yor!<\/strong><\/p>\n<p>Bug\u00fcn aram\u0131zda olmayan \u0130nsan Haklar\u0131 savunucusu ve Romanlar i\u00e7in \u00f6nemli davalar\u0131n avukatl\u0131\u011f\u0131n\u0131 \u00fcstlenen Hilal K\u00fcey&#8217;in ismini ta\u015f\u0131yan at\u00f6lyelerin; Roman aktivistler ve &#8220;Romanlar\u0131n \u0130nsan Haklar\u0131&#8221; alan\u0131nda \u00e7al\u0131\u015fma y\u00fcr\u00fctmek isteyen ki\u015filerin g\u00fc\u00e7lendirilmesini ama\u00e7layan at\u00f6lyelerin her birinde farkl\u0131 \u0130nsan Haklar\u0131 konu ba\u015fl\u0131\u011f\u0131 ele al\u0131nmak istenmektedir. T\u00fcm at\u00f6lyeler online olarak ve k\u0131s\u0131tl\u0131 say\u0131da kat\u0131l\u0131mc\u0131 ile ger\u00e7ekle\u015ftirilecektir.<\/p>\n<p>1-2 \u015fubat \u00c7ar\u015famba ve Per\u015fembe g\u00fcnleri 20.00&#8217;da yap\u0131lacak ilk at\u00f6lyede Evun Sevgi OKUMU\u015e ile &#8220;Toplumsal Cinsiyet&#8221;,<br \/>\n20 \u015eubat Pazartesi g\u00fcn\u00fc 20.00&#8217;da Sergen G\u00fcl ile &#8220;\u00c7evresel Adalet&#8221;,<br \/>\n13 Mart Pazartesi g\u00fcn\u00fc saat 20.00&#8217;de Prof. Dr. \u0130\u015ftar G\u00f6zayd\u0131n ile &#8220;Din-Siyaset-Sivil Toplum&#8221;,<br \/>\n20-21 Mart Pazartesi-Sal\u0131 g\u00fcnleri saat 20.00&#8217;da Do\u00e7. Dr. T. G\u00fcl K\u00f6ksal ile &#8220;Kent Hakk\u0131 ve Kentsel D\u00f6n\u00fc\u015f\u00fcm&#8221;<br \/>\ng\u00fcndemiyle bulu\u015faca\u011f\u0131z.<\/p>\n<p>Kay\u0131t formu i\u00e7in <a href=\"https:\/\/docs.google.com\/forms\/d\/1xvL_b4znn9N7cXtY-S0i_uBKs9M19eXTsDDv9td2C-E\/edit?pli=1&amp;pli=1\">t\u0131klay\u0131n\u0131z<\/a>.<\/p>\n","protected":false},"excerpt":{"rendered":"<p>\u0130nsan haklar\u0131 konulu ba\u015fl\u0131klarda Roman sivil toplum m\u00fccadelesinde yer alan akt\u00f6rleri g\u00fc\u00e7lendirmeyi ama\u00e7layan Hilal K\u00fcey at\u00f6lyeleri ba\u015fl\u0131yor! Bug\u00fcn aram\u0131zda olmayan \u0130nsan Haklar\u0131 savunucusu ve Romanlar i\u00e7in \u00f6nemli davalar\u0131n avukatl\u0131\u011f\u0131n\u0131 \u00fcstlenen Hilal K\u00fcey&#8217;in ismini ta\u015f\u0131yan at\u00f6lyelerin; Roman aktivistler ve &#8220;Romanlar\u0131n \u0130nsan Haklar\u0131&#8221; alan\u0131nda \u00e7al\u0131\u015fma y\u00fcr\u00fctmek isteyen ki\u015filerin g\u00fc\u00e7lendirilmesini ama\u00e7layan at\u00f6lyelerin her birinde farkl\u0131 \u0130nsan Haklar\u0131 konu [&hellip;]<\/p>\n","protected":false},"author":1,"featured_media":1903,"comment_status":"open","ping_status":"open","sticky":false,"template":"","format":"standard","meta":{"footnotes":""},"categories":[12],"tags":[],"class_list":["post-1902","post","type-post","status-publish","format-standard","has-post-thumbnail","hentry","category-duyurular-2"],"_links":{"self":[{"href":"https:\/\/romanigodi.org\/index.php?rest_route=\/wp\/v2\/posts\/1902","targetHints":{"allow":["GET"]}}],"collection":[{"href":"https:\/\/romanigodi.org\/index.php?rest_route=\/wp\/v2\/posts"}],"about":[{"href":"https:\/\/romanigodi.org\/index.php?rest_route=\/wp\/v2\/types\/post"}],"author":[{"embeddable":true,"href":"https:\/\/romanigodi.org\/index.php?rest_route=\/wp\/v2\/users\/1"}],"replies":[{"embeddable":true,"href":"https:\/\/romanigodi.org\/index.php?rest_route=%2Fwp%2Fv2%2Fcomments&post=1902"}],"version-history":[{"count":1,"href":"https:\/\/romanigodi.org\/index.php?rest_route=\/wp\/v2\/posts\/1902\/revisions"}],"predecessor-version":[{"id":3539,"href":"https:\/\/romanigodi.org\/index.php?rest_route=\/wp\/v2\/posts\/1902\/revisions\/3539"}],"wp:featuredmedia":[{"embeddable":true,"href":"https:\/\/romanigodi.org\/index.php?rest_route=\/"}],"wp:attachment":[{"href":"https:\/\/romanigodi.org\/index.php?rest_route=%2Fwp%2Fv2%2Fmedia&parent=1902"}],"wp:term":[{"taxonomy":"category","embeddable":true,"href":"https:\/\/romanigodi.org\/index.php?rest_route=%2Fwp%2Fv2%2Fcategories&post=1902"},{"taxonomy":"post_tag","embeddable":true,"href":"https:\/\/romanigodi.org\/index.php?rest_route=%2Fwp%2Fv2%2Ftags&post=1902"}],"curies":[{"name":"wp","href":"https:\/\/api.w.org\/{rel}","templated":true}]}}