{"id":1979,"date":"2023-03-02T09:35:59","date_gmt":"2023-03-02T09:35:59","guid":{"rendered":"https:\/\/romanigodi.org\/?p=1979"},"modified":"2023-03-02T09:35:59","modified_gmt":"2023-03-02T09:35:59","slug":"romani-godi-hilal-kuey-insan-haklari-atolyeleri-devam-ediyor","status":"publish","type":"post","link":"https:\/\/romanigodi.org\/?p=1979","title":{"rendered":"Romani Godi, Hilal K\u00fcey \u0130nsan Haklar\u0131 At\u00f6lyeleri Devam Ediyor!"},"content":{"rendered":"<h2>\u0130nsan Haklar\u0131 Konulu Ba\u015fl\u0131klarda Roman Sivil Toplum M\u00fccadelesinde Yer Alan Akt\u00f6rleri G\u00fc\u00e7lendirmeyi Ama\u00e7layan Hilal K\u00fcey At\u00f6lyeleri Devam Ediyor!<\/h2>\n<div>Bug\u00fcn aram\u0131zda olmayan \u00a0\u0130nsan Haklar\u0131 savunucusu ve Romanlar i\u00e7in \u00f6nemli davalar\u0131n avukatl\u0131\u011f\u0131n\u0131 \u00fcstlenen Hilal K\u00fcey&#8217;in ismini ta\u015f\u0131yan at\u00f6lyelerin; \u00a0Roman aktivistler,\u00a0 Roman sivil toplum m\u00fccadelesinde yer alan ve\u00a0\u00a0\u00e7al\u0131\u015fma y\u00fcr\u00fctmek isteyen bireylerin g\u00fc\u00e7lendirilmesini ama\u00e7layan at\u00f6lyelerin her birinde farkl\u0131 \u0130nsan Haklar\u0131 konu ba\u015fl\u0131klar\u0131 i\u015flenmesi hedeflenmektedir. T\u00fcm at\u00f6lyeler online ve k\u0131s\u0131tl\u0131 say\u0131da kat\u0131l\u0131mc\u0131 ile ger\u00e7ekle\u015ftirilecektir.<\/div>\n<div><\/div>\n<div><b>13 Mart Pazartesi g\u00fcn\u00fc saat 20.00 &#8211; 21.30 aras\u0131nda Prof. Dr. \u0130\u015ftar G\u00d6Z\u00dcAYDIN ile Din-Siyaset-Sivil Toplum <\/b>at\u00f6lyesine kay\u0131t formu i\u00e7in<a href=\"https:\/\/tr.ee\/xSuhgji7pq\"> t\u0131klay\u0131n\u0131z.<\/a><br \/>\n<b><br \/>\n<\/b><\/div>\n<div>\n<p>&nbsp;<\/p>\n<\/div>\n","protected":false},"excerpt":{"rendered":"<p>\u0130nsan Haklar\u0131 Konulu Ba\u015fl\u0131klarda Roman Sivil Toplum M\u00fccadelesinde Yer Alan Akt\u00f6rleri G\u00fc\u00e7lendirmeyi Ama\u00e7layan Hilal K\u00fcey At\u00f6lyeleri Devam Ediyor! Bug\u00fcn aram\u0131zda olmayan \u00a0\u0130nsan Haklar\u0131 savunucusu ve Romanlar i\u00e7in \u00f6nemli davalar\u0131n avukatl\u0131\u011f\u0131n\u0131 \u00fcstlenen Hilal K\u00fcey&#8217;in ismini ta\u015f\u0131yan at\u00f6lyelerin; \u00a0Roman aktivistler,\u00a0 Roman sivil toplum m\u00fccadelesinde yer alan ve\u00a0\u00a0\u00e7al\u0131\u015fma y\u00fcr\u00fctmek isteyen bireylerin g\u00fc\u00e7lendirilmesini ama\u00e7layan at\u00f6lyelerin her birinde farkl\u0131 \u0130nsan [&hellip;]<\/p>\n","protected":false},"author":1,"featured_media":1980,"comment_status":"open","ping_status":"open","sticky":false,"template":"","format":"standard","meta":{"footnotes":""},"categories":[15],"tags":[],"class_list":["post-1979","post","type-post","status-publish","format-standard","has-post-thumbnail","hentry","category-genel"],"_links":{"self":[{"href":"https:\/\/romanigodi.org\/index.php?rest_route=\/wp\/v2\/posts\/1979","targetHints":{"allow":["GET"]}}],"collection":[{"href":"https:\/\/romanigodi.org\/index.php?rest_route=\/wp\/v2\/posts"}],"about":[{"href":"https:\/\/romanigodi.org\/index.php?rest_route=\/wp\/v2\/types\/post"}],"author":[{"embeddable":true,"href":"https:\/\/romanigodi.org\/index.php?rest_route=\/wp\/v2\/users\/1"}],"replies":[{"embeddable":true,"href":"https:\/\/romanigodi.org\/index.php?rest_route=%2Fwp%2Fv2%2Fcomments&post=1979"}],"version-history":[{"count":0,"href":"https:\/\/romanigodi.org\/index.php?rest_route=\/wp\/v2\/posts\/1979\/revisions"}],"wp:featuredmedia":[{"embeddable":true,"href":"https:\/\/romanigodi.org\/index.php?rest_route=\/"}],"wp:attachment":[{"href":"https:\/\/romanigodi.org\/index.php?rest_route=%2Fwp%2Fv2%2Fmedia&parent=1979"}],"wp:term":[{"taxonomy":"category","embeddable":true,"href":"https:\/\/romanigodi.org\/index.php?rest_route=%2Fwp%2Fv2%2Fcategories&post=1979"},{"taxonomy":"post_tag","embeddable":true,"href":"https:\/\/romanigodi.org\/index.php?rest_route=%2Fwp%2Fv2%2Ftags&post=1979"}],"curies":[{"name":"wp","href":"https:\/\/api.w.org\/{rel}","templated":true}]}}