{"id":2000,"date":"2023-03-15T10:45:10","date_gmt":"2023-03-15T10:45:10","guid":{"rendered":"https:\/\/romanigodi.org\/?p=2000"},"modified":"2023-03-15T10:45:10","modified_gmt":"2023-03-15T10:45:10","slug":"tadnetin-gerceklestirdigi-calistayda-tehlike-altindaki-dilleri-yasatma-gundemiyle-bulusuldu","status":"publish","type":"post","link":"https:\/\/romanigodi.org\/?p=2000","title":{"rendered":"Tadnet&#8217;in Ger\u00e7ekle\u015ftirdi\u011fi \u00c7al\u0131\u015ftayda Tehlike Alt\u0131ndaki Dilleri Ya\u015fatma G\u00fcndemiyle Bulu\u015fuldu"},"content":{"rendered":"<h2 style=\"text-align: center;\">Tehlike Alt\u0131ndaki Diller A\u011f\u0131 \u0130\u015fbirli\u011fi ile 1. \u00c7al\u0131\u015ftay Tamamland\u0131<\/h2>\n<p><img fetchpriority=\"high\" decoding=\"async\" class=\" wp-image-2002 aligncenter\" src=\"https:\/\/romanigodi.org\/wp-content\/uploads\/2023\/03\/WhatsApp-Image-2023-03-12-at-12.43.40.jpeg\" alt=\"\" width=\"445\" height=\"334\" \/><\/p>\n<p style=\"text-align: center;\">(Tehlike Alt\u0131ndaki Diller A\u011f\u0131, bile\u015fenleri ile dillerin gelece\u011fi hakk\u0131nda fikirlerini belirtiyor)<\/p>\n<p style=\"text-align: left;\">UNESCO \u2013 Tehlike Alt\u0131ndaki D\u00fcnya Diller listesinde yer alan:<\/p>\n<ul style=\"text-align: left;\">\n<li>Romanes<\/li>\n<li>\u00c7erkes\u00e7e<\/li>\n<li>G\u00fcrd\u00fcce<\/li>\n<li>Hem\u015fince<\/li>\n<li>Lazca<\/li>\n<li>Pomak\u00e7a<\/li>\n<li>Rumca<\/li>\n<li>S\u00fcryanice<\/li>\n<li>Zazaca<\/li>\n<\/ul>\n<p style=\"text-align: left;\">dillerinin g\u00f6r\u00fcn\u00fcrl\u00fc\u011f\u00fcn\u00fc, hak aray\u0131\u015flar\u0131n\u0131 ve ya\u015fam alanlar\u0131n\u0131n geni\u015fletilebilmesi i\u00e7in kurulan Tehlike Alt\u0131ndaki Diller A\u011f\u0131, ger\u00e7ekle\u015ftirilmesi hedeflenen faaliyetlerle bu dillerin yayg\u0131nla\u015ft\u0131r\u0131lmas\u0131n\u0131 ama\u00e7lanmaktad\u0131r.<\/p>\n<p style=\"text-align: center;\"><img decoding=\"async\" class=\" wp-image-2001 aligncenter\" src=\"https:\/\/romanigodi.org\/wp-content\/uploads\/2023\/03\/WhatsApp-Image-2023-03-12-at-12.43.39.jpeg\" alt=\"\" width=\"445\" height=\"334\" \/><\/p>\n<p style=\"text-align: center;\">(Misyon, vizyon, ilkelere y\u00f6nelik dil grubu temsilcileriyle \u00e7al\u0131\u015ftay salonunda g\u00f6r\u00fc\u015fmeler yap\u0131l\u0131yor)<\/p>\n<p style=\"text-align: left;\">Tehlike alt\u0131ndaki dillerin gelece\u011fine y\u00f6nelik Romani Godi, Lazuri Enstit\u00fcs\u00fc, ZazaDer, Hadig Derne\u011fi, G\u00fcrc\u00fc K\u00fclt\u00fcr Evi, S\u00fcryaniler.com ve Pomak Dili temsilcileriyle\u00a0 dil ve k\u00fclt\u00fcr haklar\u0131, dillerinin varl\u0131klar\u0131n\u0131 s\u00fcrd\u00fcrmelerine dair\u00a0 ortak paydada bulu\u015fulmak \u00fczere 1. \u00c7al\u0131\u015ftay ger\u00e7ekle\u015ftirildi.<\/p>\n<p style=\"text-align: center;\"><img decoding=\"async\" class=\" wp-image-2003 aligncenter\" src=\"https:\/\/romanigodi.org\/wp-content\/uploads\/2023\/03\/WhatsApp-Image-2023-03-12-at-12.24.41.jpeg\" alt=\"\" width=\"353\" height=\"470\" \/><\/p>\n<p style=\"text-align: center;\">(Dr. \u00d6\u011fretim \u00dcyesi Metin Ba\u011fr\u0131a\u00e7\u0131k ile &#8220;Tehlike Alt\u0131nda Bir Dili Korumak&#8221; adl\u0131 sunumu yap\u0131yor)<\/p>\n<p style=\"text-align: left;\">Dr. \u00d6\u011fretim \u00dcyesi Metin Ba\u011fr\u0131a\u00e7\u0131k ile &#8220;Tehlike Alt\u0131nda Bir Dili Korumak&#8221; konu ba\u015fl\u0131kl\u0131 sunumuyla dillerin kar\u015f\u0131la\u015fabilece\u011fi olas\u0131 problemler ve \u00e7\u00f6z\u00fcmlere dair de\u011ferlendirmeler yap\u0131ld\u0131. Ger\u00e7ekle\u015ftirilen \u00c7al\u0131\u015ftay\u0131n 2 g\u00fcn\u00fcnde de Tehlike Alt\u0131ndaki Dillerin korunmas\u0131 ve yayg\u0131nla\u015ft\u0131r\u0131lmas\u0131na dair yap\u0131lan veya yap\u0131labilecek literat\u00fcr \u00e7al\u0131\u015fmalar\u0131, dil haklar\u0131\u00a0 ve dillerin ku\u015faklararas\u0131 aktar\u0131m\u0131na y\u00f6nelik \u00f6nemli kararlar al\u0131nd\u0131.<\/p>\n","protected":false},"excerpt":{"rendered":"<p>Tehlike Alt\u0131ndaki Diller A\u011f\u0131 \u0130\u015fbirli\u011fi ile 1. \u00c7al\u0131\u015ftay Tamamland\u0131 (Tehlike Alt\u0131ndaki Diller A\u011f\u0131, bile\u015fenleri ile dillerin gelece\u011fi hakk\u0131nda fikirlerini belirtiyor) UNESCO \u2013 Tehlike Alt\u0131ndaki D\u00fcnya Diller listesinde yer alan: Romanes \u00c7erkes\u00e7e G\u00fcrd\u00fcce Hem\u015fince Lazca Pomak\u00e7a Rumca S\u00fcryanice Zazaca dillerinin g\u00f6r\u00fcn\u00fcrl\u00fc\u011f\u00fcn\u00fc, hak aray\u0131\u015flar\u0131n\u0131 ve ya\u015fam alanlar\u0131n\u0131n geni\u015fletilebilmesi i\u00e7in kurulan Tehlike Alt\u0131ndaki Diller A\u011f\u0131, ger\u00e7ekle\u015ftirilmesi hedeflenen faaliyetlerle [&hellip;]<\/p>\n","protected":false},"author":1,"featured_media":2004,"comment_status":"open","ping_status":"open","sticky":false,"template":"","format":"standard","meta":{"footnotes":""},"categories":[15,33],"tags":[],"class_list":["post-2000","post","type-post","status-publish","format-standard","has-post-thumbnail","hentry","category-genel","category-tamamlanan-calismalar"],"_links":{"self":[{"href":"https:\/\/romanigodi.org\/index.php?rest_route=\/wp\/v2\/posts\/2000","targetHints":{"allow":["GET"]}}],"collection":[{"href":"https:\/\/romanigodi.org\/index.php?rest_route=\/wp\/v2\/posts"}],"about":[{"href":"https:\/\/romanigodi.org\/index.php?rest_route=\/wp\/v2\/types\/post"}],"author":[{"embeddable":true,"href":"https:\/\/romanigodi.org\/index.php?rest_route=\/wp\/v2\/users\/1"}],"replies":[{"embeddable":true,"href":"https:\/\/romanigodi.org\/index.php?rest_route=%2Fwp%2Fv2%2Fcomments&post=2000"}],"version-history":[{"count":0,"href":"https:\/\/romanigodi.org\/index.php?rest_route=\/wp\/v2\/posts\/2000\/revisions"}],"wp:featuredmedia":[{"embeddable":true,"href":"https:\/\/romanigodi.org\/index.php?rest_route=\/"}],"wp:attachment":[{"href":"https:\/\/romanigodi.org\/index.php?rest_route=%2Fwp%2Fv2%2Fmedia&parent=2000"}],"wp:term":[{"taxonomy":"category","embeddable":true,"href":"https:\/\/romanigodi.org\/index.php?rest_route=%2Fwp%2Fv2%2Fcategories&post=2000"},{"taxonomy":"post_tag","embeddable":true,"href":"https:\/\/romanigodi.org\/index.php?rest_route=%2Fwp%2Fv2%2Ftags&post=2000"}],"curies":[{"name":"wp","href":"https:\/\/api.w.org\/{rel}","templated":true}]}}