{"id":2011,"date":"2023-03-16T09:36:48","date_gmt":"2023-03-16T09:36:48","guid":{"rendered":"https:\/\/romanigodi.org\/?p=2011"},"modified":"2023-03-16T09:36:48","modified_gmt":"2023-03-16T09:36:48","slug":"esma-redzepova-akademi-katilimcilarini-ariyor","status":"publish","type":"post","link":"https:\/\/romanigodi.org\/?p=2011","title":{"rendered":"Esma Redzepova Akademi Kat\u0131l\u0131mc\u0131lar\u0131n\u0131 Ar\u0131yor!"},"content":{"rendered":"<h1><strong>Romani Godi &#8211; Esma Redzepova Akademisi<\/strong><\/h1>\n<p>&nbsp;<\/p>\n<p><u>Y\u00fcr\u00fct\u00fcc\u00fc kurulu\u015f: <\/u>Roman Haf\u0131za \u00c7al\u0131\u015fmalar\u0131 Derne\u011fi (Romani Godi)<\/p>\n<p>Romani Godi, Romanlar\u0131n ya\u015fad\u0131\u011f\u0131 hak ihlallerine, e\u015fit haklara eri\u015fimlerinin engellenmesine, Roman dili ve k\u00fclt\u00fcr\u00fcn\u00fcn yok olma tehlikesine kar\u015f\u0131 \u00e7al\u0131\u015fmalar yapmak \u00fczere Roman gen\u00e7lerin \u00f6nc\u00fcl\u00fc\u011f\u00fcnde kurulan bir dernektir.<\/p>\n<p>&nbsp;<\/p>\n<p><u>\u00c7al\u0131\u015fman\u0131n ba\u015fl\u0131\u011f\u0131 ve amac\u0131:<\/u><\/p>\n<p>Roman\u00a0Godi &#8211; Esma Redzepova Akademisi\u2019nin uzun vadeli hedefi Roman gen\u00e7leri bilgi ve beceri y\u00f6n\u00fcnden destekleyip kapasitelerini art\u0131rarak Roman sivil toplum hareketine liderlik etmeleri i\u00e7in te\u015fvik etmektir.<\/p>\n<p>Bu \u00e7al\u0131\u015fma \u0130sve\u00e7 Ba\u015fkonsoloslu\u011fu taraf\u0131ndan desteklenmektedir.<\/p>\n<p>&nbsp;<\/p>\n<p><u>Programa kimler kat\u0131labilir?<\/u><\/p>\n<p>Bu at\u00f6lye program\u0131, Romanlar\u0131n insan haklar\u0131 alan\u0131nda \u00e7al\u0131\u015fmak isteyen;\u00a0en az lise mezunu, 20-35 ya\u015f aral\u0131\u011f\u0131nda, bilgisayar kullanmay\u0131 bilen, yeni bilgileri kolayca \u00f6\u011frenip sivil toplum faaliyetlerinde kullanabilecek gen\u00e7 liderler ve Roman aktivistlerin kat\u0131l\u0131m\u0131 i\u00e7in haz\u0131rlanm\u0131\u015ft\u0131r. Kat\u0131l\u0131m g\u00f6n\u00fcll\u00fcl\u00fck esas\u0131na dayanmaktad\u0131r ve kat\u0131l\u0131mc\u0131lardan program\u0131n tamam\u0131na kat\u0131lmas\u0131 beklenmektedir.<\/p>\n<p>&nbsp;<\/p>\n<p><u>Program nas\u0131l organize ediliyor?<\/u><\/p>\n<p>Kat\u0131l\u0131mc\u0131lar, internet ba\u011flant\u0131s\u0131na sahip olmak ko\u015fuluyla T\u00fcrkiye\u2019nin herhangi bir yerinden programa dahil olabilirler.<\/p>\n<p>Kapasite geli\u015ftirme e\u011fitimlerimiz online olarak d\u00fczenlenecektir.<\/p>\n<p>Savunuculuk \u00e7al\u0131\u015fmalar\u0131 kapsam\u0131nda planlanan toplant\u0131lar \u0130stanbul ve Ankara\u2019da y\u00fcz y\u00fcze yap\u0131lacakt\u0131r.<\/p>\n<p><u>\u00a0<\/u><\/p>\n<p><u>Kat\u0131l\u0131m i\u00e7in \u00fccret \u00f6demek gerekiyor mu?<\/u><\/p>\n<p>Kat\u0131l\u0131mc\u0131lar\u0131n bu programdan yararlanmak i\u00e7in herhangi bir \u00fccret \u00f6demesi gerekmemektedir. Ayr\u0131ca kat\u0131l\u0131mc\u0131lara programa kat\u0131ld\u0131klar\u0131 i\u00e7in \u00f6deme yap\u0131lmayacakt\u0131r. Bununla birlikte Romani Godi ekibiyle \u00f6nceden kararla\u015ft\u0131r\u0131lan baz\u0131 durumlarda toplant\u0131, seyahat, konaklama ve yemek gibi ilgili baz\u0131 masraflar kar\u015f\u0131lanabilir.<\/p>\n<p><u>\u00a0<\/u><\/p>\n<p><u>Kat\u0131l\u0131mc\u0131lardan beklenenler<\/u><\/p>\n<ul>\n<li>Programda yer alan e\u011fitimlerinin ve at\u00f6lyelerin t\u00fcm\u00fcne etkin \u015fekilde kat\u0131lmak,<\/li>\n<li>T\u00fcrkiye&#8217;de Romanlar\u0131n insan haklar\u0131 meselelerini takip etmek, g\u00fcndemine almak ve Romanlar\u0131n insan haklar\u0131na eri\u015fimiyle ilgili sivil toplum faaliyetlerine destek vermek,<\/li>\n<li>Roman sivil toplum \u00f6rg\u00fctlerinin ger\u00e7ekle\u015ftirdi\u011fi faaliyetlerde g\u00f6n\u00fcll\u00fc olarak aktif bi\u00e7imde yer almak<\/li>\n<\/ul>\n<p><u>\u00a0<\/u><\/p>\n<p><u>Program\u0131n s\u00fcresi<\/u><\/p>\n<p>Nisan ay\u0131nda ba\u015flamas\u0131 planlanan program\u0131n toplam s\u00fcresi 12 haftad\u0131r. E\u011fitimler haftada bir g\u00fcn yakla\u015f\u0131k 4 saat olarak uygulanacakt\u0131r.<\/p>\n<p><u>\u00a0<\/u><\/p>\n<p><u>Romani Godi &#8211; Esma Redzepova Akademisi i\u00e7eri\u011fi<\/u><\/p>\n<ul>\n<li>Romani tarihi, dili ve k\u00fclt\u00fcr\u00fc,<\/li>\n<li>Savunuculuk, kampanya olu\u015fturma ve aktivizm,<\/li>\n<li>G\u00f6n\u00fcll\u00fcl\u00fck,<\/li>\n<li>Liderlik (Karma\u015f\u0131k olan bilgi ve g\u00fcc\u00fc bir araya getirerek ortak bir hedefe ula\u015f\u0131lmas\u0131n\u0131 sa\u011flama, \u00f6nderlik etme)<\/li>\n<li>Toplumsal cinsiyet e\u015fitli\u011fi,<\/li>\n<li>Romanlar\u0131n kendine \u00f6zg\u00fc ihtiya\u00e7lar\u0131<\/li>\n<li>Roman mahallelerinde hak temelli \u00e7al\u0131\u015fma ve Roman haklar\u0131 \u00f6zelinde izleme-raporlama<\/li>\n<li>Roman kar\u015f\u0131t\u0131 nefret s\u00f6ylemiyle m\u00fccadele ve do\u011fru s\u00f6ylem geli\u015ftirme,<\/li>\n<li>Demokratik organizasyon,<\/li>\n<li>Demokratik ve kat\u0131l\u0131mc\u0131 sivil toplum \u00e7al\u0131\u015fmalar\u0131 i\u00e7in neler gereklidir?<\/li>\n<li>Proje y\u00f6netimi, Finansal okuryazarl\u0131k, Dijital okuryazarl\u0131k<\/li>\n<li>D\u00fcnyada, Avrupa&#8217;da ve T\u00fcrkiye&#8217;de \u00f6rnek Roman sivil toplum \u00e7al\u0131\u015fmalar\u0131<\/li>\n<\/ul>\n<p>&nbsp;<\/p>\n<p>Ayr\u0131ca:<\/p>\n<ul>\n<li>Romani Godi \u00e7al\u0131\u015fanlar\u0131ndan mentorluk deste\u011fi,<\/li>\n<li>Romani Godi\u2019nin \u00e7al\u0131\u015fmalar\u0131nda yer alabilme,<\/li>\n<li>Romani Godi a\u011f\u0131 ile ileti\u015fim kurabilme.<\/li>\n<\/ul>\n<p><u>\u00a0<\/u><\/p>\n<p><u>Romani Godi i\u00e7in g\u00f6n\u00fcll\u00fcl\u00fc\u011f\u00fcn faydalar\u0131:<\/u><\/p>\n<ul>\n<li>Romani Godi\u2019nin bir par\u00e7as\u0131 olmak,<\/li>\n<li>Roman sivil toplum \u00f6rg\u00fctlerinin ihtiyac\u0131 olan e\u011fitime eri\u015fim,<\/li>\n<li>Romanlar\u0131n evrensel hak ve adalet aray\u0131\u015f\u0131 alan\u0131nda edinece\u011finiz bilgi ve tecr\u00fcbelerle \u00f6zge\u00e7mi\u015finize ekleyebilece\u011finiz e\u011fitimler,<\/li>\n<li>Roman insan haklar\u0131 alan\u0131nda yeni fikirlere ve d\u00fc\u015f\u00fcncelere a\u00e7\u0131k bir toplulu\u011fa d\u00e2hil olmak,<\/li>\n<li>Romani Godi vedi\u011fer Roman veya insan haklar\u0131 \u00f6rg\u00fctleri taraf\u0131ndan d\u00fczenlenen etkinliklere\u00a0kat\u0131l\u0131m f\u0131rsat\u0131 ve ortak deneyimlerin payla\u015f\u0131m\u0131<\/li>\n<\/ul>\n<p>&nbsp;<\/p>\n<p><strong>Ba\u015fvuru i\u00e7in a\u015fa\u011f\u0131da linke t\u0131klay\u0131n\u0131z. <\/strong><\/p>\n<p><a href=\"https:\/\/docs.google.com\/forms\/d\/e\/1FAIpQLSfGTMlbqtehsZUiM0TKSPCQ8HF28CCa0cERGwNRV1x_Qinqyg\/viewform?usp=share_link\"><strong><u>https:\/\/docs.google.com\/forms\/d\/e\/1FAIpQLSfGTMlbqtehsZUiM0TKSPCQ8HF28CCa0cERGwNRV1x_Qinqyg\/viewform?usp=share_link<\/u><\/strong><\/a><\/p>\n<p><strong>\u00a0<\/strong><\/p>\n<p><strong>SON BA\u015eVURU TAR\u0130H\u0130: 26 Mart 2023 Pazar saat 23:59\u2019dur<\/strong><\/p>\n<p><strong>Ba\u015fvuru sahiplerine 30 Mart 2023 Per\u015fembe g\u00fcn\u00fc kat\u0131l\u0131mlar\u0131yla ilgili yan\u0131t verilecektir.<\/strong><\/p>\n<p>&nbsp;<\/p>\n<p><strong><u>Gerekli durumlarda program sorumlular\u0131m\u0131z ile ileti\u015fime ge\u00e7ebilirsiniz: <\/u><\/strong><\/p>\n<p>&nbsp;<\/p>\n<p><strong>SERKAN BAYSAK <\/strong><\/p>\n<p>info@romanigodi.org<\/p>\n<p>05069548819<\/p>\n<p><strong>\u00a0<\/strong><\/p>\n<p><strong>PINAR \u0130PEK<\/strong><\/p>\n<p>ipekpnar@gmail.com<\/p>\n<p>05542390082<\/p>\n<p><strong><b>\u00a0<\/b><\/strong><\/p>\n<p><strong><b>\u015eEV\u0130N TA\u015e G\u00dcL<\/b><\/strong><\/p>\n<p>sevin.tas0404@gmail.com<\/p>\n<p>05384039013<\/p>\n<p>&nbsp;<\/p>\n<p><img decoding=\"async\" class=\"wp-image-2017 alignleft\" src=\"https:\/\/romanigodi.org\/wp-content\/uploads\/2023\/03\/rrrrrr-1.jpg\" alt=\"\" width=\"322\" height=\"93\" \/>\u00a0 \u00a0 \u00a0 \u00a0 \u00a0 \u00a0 \u00a0 \u00a0 \u00a0 \u00a0 \u00a0 \u00a0 \u00a0 \u00a0 \u00a0 \u00a0 \u00a0 \u00a0 \u00a0 \u00a0 \u00a0 \u00a0 \u00a0 \u00a0 \u00a0 \u00a0 \u00a0 \u00a0 \u00a0 \u00a0 \u00a0 \u00a0 \u00a0 \u00a0 \u00a0 \u00a0 <img decoding=\"async\" class=\"wp-image-2018 alignnone\" src=\"https:\/\/romanigodi.org\/wp-content\/uploads\/2023\/03\/logo-alt.png\" alt=\"\" width=\"169\" height=\"109\" \/><\/p>\n","protected":false},"excerpt":{"rendered":"<p>Romani Godi &#8211; Esma Redzepova Akademisi &nbsp; Y\u00fcr\u00fct\u00fcc\u00fc kurulu\u015f: Roman Haf\u0131za \u00c7al\u0131\u015fmalar\u0131 Derne\u011fi (Romani Godi) Romani Godi, Romanlar\u0131n ya\u015fad\u0131\u011f\u0131 hak ihlallerine, e\u015fit haklara eri\u015fimlerinin engellenmesine, Roman dili ve k\u00fclt\u00fcr\u00fcn\u00fcn yok olma tehlikesine kar\u015f\u0131 \u00e7al\u0131\u015fmalar yapmak \u00fczere Roman gen\u00e7lerin \u00f6nc\u00fcl\u00fc\u011f\u00fcnde kurulan bir dernektir. &nbsp; \u00c7al\u0131\u015fman\u0131n ba\u015fl\u0131\u011f\u0131 ve amac\u0131: Roman\u00a0Godi &#8211; Esma Redzepova Akademisi\u2019nin uzun vadeli hedefi [&hellip;]<\/p>\n","protected":false},"author":1,"featured_media":2015,"comment_status":"open","ping_status":"open","sticky":false,"template":"","format":"standard","meta":{"footnotes":""},"categories":[8,15],"tags":[],"class_list":["post-2011","post","type-post","status-publish","format-standard","has-post-thumbnail","hentry","category-calismalar","category-genel"],"_links":{"self":[{"href":"https:\/\/romanigodi.org\/index.php?rest_route=\/wp\/v2\/posts\/2011","targetHints":{"allow":["GET"]}}],"collection":[{"href":"https:\/\/romanigodi.org\/index.php?rest_route=\/wp\/v2\/posts"}],"about":[{"href":"https:\/\/romanigodi.org\/index.php?rest_route=\/wp\/v2\/types\/post"}],"author":[{"embeddable":true,"href":"https:\/\/romanigodi.org\/index.php?rest_route=\/wp\/v2\/users\/1"}],"replies":[{"embeddable":true,"href":"https:\/\/romanigodi.org\/index.php?rest_route=%2Fwp%2Fv2%2Fcomments&post=2011"}],"version-history":[{"count":0,"href":"https:\/\/romanigodi.org\/index.php?rest_route=\/wp\/v2\/posts\/2011\/revisions"}],"wp:featuredmedia":[{"embeddable":true,"href":"https:\/\/romanigodi.org\/index.php?rest_route=\/"}],"wp:attachment":[{"href":"https:\/\/romanigodi.org\/index.php?rest_route=%2Fwp%2Fv2%2Fmedia&parent=2011"}],"wp:term":[{"taxonomy":"category","embeddable":true,"href":"https:\/\/romanigodi.org\/index.php?rest_route=%2Fwp%2Fv2%2Fcategories&post=2011"},{"taxonomy":"post_tag","embeddable":true,"href":"https:\/\/romanigodi.org\/index.php?rest_route=%2Fwp%2Fv2%2Ftags&post=2011"}],"curies":[{"name":"wp","href":"https:\/\/api.w.org\/{rel}","templated":true}]}}