{"id":2102,"date":"2023-08-10T13:33:16","date_gmt":"2023-08-10T13:33:16","guid":{"rendered":"https:\/\/romanigodi.org\/?p=2102"},"modified":"2025-11-25T11:13:31","modified_gmt":"2025-11-25T11:13:31","slug":"2-agustos-roman-soykirimiporajmosnedir","status":"publish","type":"post","link":"https:\/\/romanigodi.org\/?p=2102","title":{"rendered":"2 A\u011fustos Roman Soyk\u0131r\u0131m\u0131(Porajmos)Nedir?"},"content":{"rendered":"<div>Alen Amala!<\/div>\n<div><\/div>\n<div>Nazilerin rejimi taraf\u0131ndan varl\u0131kl\u0131klar\u0131 yok edilmeye \u00e7al\u0131\u015f\u0131lan Romanlar\u0131n ya\u015fad\u0131klar\u0131 1979 y\u0131l\u0131nda kadar inkar edilmeye \u00e7al\u0131\u015f\u0131ld\u0131.<\/div>\n<div>2. D\u00fcnya Sava\u015f\u0131n\u0131n g\u00f6r\u00fcnmeyen kurbanlar\u0131 Romanlar i\u00e7in her y\u0131l 2 A\u011fustos&#8217;ta Porajmos(Roman soyk\u0131r\u0131m\u0131) an\u0131l\u0131yor.<\/div>\n<div><b>2 A\u011fustos 1944 y\u0131l\u0131nda Ne oldu?<\/b><\/div>\n<div>\u00a0 <span lang=\"tr\">Auschwitz-Birkenau toplama kamp\u0131ndaki s\u00f6zde &#8220;\u00c7ingene aile kamp\u0131n\u0131&#8221; tasfiye etmeye ba\u015flam\u0131\u015ft\u0131. Kampta kalan yakla\u015f\u0131k 4 bin 300 Sinti ve <b>Roman<\/b> <\/span>Nazi Milis G\u00fc\u00e7leri(SS) taraf\u0131ndan gaz odalar\u0131nda zehirlenerek katledildi.<\/div>\n<div><b>\u00a0<\/b><\/div>\n<div><b>Dik \u0130 Na Bister!<\/b><\/div>\n<div><b>Bir daha Asla!<\/b><\/div>\n<div>\u0130kinci D\u00fcnya sava\u015f\u0131nda kaybettiklerimizi anmak, anlamak ve anlatmak i\u00e7in\u00a0 \u201c2 A\u011fustos Roman Soyk\u0131r\u0131m\u0131 Nedir?\u201d ba\u015fl\u0131\u011f\u0131yla 13 A\u011fustos 2023 (Pazar) saat 14.00- 15.30 saatleri aras\u0131nda\u00a0 Sergen G\u00fcl\u2019\u00fcn sunumuyla bir ara gelece\u011fimiz \u00e7evrimi\u00e7i programda bulu\u015fuyoruz.<\/div>\n<div>Bizlerle birlikte &#8216;Dik \u0130 Na Bister&#8217; demek isteyen t\u00fcm dostlar\u0131m\u0131z davetlidir.<\/div>\n<p>At\u00f6lyeKay\u0131t Formu:<br \/>\n<a href=\"https:\/\/docs.google.com\/forms\/d\/19mhBWKSD7hKDb9wgM0MzO3ub2gGffwgMEZgdjrRb2i4\/edit\" target=\"_blank\" rel=\"noopener\" data-saferedirecturl=\"https:\/\/www.google.com\/url?q=https:\/\/docs.google.com\/forms\/d\/19mhBWKSD7hKDb9wgM0MzO3ub2gGffwgMEZgdjrRb2i4\/edit&amp;source=gmail&amp;ust=1691758819923000&amp;usg=AOvVaw1KY0LfOw3uzxLfJLTH9run\">https:\/\/docs.google.com\/forms\/<wbr \/>d\/<wbr \/>19mhBWKSD7hKDb9wgM0MzO3ub2gGff<wbr \/>wgMEZgdjrRb2i4\/edit <br clear=\"all\" \/><\/a><\/p>\n","protected":false},"excerpt":{"rendered":"<p>2 A\u011fustos Roman Soyk\u0131r\u0131m\u0131 Nedir?<\/p>\n","protected":false},"author":1,"featured_media":2103,"comment_status":"open","ping_status":"open","sticky":false,"template":"","format":"standard","meta":{"footnotes":""},"categories":[34],"tags":[105,109,113,117,119,120,130],"class_list":["post-2102","post","type-post","status-publish","format-standard","has-post-thumbnail","hentry","category-tarih","tag-opreroma","tag-porajmos","tag-roman","tag-roman-mahallesi","tag-romanigodi","tag-romanlar","tag-soykirim"],"_links":{"self":[{"href":"https:\/\/romanigodi.org\/index.php?rest_route=\/wp\/v2\/posts\/2102","targetHints":{"allow":["GET"]}}],"collection":[{"href":"https:\/\/romanigodi.org\/index.php?rest_route=\/wp\/v2\/posts"}],"about":[{"href":"https:\/\/romanigodi.org\/index.php?rest_route=\/wp\/v2\/types\/post"}],"author":[{"embeddable":true,"href":"https:\/\/romanigodi.org\/index.php?rest_route=\/wp\/v2\/users\/1"}],"replies":[{"embeddable":true,"href":"https:\/\/romanigodi.org\/index.php?rest_route=%2Fwp%2Fv2%2Fcomments&post=2102"}],"version-history":[{"count":1,"href":"https:\/\/romanigodi.org\/index.php?rest_route=\/wp\/v2\/posts\/2102\/revisions"}],"predecessor-version":[{"id":3542,"href":"https:\/\/romanigodi.org\/index.php?rest_route=\/wp\/v2\/posts\/2102\/revisions\/3542"}],"wp:featuredmedia":[{"embeddable":true,"href":"https:\/\/romanigodi.org\/index.php?rest_route=\/"}],"wp:attachment":[{"href":"https:\/\/romanigodi.org\/index.php?rest_route=%2Fwp%2Fv2%2Fmedia&parent=2102"}],"wp:term":[{"taxonomy":"category","embeddable":true,"href":"https:\/\/romanigodi.org\/index.php?rest_route=%2Fwp%2Fv2%2Fcategories&post=2102"},{"taxonomy":"post_tag","embeddable":true,"href":"https:\/\/romanigodi.org\/index.php?rest_route=%2Fwp%2Fv2%2Ftags&post=2102"}],"curies":[{"name":"wp","href":"https:\/\/api.w.org\/{rel}","templated":true}]}}