{"id":2106,"date":"2023-08-11T12:12:30","date_gmt":"2023-08-11T12:12:30","guid":{"rendered":"https:\/\/romanigodi.org\/?p=2106"},"modified":"2025-11-25T11:13:17","modified_gmt":"2025-11-25T11:13:17","slug":"hacibektas-belediye-baskanini-kiniyoruz","status":"publish","type":"post","link":"https:\/\/romanigodi.org\/?p=2106","title":{"rendered":"Hac\u0131bekta\u015f Belediye Ba\u015fkan\u0131n\u0131 K\u0131n\u0131yoruz!"},"content":{"rendered":"<p><strong><span class=\"WdYUQQ text-decoration-none text-strikethrough-none\">ME DE MANUSH SAM!<\/span><\/strong><\/p>\n<p><strong><span class=\"WdYUQQ text-decoration-none text-strikethrough-none\">NEFRET D\u0130L\u0130NE KAR\u015eI ALEN AMALA!<\/span><\/strong><\/p>\n<p><strong>Alevi\/Bekta\u015fi Romanlara ve Abdallara Y\u00f6nelik Ayr\u0131mc\u0131l\u0131k Kabul Edilemez!<\/strong><\/p>\n<p><strong>\u00a0<\/strong><\/p>\n<p><strong>Nev\u015fehir\u2019in Hac\u0131bekta\u015f il\u00e7esi ve il\u00e7ede yer alan Hac\u0131 Bekta\u015f-\u0131 Veli Derg\u00e2h\u0131, Alevi\/Bekta\u015fi Romanlar ve Abdallar i\u00e7in hem inan\u00e7 rit\u00fcellerinin yerine getirildi\u011fi hem de toplumsal haf\u0131zadaki d\u00f6nemsel g\u00f6\u00e7 noktalar\u0131n\u0131n bir araya geldi\u011fi anlaml\u0131 ve \u00f6nemli bir ziyaret mek\u00e2n\u0131d\u0131r. Bu ziyaretler, Alevi\/Bekta\u015fi Roman topluluklar\u0131n\u0131n inan\u00e7sal ve toplumsal ba\u011flar\u0131n\u0131 g\u00fc\u00e7lendirmeye y\u00f6nelik \u00f6nemli ve sayg\u0131n etkinlikler olarak g\u00f6r\u00fclmektedir.<\/strong><\/p>\n<p><strong>Her y\u0131l Hac\u0131bekta\u015f il\u00e7esinde ger\u00e7ekle\u015ftirilen bu ziyaretler s\u0131ras\u0131nda, Alevi\/Bekta\u015fi Abdallar\u2019\u0131n ve Romanlar\u2019\u0131n ayr\u0131mc\u0131 tutumlarla ve davran\u0131\u015flarla kar\u015f\u0131la\u015ft\u0131\u011f\u0131na dair endi\u015fe verici haberler al\u0131yoruz. Ge\u00e7ti\u011fimiz g\u00fcnlerde Abdallar ve Romanlar, Hac\u0131bekta\u015f Belediye Ba\u015fkan\u0131 taraf\u0131ndan <i>\u201cKonarg\u00f6\u00e7er vatanda\u015flar, esmer vatanda\u015flar\u201d<\/i>\u00a0 gibi ifadelerle damgalayan, \u00f6tekile\u015ftiren ve hedef g\u00f6steren bir tutuma maruz b\u0131rak\u0131lm\u0131\u015ft\u0131r.<\/strong><\/p>\n<p><strong>Hac\u0131bekta\u015f Belediye Ba\u015fkan\u0131 Arif Yolda\u015f Alt\u0131nok; Roman ve Abdallar\u2019a y\u00f6nelik il\u00e7e giri\u015flerinde \u00f6zel kontrollerin ve GBT kontrol\u00fcn\u00fcn yap\u0131lmas\u0131n\u0131, \u00e7ad\u0131r kuran yurtta\u015flara kolluk kuvvetlerinin m\u00fcdahale etmesini talep eden bir a\u00e7\u0131klama yapt\u0131. Bununla da yetinmeyip,\u00a0 <i>\u201cT\u00fcrkiye\u2019nin herhangi bir noktas\u0131nda hatta Nev\u015fehir\u2019in herhangi bir il\u00e7esinde bu vatanda\u015flar bu \u015fekilde rahat hareket edebilir mi?\u201d<\/i> ifadesini kullanarak hem Hac\u0131 Bekta\u015f-\u0131 Veli ziyaretini ger\u00e7ekle\u015ftiren hem de \u00fclkenin farkl\u0131 yerlerindeki Romanlar\u0131 hedef g\u00f6sterdi.<\/strong><\/p>\n<p><strong>Ge\u00e7mi\u015ften bu g\u00fcne \u00e7ok iyi tan\u0131d\u0131\u011f\u0131m\u0131z bu t\u00fcr ayr\u0131mc\u0131 ifadeler ve davran\u0131\u015flar, Roman toplumunu su\u00e7lu ya da hedef al\u0131nabilir bir grup olarak g\u00f6sterme e\u011filiminde ve tam bir Antigypsyism yani Roman kar\u015f\u0131tl\u0131\u011f\u0131 \u00f6rne\u011fidir. \u00d6nceki d\u00f6nemlerde hem Hac\u0131bekta\u015f il\u00e7esinde hem de farkl\u0131 illerde yerel y\u00f6netimlerin Romanlara y\u00f6nelik ayr\u0131mc\u0131 a\u00e7\u0131klamalar\u0131n\u0131n veya tutumlar\u0131n\u0131n cezas\u0131z kalm\u0131\u015f olmas\u0131 da yeni ayr\u0131mc\u0131l\u0131k vakalar\u0131na ve lin\u00e7 k\u00fclt\u00fcr\u00fcne zemin haz\u0131rlamaktad\u0131r.<\/strong><\/p>\n<p><strong>Yoksullukla da s\u0131k\u0131 ba\u011flar\u0131 olan ayr\u0131mc\u0131l\u0131k; inan\u00e7 rit\u00fcellerini yerine getirmeye \u00e7al\u0131\u015fan Romanlar\u0131n ve Abdallar\u0131n ya\u015fad\u0131\u011f\u0131 e\u015fitsizli\u011fi tetiklemeye devam ediyor. Yoksullukla m\u00fccadele eden, \u00e7ad\u0131rda ya\u015famak zorunda kalan Romanlar ve Abdallar kolayca kriminalize edilebiliyor. Ola\u011fan\u00fcst\u00fc hallerde dahi ( Deprem, covid-19 vb.) ayr\u0131mc\u0131l\u0131\u011fa maruz b\u0131rak\u0131lan Romanlar, her t\u00fcrl\u00fc hak ihlaliyle m\u00fccadele ederek ya\u015fam m\u00fccadelesi veriyor.<\/strong><\/p>\n<p><strong>Romanlar\u0131 \u201c<i>esmer vatanda\u015flar, konarg\u00f6\u00e7er vatanda\u015flar&#8221;<\/i> olarak tan\u0131mlayarak su\u00e7 \u00f6znesi olarak tasvir eden s\u00f6ylemleri, bu s\u00f6ylemlerin alt\u0131nda yatan \u00f6nyarg\u0131lar\u0131 ve ayr\u0131mc\u0131 d\u00fc\u015f\u00fcnceleri yak\u0131ndan tan\u0131yor ve reddediyoruz, \u015fiddetle k\u0131n\u0131yoruz. Ayr\u0131ca, bu s\u00f6ylemlerin 2020 y\u0131l\u0131nda &#8220;Ayr\u0131mc\u0131l\u0131kla M\u00fccadelede En Kararl\u0131 Belediye Ba\u015fkan\u0131 \u00d6d\u00fcl\u00fc\u201d alm\u0131\u015f bir isim taraf\u0131ndan t\u00fcretilmi\u015f olmas\u0131ndan ise ayr\u0131 bir \u00fcz\u00fcnt\u00fc duyuyoruz.<\/strong><\/p>\n<p><strong>&#8211; Hac\u0131bekta\u015f Belediyesi\u2019nin ve Belediye Ba\u015fkan\u0131 Arif Yolda\u015f Alt\u0131nok\u2019un ki\u015fisel sosyal medya hesaplar\u0131ndan ayr\u0131mc\u0131 ifadelerin yer ald\u0131\u011f\u0131 payla\u015f\u0131mlar\u0131n kald\u0131r\u0131lmas\u0131n\u0131, belediye ba\u015fkan\u0131n\u0131n ivedilikle \u00f6z\u00fcr dilemesini,<\/strong><\/p>\n<p><strong>&#8211; Hac\u0131bekta\u015f Belediyesi\u2019nin Antigypsyism (Roman kar\u015f\u0131tl\u0131\u011f\u0131) ile m\u00fccadele i\u00e7in ad\u0131mlar atmas\u0131n\u0131,<\/strong><\/p>\n<p><strong>&#8211; Hac\u0131bekta\u015f il\u00e7esine ziyaret i\u00e7in gelen Romanlar\u0131n ve Abdallar\u0131n g\u00fcvenli \u015fekilde konaklayabilecekleri, temel ihtiya\u00e7lar\u0131n\u0131 giderebilecekleri alanlar\u0131n olu\u015fturulmas\u0131 i\u00e7in t\u00fcm ilgili kurumlar\u0131n sorumluluk almas\u0131n\u0131,<\/strong><\/p>\n<p><strong>&#8211; Hac\u0131bekta\u015f il\u00e7esinde yerle\u015fik olarak ya\u015fayan Roman ve Abdallar\u0131n temel haklara, \u00f6zellikle kentsel hizmetlere e\u015fit eri\u015fiminin g\u00fcvence alt\u0131nda al\u0131nmas\u0131 i\u00e7in ba\u015fta yerel y\u00f6netim olmak \u00fczere t\u00fcm ilgililerin gerekli ad\u0131mlar\u0131 atmas\u0131n\u0131,<\/strong><\/p>\n<p><strong>&#8211; 2020 y\u0131l\u0131nda ald\u0131\u011f\u0131 Ayr\u0131mc\u0131l\u0131kla M\u00fccadelede En Kararl\u0131 Belediye Ba\u015fkan\u0131 \u00d6d\u00fcl\u00fc\u2019n\u00fc iade etmesini,\u00a0<\/strong><\/p>\n<p><strong>&#8211; T\u00fcrkiye \u0130nsan Haklar\u0131 ve E\u015fitlik Kurumu\u2019nun resmen soru\u015fturma i\u00e7in ivedilikle harekete ge\u00e7mesini talep ediyoruz.\u00a0<\/strong><\/p>\n<p><strong>Anayasan\u0131n \u2018insan onuru\u2019 kavram\u0131n\u0131 esas alan e\u015fitlik ilkesini ve 10. maddesini hat\u0131rlat\u0131yoruz: \u201cHerkes dil, \u0131rk, renk, cinsiyet, siyasi d\u00fc\u015f\u00fcnce, felsefi inan\u00e7, din, mezhep ve benzeri sebeplerle ayr\u0131m g\u00f6zetilmeksizin kanun \u00f6n\u00fcnde e\u015fittir.\u201d<\/strong><\/p>\n<p><strong>Her t\u00fcrl\u00fc ayr\u0131mc\u0131 tutumu, s\u00f6ylemi ve davran\u0131\u015f\u0131 reddediyor ve toplumsal uyumun temel ta\u015flar\u0131n\u0131n e\u015fitlik ve insan haklar\u0131 oldu\u011funa inan\u0131yoruz. \u0130nanc\u0131, dili, etnik kimli\u011fi ne olursa olsun, ayn\u0131 co\u011frafyada ya\u015fad\u0131\u011f\u0131m\u0131z her bir insan\u0131, Romanlar\u0131n ya\u015fad\u0131\u011f\u0131 ayr\u0131mc\u0131l\u0131\u011fa kar\u015f\u0131 \u00e7\u0131karak, hep birlikte daha adil bir toplumun in\u015fas\u0131na katk\u0131da bulunmaya \u00e7a\u011f\u0131r\u0131yoruz.<\/strong><\/p>\n\n<p>&nbsp;<\/p>\n","protected":false},"excerpt":{"rendered":"<p>ME DE MANUSH SAM!<br \/>\nNEFRET D\u0130L\u0130NE KAR\u015eI ALEN AMALA!<br \/>\nAlevi\/Bekta\u015fi Romanlara ve Abdallara Y\u00f6nelik Ayr\u0131mc\u0131l\u0131k Kabul Edilemez!<\/p>\n","protected":false},"author":1,"featured_media":2109,"comment_status":"open","ping_status":"open","sticky":false,"template":"","format":"standard","meta":{"footnotes":""},"categories":[12],"tags":[],"class_list":["post-2106","post","type-post","status-publish","format-standard","has-post-thumbnail","hentry","category-duyurular-2"],"_links":{"self":[{"href":"https:\/\/romanigodi.org\/index.php?rest_route=\/wp\/v2\/posts\/2106","targetHints":{"allow":["GET"]}}],"collection":[{"href":"https:\/\/romanigodi.org\/index.php?rest_route=\/wp\/v2\/posts"}],"about":[{"href":"https:\/\/romanigodi.org\/index.php?rest_route=\/wp\/v2\/types\/post"}],"author":[{"embeddable":true,"href":"https:\/\/romanigodi.org\/index.php?rest_route=\/wp\/v2\/users\/1"}],"replies":[{"embeddable":true,"href":"https:\/\/romanigodi.org\/index.php?rest_route=%2Fwp%2Fv2%2Fcomments&post=2106"}],"version-history":[{"count":1,"href":"https:\/\/romanigodi.org\/index.php?rest_route=\/wp\/v2\/posts\/2106\/revisions"}],"predecessor-version":[{"id":3541,"href":"https:\/\/romanigodi.org\/index.php?rest_route=\/wp\/v2\/posts\/2106\/revisions\/3541"}],"wp:featuredmedia":[{"embeddable":true,"href":"https:\/\/romanigodi.org\/index.php?rest_route=\/"}],"wp:attachment":[{"href":"https:\/\/romanigodi.org\/index.php?rest_route=%2Fwp%2Fv2%2Fmedia&parent=2106"}],"wp:term":[{"taxonomy":"category","embeddable":true,"href":"https:\/\/romanigodi.org\/index.php?rest_route=%2Fwp%2Fv2%2Fcategories&post=2106"},{"taxonomy":"post_tag","embeddable":true,"href":"https:\/\/romanigodi.org\/index.php?rest_route=%2Fwp%2Fv2%2Ftags&post=2106"}],"curies":[{"name":"wp","href":"https:\/\/api.w.org\/{rel}","templated":true}]}}