{"id":2127,"date":"2023-08-15T12:16:13","date_gmt":"2023-08-15T12:16:13","guid":{"rendered":"https:\/\/romanigodi.org\/?p=2127"},"modified":"2023-08-15T12:16:13","modified_gmt":"2023-08-15T12:16:13","slug":"2-agustos-roman-soykirimi-nedir","status":"publish","type":"post","link":"https:\/\/romanigodi.org\/?p=2127","title":{"rendered":"2 A\u011fustos Roman Soyk\u0131r\u0131m\u0131 Nedir?"},"content":{"rendered":"<h3 style=\"text-align: center;\"><strong>2 A\u011fustos Roman Soyk\u0131r\u0131m\u0131 Nedir?<\/strong><\/h3>\n<p class=\"_04xlpA direction-ltr align-start para-style-body\"><span class=\"WdYUQQ text-decoration-none text-strikethrough-none\">Sergen G\u00fcl&#8217;\u00fcn sunumuyla ger\u00e7ekle\u015ftirilen programda a\u015fa\u011f\u0131daki konu ba\u015fl\u0131klar\u0131na ve i\u00e7eriklere de\u011finilmi\u015ftir.<\/span><\/p>\n<ul>\n<li><strong><span class=\"WdYUQQ text-decoration-none text-strikethrough-none\">Romanlar\u0131n Avrupa&#8217;ya Var\u0131\u015f\u0131 ve U\u011frad\u0131klar\u0131 Ayr\u0131mc\u0131l\u0131k Bi\u00e7imleri:<\/span><\/strong><\/li>\n<\/ul>\n<p class=\"_04xlpA direction-ltr align-start para-style-body\">Romanlar\u0131n Avrupa&#8217; da bulunduklar\u0131na ve ya\u015fad\u0131klar\u0131na dair bir\u00e7ok kan\u0131t bulunmaktad\u0131r. Symon Semeonis Girit&#8217;te\u00a0 \u2018\u2019Bu insanlar otuz g\u00fcnden tek bir yerde durmazlar, Tanr\u0131 taraf\u0131ndan lanetlenmi\u015f gibi, g\u00f6\u00e7ebe ve d\u0131\u015flanm\u0131\u015flard\u0131r. K\u00fc\u00e7\u00fck, dikd\u00f6rtgen, siyah ve al\u00e7ak \u00e7ad\u0131rlarla tarladan tarlaya ve ma\u011faradan ma\u011faraya dola\u015f\u0131rlar.&#8221; \u015feklinde tan\u0131mlar yaparken 1378 tarihli bir yasa, &#8220;Avrupa&#8217;daki \u00c7ingenelerinin ilk belgelenmi\u015f kayd\u0131 olarak kar\u015f\u0131m\u0131za \u00e7\u0131kmaktad\u0131r. Bunun yan\u0131 s\u0131ra 14.yy.\u2019da Balkanlar ve Bohemya 15.yy.\u2019da Almanya, Fransa, \u0130talya, \u0130spanya ve Portekiz 16. yy.\u2019da Rusya, Danimarka, \u0130sko\u00e7ya ve \u0130sve\u00e7te\u00a0 Romanlar\u0131n ya\u015fad\u0131klar\u0131na\u00a0 dair kan\u0131tlar mevcuttur.<\/p>\n<p><img fetchpriority=\"high\" decoding=\"async\" class=\"wp-image-2130 aligncenter\" src=\"https:\/\/romanigodi.org\/wp-content\/uploads\/2023\/08\/dbc9728e-b9e0-4af0-ba87-5441a9290c4a.jpg\" alt=\"\" width=\"400\" height=\"298\" \/><\/p>\n<ul>\n<li><strong><span class=\"WdYUQQ text-decoration-none text-strikethrough-none\">Bilimsel Irk\u00e7\u0131l\u0131\u011f\u0131n Ortaya \u00c7\u0131k\u0131\u015f\u0131<\/span><\/strong><\/li>\n<\/ul>\n<p>Saf ve \u00fcst\u00fcn \u0131rklar\u0131n kategorize edilmesi, Alman kan\u0131 olmayan gruplar\u0131n g\u00f6sterilmesi, di\u011fer \u0131rklar\u0131n k\u00f6t\u00fc ve Alman kan\u0131n\u0131 kirleten gruplar oldu\u011funu kan\u0131tlamak i\u00e7in \u00e7e\u015fitli insanl\u0131k d\u0131\u015f\u0131 deneylerle grupland\u0131rmalar yap\u0131l\u0131yor. Ar\u0131 \u0131rk\u0131n \u00fcst\u00fcnl\u00fc\u011f\u00fcn\u00fc belirlemek i\u00e7in N\u00fcrnberg Yasalar\u0131 haz\u0131rlan\u0131yor.<\/p>\n<p><img decoding=\"async\" class=\"wp-image-2133 aligncenter\" src=\"https:\/\/romanigodi.org\/wp-content\/uploads\/2023\/08\/Picture1.png\" alt=\"\" width=\"392\" height=\"275\" \/><\/p>\n<ul>\n<li><strong><span class=\"WdYUQQ text-decoration-none text-strikethrough-none\">Almanya&#8217;da 2. D\u00fcnya Sava\u015f\u0131 \u00d6ncesi Romanlara Uygulanan Ayr\u0131mc\u0131 Politikalar ve Soyk\u0131r\u0131m \u0130n\u015fa S\u00fcreci<\/span><\/strong><\/li>\n<\/ul>\n<p>\u00c7ingene \u0130\u015fleri Merkez Ofisi kuruldu ve Alfred Dillmann\u2019\u0131n m\u00fcd\u00fcrl\u00fc\u011fe getirildi. 1899&#8217;da Almanya&#8217;n\u0131n Bavyera eyaletindeki polislerin Romanlarla ilgili her t\u00fcrl\u00fc nitelikte bilgi toplama,\u00a0 apa\u00e7\u0131k fi\u015fleme yapmakla g\u00f6revlendirildi. Romanlar\u0131n do\u011fumlar, evlilikler ve \u00f6l\u00fcmleri gibi bir dizi \u00f6zel bilgi 1905 y\u0131l\u0131nda \u00c7ingene Kitab\u0131 ismiyle 7000 kopya ile bask\u0131ya sunuldu.<\/p>\n<p><img decoding=\"async\" class=\"wp-image-2131 aligncenter\" src=\"https:\/\/romanigodi.org\/wp-content\/uploads\/2023\/08\/af69d396-c9ca-4b9f-8eb8-797fc7621033.jpg\" alt=\"\" width=\"386\" height=\"293\" \/><\/p>\n<p>Nasyonel sosyalist Alman i\u015f\u00e7i partisinin Romanlar i\u00e7in uygulayaca\u011f\u0131 yol haritalar\u0131n\u0131 olu\u015fturdu. 1936&#8217;da Ritter, Sa\u011fl\u0131k Bakanl\u0131\u011f\u0131&#8217;ndaki Irksal Hijyen ve Demografik Biyoloji Ara\u015ft\u0131rma Merkezi&#8217;nin m\u00fcd\u00fcrl\u00fc\u011f\u00fcne getirilmesi Ritter\u2019in Romanlar\u0131n y\u00fczde 90&#8217;\u0131n\u0131n melez kan\u0131 ta\u015f\u0131d\u0131\u011f\u0131n\u0131n ve bu &#8220;yozla\u015fm\u0131\u015f&#8221; kan\u0131n su\u00e7 \u00f6zelliklerinin ta\u015f\u0131yabilece\u011fini bunun da Alman\u2019lar i\u00e7in bir tehlike olu\u015fturdu\u011fu sonucuna varmas\u0131 ile t\u00fcm Romanlar\u0131n tutuklanmas\u0131 ve belediyelerin olu\u015fturduklar\u0131 toplama kamplar\u0131na g\u00f6nderilmesi emredildi. 1935-1938 y\u0131llar\u0131 aras\u0131nda ba\u015fka \u015fehirlerde kurulan \u00c7ingene kamplar\u0131 soyk\u0131r\u0131ma giden yolda bir \u00f6n a\u015famayd\u0131.<\/p>\n<p><img loading=\"lazy\" decoding=\"async\" class=\"wp-image-2135 aligncenter\" src=\"https:\/\/romanigodi.org\/wp-content\/uploads\/2023\/08\/8361467d-532e-4037-a324-47f887288e93-e1692098246301.jpg\" alt=\"\" width=\"392\" height=\"231\" \/><\/p>\n<ul>\n<li><strong><span class=\"WdYUQQ text-decoration-none text-strikethrough-none\">2 A\u011fustos Roman Soyk\u0131r\u0131m\u0131n\u0131n \u0130n\u015fa S\u00fcrecinde S\u00f6zde Bilimsel ve Yasal Dayanaklar<\/span><\/strong><\/li>\n<\/ul>\n<p>Herbert Spencer&#8217;\u0131n Darwin&#8217;den etkilenerek ortaya att\u0131\u011f\u0131 Sosyal Darwizm kuram\u0131n\u0131 dayanak alarak Nazi bilim insanlar\u0131ndan Mengele, Roman aile kamp\u0131ndan olan ikizleri ve c\u00fcceleri deney konusu olarak se\u00e7ti. Yakla\u015f\u0131k 3.500 yeti\u015fkin, \u00e7ocuk ve ergen Roman, T\u0131p ara\u015ft\u0131rmalar\u0131 i\u00e7in denek olarak kullan\u0131ld\u0131. Bunlardan baz\u0131lar\u0131; S\u0131tma deneyleri, Hardal gaz\u0131 deneyleri, Zehirle deneyleri, S\u00fclfonamid deneyleri, Dondurma deneyleri vb. bir\u00e7ok insanl\u0131k d\u0131\u015f\u0131 deney ger\u00e7ekle\u015ftirildi.<\/p>\n<p><img loading=\"lazy\" decoding=\"async\" class=\"wp-image-2136 aligncenter\" src=\"https:\/\/romanigodi.org\/wp-content\/uploads\/2023\/08\/646276d0-e19d-40be-bcfa-4b759e21ea0c.jpg\" alt=\"\" width=\"392\" height=\"299\" \/><\/p>\n<ul>\n<li><strong><span class=\"WdYUQQ text-decoration-none text-strikethrough-none\">2 A\u011fustos Roman Soyk\u0131r\u0131m\u0131 ve Sonras\u0131<\/span><\/strong><\/li>\n<\/ul>\n<p>21 Eyl\u00fcl 1939&#8217;da Reich G\u00fcvenlik Ana Ofisi 30.000 Alman ve Avusturyal\u0131 Roman\u0131 s\u00fcrg\u00fcn etmeyi planlad\u0131 fakat \u00fcst d\u00fczey yetkililerden bu plan onay almad\u0131. May\u0131s 1940\u2019ta 2500 Roman Bat\u0131 Almanyan\u0131n Lublin B\u00f6lgesi\u2019ndeki \u00e7al\u0131\u015fma kamplar\u0131na s\u00fcr\u00fcld\u00fc. 1942&#8217;nin ilk aylar\u0131nda \u00e7al\u0131\u015fma kamplar\u0131nda sa\u011f kalan Romanlar Chelmno&#8217;daki \u00f6l\u00fcm merkezine g\u00f6nderdi ve karbon monoksit gaz\u0131 ile zehirlendi.<\/p>\n<p><img loading=\"lazy\" decoding=\"async\" class=\"alignnone wp-image-2137 aligncenter\" src=\"https:\/\/romanigodi.org\/wp-content\/uploads\/2023\/08\/Picture5.png\" alt=\"\" width=\"335\" height=\"405\" \/><\/p>\n<p>Aral\u0131k 1942&#8217;de Himmler, t\u00fcm Romanlar\u0131 s\u0131n\u0131r d\u0131\u015f\u0131 edip toplama kamplar\u0131na g\u00f6nderilmesini emretti.Toplamda, yakla\u015f\u0131k 23.000 Roman ve Sinti Auschwitz\u2019e \u00f6ld\u00fcr\u00fcld\u00fc. 1944 Mart ay\u0131 sonlar\u0131nda Auschwitz-Birkenau\u2019da SS birlikleri yakla\u015f\u0131k 1.700 Roman&#8217;\u0131 \u00f6ld\u00fcrd\u00fc. 16 May\u0131s 1944&#8217;te kamp liderli\u011fi \u00c7ingene yerle\u015fkesinin sakinlerini \u00f6ld\u00fcrmeye karar verdi. SS muhaf\u0131zlar\u0131 yerle\u015fkeyi ku\u015fatt\u0131 ve m\u00fch\u00fcrledi. D\u0131\u015far\u0131 \u00e7\u0131kmalar\u0131 emredildi\u011finde, Romanlar\u00a0 kendilerine demir borular, k\u00fcrekler ve di\u011fer aletlerleri silah olarak kulland\u0131lar. Bu direni\u015f SS \u2018 lere geri ad\u0131m att\u0131rd\u0131 ve 16 May\u0131s Roman direni\u015f g\u00fcn\u00fc olarak ak\u0131llarda kald\u0131.SS\u2019ler 2 A\u011fustos&#8217;ta mahkumlara kar\u015f\u0131 harekete ge\u00e7ti ve 4.200 ila 4.300 ki\u015fiyi \u00f6ld\u00fcrd\u00fc . <img loading=\"lazy\" decoding=\"async\" class=\"alignnone wp-image-2138 aligncenter\" src=\"https:\/\/romanigodi.org\/wp-content\/uploads\/2023\/08\/Picture4.png\" alt=\"\" width=\"392\" height=\"285\" \/><\/p>\n<p>&nbsp;<\/p>\n<p>T<span class=\"WdYUQQ text-decoration-none text-strikethrough-none\">arihsel zaman \u015feridi incelendi\u011finde Roman Soyk\u0131r\u0131m\u0131na ge\u00e7mi\u015ften g\u00fcn\u00fcm\u00fcze de\u011fin nas\u0131l zemin haz\u0131rland\u0131\u011f\u0131 ve planl\u0131 bir \u015fekilde ger\u00e7ekle\u015ftirilen Romanlar\u0131 yok etmeye y\u00f6nelik politikalar \u00e7ok a\u00e7\u0131k bir \u015fekilde g\u00fcn y\u00fcz\u00fcne \u00e7\u0131kmaktad\u0131r. Bir daha bunlar\u0131n ya\u015fanmamas\u0131 i\u00e7in <strong>&#8221; D\u0130K \u0130 NA B\u0130STAR!&#8221;<\/strong> diyoruz.<\/span><\/p>\n<p>&nbsp;<\/p>\n","protected":false},"excerpt":{"rendered":"<p>2 A\u011fustos Roman Soyk\u0131r\u0131m\u0131 Nedir? Sergen G\u00fcl&#8217;\u00fcn sunumuyla ger\u00e7ekle\u015ftirilen programda a\u015fa\u011f\u0131daki konu ba\u015fl\u0131klar\u0131na ve i\u00e7eriklere de\u011finilmi\u015ftir. Romanlar\u0131n Avrupa&#8217;ya Var\u0131\u015f\u0131 ve U\u011frad\u0131klar\u0131 Ayr\u0131mc\u0131l\u0131k Bi\u00e7imleri: Romanlar\u0131n Avrupa&#8217; da bulunduklar\u0131na ve ya\u015fad\u0131klar\u0131na dair bir\u00e7ok kan\u0131t bulunmaktad\u0131r. Symon Semeonis Girit&#8217;te\u00a0 \u2018\u2019Bu insanlar otuz g\u00fcnden tek bir yerde durmazlar, Tanr\u0131 taraf\u0131ndan lanetlenmi\u015f gibi, g\u00f6\u00e7ebe ve d\u0131\u015flanm\u0131\u015flard\u0131r. K\u00fc\u00e7\u00fck, dikd\u00f6rtgen, siyah ve [&hellip;]<\/p>\n","protected":false},"author":1,"featured_media":2128,"comment_status":"open","ping_status":"open","sticky":false,"template":"","format":"standard","meta":{"footnotes":""},"categories":[15],"tags":[],"class_list":["post-2127","post","type-post","status-publish","format-standard","has-post-thumbnail","hentry","category-genel"],"_links":{"self":[{"href":"https:\/\/romanigodi.org\/index.php?rest_route=\/wp\/v2\/posts\/2127","targetHints":{"allow":["GET"]}}],"collection":[{"href":"https:\/\/romanigodi.org\/index.php?rest_route=\/wp\/v2\/posts"}],"about":[{"href":"https:\/\/romanigodi.org\/index.php?rest_route=\/wp\/v2\/types\/post"}],"author":[{"embeddable":true,"href":"https:\/\/romanigodi.org\/index.php?rest_route=\/wp\/v2\/users\/1"}],"replies":[{"embeddable":true,"href":"https:\/\/romanigodi.org\/index.php?rest_route=%2Fwp%2Fv2%2Fcomments&post=2127"}],"version-history":[{"count":0,"href":"https:\/\/romanigodi.org\/index.php?rest_route=\/wp\/v2\/posts\/2127\/revisions"}],"wp:featuredmedia":[{"embeddable":true,"href":"https:\/\/romanigodi.org\/index.php?rest_route=\/"}],"wp:attachment":[{"href":"https:\/\/romanigodi.org\/index.php?rest_route=%2Fwp%2Fv2%2Fmedia&parent=2127"}],"wp:term":[{"taxonomy":"category","embeddable":true,"href":"https:\/\/romanigodi.org\/index.php?rest_route=%2Fwp%2Fv2%2Fcategories&post=2127"},{"taxonomy":"post_tag","embeddable":true,"href":"https:\/\/romanigodi.org\/index.php?rest_route=%2Fwp%2Fv2%2Ftags&post=2127"}],"curies":[{"name":"wp","href":"https:\/\/api.w.org\/{rel}","templated":true}]}}