{"id":2144,"date":"2023-08-22T09:56:49","date_gmt":"2023-08-22T09:56:49","guid":{"rendered":"https:\/\/romanigodi.org\/?p=2144"},"modified":"2023-08-22T09:56:49","modified_gmt":"2023-08-22T09:56:49","slug":"esma-redzepova-akademisi-esma-redzepova-kimdir","status":"publish","type":"post","link":"https:\/\/romanigodi.org\/?p=2144","title":{"rendered":"Esma Redzepova Akademisi-Esma Redzepova Kimdir?"},"content":{"rendered":"<h3 style=\"text-align: center;\"><strong>Esma Redzepova&#8217;ya Dair<\/strong><\/h3>\n<p style=\"text-align: left;\">Romani Godi y\u00fcr\u00fct\u00fcc\u00fcl\u00fc\u011f\u00fcnde ger\u00e7ekle\u015ftirilen Esma Redzepova Akademisi Roman gen\u00e7lerin kapasitelerini geli\u015ftirme, karar alma mekanizmalar\u0131na kat\u0131l\u0131mlar\u0131n\u0131 art\u0131rma ve Roman Sivil Hareketine liderlik etmelerini te\u015fvik etme amac\u0131yla, Roman Sivil Toplumunda \u00f6nemli bir yere sahip Esma Redzepova&#8217;dan ad\u0131n\u0131 almaktad\u0131r.<\/p>\n<p style=\"text-align: left;\">Esma Redzepova 8 A\u011fustos 1943 tarihinde Makedonya&#8217;n\u0131n ba\u015fkenti \u00dcsk\u00fcp\u2019te 6 \u00e7ocuklu bir ailenin 5. \u00c7ocu\u011fu olarak d\u00fcnyaya gelmi\u015ftir. Annesi M\u00fcsl\u00fcman babaannesi ise Yahudi k\u00f6kenli, b\u00fcy\u00fck babas\u0131 ise Katolik&#8217;tir. 10 ya\u015f\u0131nda m\u00fczi\u011fe ba\u015flayan Esma Recepova, 1957 y\u0131l\u0131nda, 14 ya\u015f\u0131nda iken \u00dcsk\u00fcp Radyosu\u2019nun d\u00fczenledi\u011fi okullar aras\u0131 bir yetenek yar\u0131\u015fmas\u0131nda \u015fark\u0131 s\u00f6ylemesi i\u00e7in davet edilmi\u015ftir.<\/p>\n<p style=\"text-align: center;\">\n<iframe title=\"YouTube video player\" src=\"https:\/\/www.youtube.com\/embed\/fP9FYpp6p6s\" width=\"350\" height=\"250\" frameborder=\"0\" allowfullscreen=\"allowfullscreen\"><span data-mce-type=\"bookmark\" style=\"display: inline-block; width: 0px; overflow: hidden; line-height: 0;\" class=\"mce_SELRES_start\">\ufeff<\/span><\/iframe><\/p>\n<p style=\"text-align: center;\">\u200b<\/p>\n<p style=\"text-align: left;\">Seslendirdi\u011fi en \u00fcnl\u00fc \u015fark\u0131 &#8220;\u010caje \u0160ukarije&#8221; adl\u0131 eseriyle ad\u0131n\u0131 d\u00fcnyaya duyurmu\u015ftur. D\u00fcnyada Romanlar\u0131n \u00fcnl\u00fc \u015fark\u0131s\u0131 olarak bilinen &#8220;\u0110elem \u0111elem&#8221; adl\u0131 \u015fark\u0131y\u0131 derleyerek m\u00fczik d\u00fcnyas\u0131na tekrar kazand\u0131rm\u0131\u015ft\u0131r. E\u015fi Stevo Teodosievski ile 4 k\u0131tada \u00a030 \u00fclkede 8000\u2019den fazla konser vermi\u015ftir. Sanat hayat\u0131 boyunca 108 single, 20 alb\u00fcm ve 6 filme imza atm\u0131\u015ft\u0131r. Sanat\u00e7\u0131 ki\u015fili\u011finin yan\u0131nda d\u00fcnyan\u0131n pek \u00e7ok \u00fclkesinde \u0131rk\u00e7\u0131l\u0131\u011fa kar\u015f\u0131 yap\u0131lan \u00e7al\u0131\u015fmalara \u00f6nderlik etmi\u015ftir.<\/p>\n<p style=\"text-align: center;\">\u00a0<iframe title=\"YouTube video player\" src=\"https:\/\/www.youtube.com\/embed\/x4-MORq8LTs\" width=\"350\" height=\"250\" frameborder=\"0\" allowfullscreen=\"allowfullscreen\"><span data-mce-type=\"bookmark\" style=\"display: inline-block; width: 0px; overflow: hidden; line-height: 0;\" class=\"mce_SELRES_start\">\ufeff<\/span><\/iframe><\/p>\n<p>48&#8217;ini evlat edindi\u011fi 52 \u00e7ocu\u011fu, 124 torunu vard\u0131r. Ayr\u0131ca pek \u00e7ok \u00e7ocu\u011fun daha bak\u0131m\u0131n\u0131 \u00fcstlenmi\u015ftir. 2 kez Nobel Bar\u0131\u015f \u00d6d\u00fcl\u00fcne aday g\u00f6sterilmi\u015ftir. 1976 y\u0131l\u0131nda Hindistan\u2019da Roman M\u00fczi\u011finin Krali\u00e7esi ilan edilmi\u015ftir. Makedonya\u2019da en \u00f6nemli k\u00fclt\u00fcr el\u00e7ilerinden biri olan Esma Recepova\u2019n\u0131n \u015fark\u0131s\u0131 Makedonya devlet radyosunun a\u00e7\u0131l\u0131\u015f\u0131nda ilk \u015fark\u0131 olarak \u00e7al\u0131nm\u0131\u015ft\u0131r.<\/p>\n<p style=\"text-align: center;\"><iframe title=\"YouTube video player\" src=\"https:\/\/www.youtube.com\/embed\/nyBv3qFxquA\" width=\"350\" height=\"250\" frameborder=\"0\" allowfullscreen=\"allowfullscreen\"><span data-mce-type=\"bookmark\" style=\"display: inline-block; width: 0px; overflow: hidden; line-height: 0;\" class=\"mce_SELRES_start\">\ufeff<\/span><\/iframe><\/p>\n<p style=\"text-align: left;\">Makedonya\u2019y\u0131 temsilen 2004 y\u0131l\u0131nda Eurovision \u015eark\u0131 Yar\u0131\u015fmas\u0131nda s\u00f6zleri Lazar Cvetoski, Darko Dimitrov taraf\u0131ndan yaz\u0131lan ve bestelenen &#8220;Pred da se razdeni\u201d adl\u0131 \u015fark\u0131da To\u015fe Proeski ile d\u00fcet yapm\u0131\u015ft\u0131r. Esma Recepova, 11 Aral\u0131k 2016 sabah\u0131 \u00dcsk\u00fcp \u015fehrinde 73 ya\u015f\u0131nda hayata g\u00f6zlerini yummu\u015ftur.<\/p>\n<p style=\"text-align: center;\"><iframe title=\"YouTube video player\" src=\"https:\/\/www.youtube.com\/embed\/Vi1VYsOUCsY\" width=\"350\" height=\"250\" frameborder=\"0\" allowfullscreen=\"allowfullscreen\"><span data-mce-type=\"bookmark\" style=\"display: inline-block; width: 0px; overflow: hidden; line-height: 0;\" class=\"mce_SELRES_start\">\ufeff<\/span><\/iframe><\/p>\n<p>Esma Redzepova m\u00fczi\u011fi, geleneksel k\u0131yafetleri, yapt\u0131\u011f\u0131 i\u015fleriyle Roman k\u00fclt\u00fcr\u00fcne bir ayna tutuyor. Esma&#8217;n\u0131n 2016 y\u0131l\u0131nda vefat\u0131yla ya\u015fad\u0131\u011f\u0131 ev \u00dcsk\u00fcp\u2019te bir m\u00fczeye d\u00f6n\u00fc\u015ft\u00fcr\u00fclm\u00fc\u015ft\u00fcr.<\/p>\n<p>&nbsp;<\/p>\n","protected":false},"excerpt":{"rendered":"<p>Esma Redzepova&#8217;ya Dair Romani Godi y\u00fcr\u00fct\u00fcc\u00fcl\u00fc\u011f\u00fcnde ger\u00e7ekle\u015ftirilen Esma Redzepova Akademisi Roman gen\u00e7lerin kapasitelerini geli\u015ftirme, karar alma mekanizmalar\u0131na kat\u0131l\u0131mlar\u0131n\u0131 art\u0131rma ve Roman Sivil Hareketine liderlik etmelerini te\u015fvik etme amac\u0131yla, Roman Sivil Toplumunda \u00f6nemli bir yere sahip Esma Redzepova&#8217;dan ad\u0131n\u0131 almaktad\u0131r. Esma Redzepova 8 A\u011fustos 1943 tarihinde Makedonya&#8217;n\u0131n ba\u015fkenti \u00dcsk\u00fcp\u2019te 6 \u00e7ocuklu bir ailenin 5. \u00c7ocu\u011fu olarak [&hellip;]<\/p>\n","protected":false},"author":1,"featured_media":2147,"comment_status":"open","ping_status":"open","sticky":false,"template":"","format":"standard","meta":{"footnotes":""},"categories":[15,18],"tags":[],"class_list":["post-2144","post","type-post","status-publish","format-standard","has-post-thumbnail","hentry","category-genel","category-kultur-ve-sanat"],"_links":{"self":[{"href":"https:\/\/romanigodi.org\/index.php?rest_route=\/wp\/v2\/posts\/2144","targetHints":{"allow":["GET"]}}],"collection":[{"href":"https:\/\/romanigodi.org\/index.php?rest_route=\/wp\/v2\/posts"}],"about":[{"href":"https:\/\/romanigodi.org\/index.php?rest_route=\/wp\/v2\/types\/post"}],"author":[{"embeddable":true,"href":"https:\/\/romanigodi.org\/index.php?rest_route=\/wp\/v2\/users\/1"}],"replies":[{"embeddable":true,"href":"https:\/\/romanigodi.org\/index.php?rest_route=%2Fwp%2Fv2%2Fcomments&post=2144"}],"version-history":[{"count":0,"href":"https:\/\/romanigodi.org\/index.php?rest_route=\/wp\/v2\/posts\/2144\/revisions"}],"wp:featuredmedia":[{"embeddable":true,"href":"https:\/\/romanigodi.org\/index.php?rest_route=\/"}],"wp:attachment":[{"href":"https:\/\/romanigodi.org\/index.php?rest_route=%2Fwp%2Fv2%2Fmedia&parent=2144"}],"wp:term":[{"taxonomy":"category","embeddable":true,"href":"https:\/\/romanigodi.org\/index.php?rest_route=%2Fwp%2Fv2%2Fcategories&post=2144"},{"taxonomy":"post_tag","embeddable":true,"href":"https:\/\/romanigodi.org\/index.php?rest_route=%2Fwp%2Fv2%2Ftags&post=2144"}],"curies":[{"name":"wp","href":"https:\/\/api.w.org\/{rel}","templated":true}]}}