{"id":2179,"date":"2023-09-09T10:19:03","date_gmt":"2023-09-09T10:19:03","guid":{"rendered":"https:\/\/romanigodi.org\/?p=2179"},"modified":"2023-09-09T10:19:03","modified_gmt":"2023-09-09T10:19:03","slug":"esma-redzepova-akademisi-7","status":"publish","type":"post","link":"https:\/\/romanigodi.org\/?p=2179","title":{"rendered":"Esma Redzepova Akademisi"},"content":{"rendered":"<h3 style=\"text-align: center;\">Nefret S\u00f6ylemi Tan\u0131m\u0131, Kapsam\u0131 ve Romanlara Kar\u015f\u0131 Nefret S\u00f6ylemiyle M\u00fccadele<\/h3>\n<p><img fetchpriority=\"high\" decoding=\"async\" class=\"wp-image-2180 aligncenter\" src=\"https:\/\/romanigodi.org\/wp-content\/uploads\/2023\/09\/472d49b7-60f6-465a-9102-6bc93c5d2868.jpg\" alt=\"\" width=\"553\" height=\"398\" \/><\/p>\n<p>Nefret S\u00f6ylemi Tan\u0131m\u0131, Kapsam\u0131 ve Romanlara kar\u015f\u0131 Nefret S\u00f6ylemiyle M\u00fccadele E\u011fitimi 13 Haziran 2023 tarihinde Say\u0131n Ebru Uzpeder\u2019 in sunumuyla ger\u00e7ekle\u015ftirildi. E\u011fitim program\u0131 kapsam\u0131nda D\u00fc\u015f\u00fcnce \u00d6zg\u00fcrl\u00fc\u011f\u00fc, Nefret S\u00f6ylemi ve Ayr\u0131mc\u0131l\u0131\u011f\u0131n tan\u0131m\u0131; Roman topluluklar\u0131 \u00f6zelinde Nefret S\u00f6ylemi ve Ayr\u0131mc\u0131 Tutumlara kar\u015f\u0131 m\u00fccadele edilmesinde kullan\u0131lmas\u0131 amac\u0131yla Litaret\u00fcr tarama ve Kapsay\u0131c\u0131 Dil Kullan\u0131m\u0131 gibi konularda aktar\u0131mlar ger\u00e7ekle\u015ftirilmi\u015ftir.<\/p>\n","protected":false},"excerpt":{"rendered":"<p>Nefret S\u00f6ylemi Tan\u0131m\u0131, Kapsam\u0131 ve Romanlara Kar\u015f\u0131 Nefret S\u00f6ylemiyle M\u00fccadele Nefret S\u00f6ylemi Tan\u0131m\u0131, Kapsam\u0131 ve Romanlara kar\u015f\u0131 Nefret S\u00f6ylemiyle M\u00fccadele E\u011fitimi 13 Haziran 2023 tarihinde Say\u0131n Ebru Uzpeder\u2019 in sunumuyla ger\u00e7ekle\u015ftirildi. E\u011fitim program\u0131 kapsam\u0131nda D\u00fc\u015f\u00fcnce \u00d6zg\u00fcrl\u00fc\u011f\u00fc, Nefret S\u00f6ylemi ve Ayr\u0131mc\u0131l\u0131\u011f\u0131n tan\u0131m\u0131; Roman topluluklar\u0131 \u00f6zelinde Nefret S\u00f6ylemi ve Ayr\u0131mc\u0131 Tutumlara kar\u015f\u0131 m\u00fccadele edilmesinde kullan\u0131lmas\u0131 amac\u0131yla Litaret\u00fcr [&hellip;]<\/p>\n","protected":false},"author":1,"featured_media":2181,"comment_status":"open","ping_status":"open","sticky":false,"template":"","format":"standard","meta":{"footnotes":""},"categories":[8,15],"tags":[],"class_list":["post-2179","post","type-post","status-publish","format-standard","has-post-thumbnail","hentry","category-calismalar","category-genel"],"_links":{"self":[{"href":"https:\/\/romanigodi.org\/index.php?rest_route=\/wp\/v2\/posts\/2179","targetHints":{"allow":["GET"]}}],"collection":[{"href":"https:\/\/romanigodi.org\/index.php?rest_route=\/wp\/v2\/posts"}],"about":[{"href":"https:\/\/romanigodi.org\/index.php?rest_route=\/wp\/v2\/types\/post"}],"author":[{"embeddable":true,"href":"https:\/\/romanigodi.org\/index.php?rest_route=\/wp\/v2\/users\/1"}],"replies":[{"embeddable":true,"href":"https:\/\/romanigodi.org\/index.php?rest_route=%2Fwp%2Fv2%2Fcomments&post=2179"}],"version-history":[{"count":0,"href":"https:\/\/romanigodi.org\/index.php?rest_route=\/wp\/v2\/posts\/2179\/revisions"}],"wp:featuredmedia":[{"embeddable":true,"href":"https:\/\/romanigodi.org\/index.php?rest_route=\/"}],"wp:attachment":[{"href":"https:\/\/romanigodi.org\/index.php?rest_route=%2Fwp%2Fv2%2Fmedia&parent=2179"}],"wp:term":[{"taxonomy":"category","embeddable":true,"href":"https:\/\/romanigodi.org\/index.php?rest_route=%2Fwp%2Fv2%2Fcategories&post=2179"},{"taxonomy":"post_tag","embeddable":true,"href":"https:\/\/romanigodi.org\/index.php?rest_route=%2Fwp%2Fv2%2Ftags&post=2179"}],"curies":[{"name":"wp","href":"https:\/\/api.w.org\/{rel}","templated":true}]}}