{"id":2184,"date":"2023-09-12T09:39:42","date_gmt":"2023-09-12T09:39:42","guid":{"rendered":"https:\/\/romanigodi.org\/?p=2184"},"modified":"2023-09-12T09:39:42","modified_gmt":"2023-09-12T09:39:42","slug":"esma-redzepova-akademisi-8","status":"publish","type":"post","link":"https:\/\/romanigodi.org\/?p=2184","title":{"rendered":"Esma Redzepova Akademisi"},"content":{"rendered":"<h3 style=\"text-align: center;\">Roman Mahallelerinde Hak Temelli \u00c7al\u0131\u015fma \u2013 Roman Haklar\u0131n\u0131n Korunmas\u0131 ve Geli\u015ftirilmesi i\u00e7in \u0130zleme ve Raporlama<\/h3>\n<p><img fetchpriority=\"high\" decoding=\"async\" class=\"wp-image-2185 aligncenter\" src=\"https:\/\/romanigodi.org\/wp-content\/uploads\/2023\/09\/71b93d78-add7-4ba3-8f1a-dd7ab8586690.jpg\" alt=\"\" width=\"481\" height=\"357\" \/><\/p>\n<p>Roman Mahallelerinde Hak Temelli \u00c7al\u0131\u015fma \u2013 Roman Haklar\u0131n\u0131n Korunmas\u0131 ve Geli\u015ftirilmesi i\u00e7in \u0130zleme ve Raporlama E\u011fitim program\u0131 15 Haziran 2023 tarihinde k\u0131ymetli hocalar\u0131m\u0131z Seda Alp ve Sevin\u00e7 Ko\u00e7ak\u2019 \u0131n sunumlar\u0131yla ger\u00e7ekle\u015ftirildi. E\u011fitim program\u0131 kapsam\u0131nda Hak Temelli \u00e7al\u0131\u015fma modeli tan\u0131m\u0131 ve uygulamas\u0131 ile Roman topluluklar\u0131n maruz kald\u0131klar\u0131 hak ihlalleriyle m\u00fccadele konular\u0131nda bilgi ve deneyim aktar\u0131mlar\u0131 ger\u00e7ekle\u015ftirilmi\u015ftir.<\/p>\n","protected":false},"excerpt":{"rendered":"<p>Roman Mahallelerinde Hak Temelli \u00c7al\u0131\u015fma \u2013 Roman Haklar\u0131n\u0131n Korunmas\u0131 ve Geli\u015ftirilmesi i\u00e7in \u0130zleme ve Raporlama Roman Mahallelerinde Hak Temelli \u00c7al\u0131\u015fma \u2013 Roman Haklar\u0131n\u0131n Korunmas\u0131 ve Geli\u015ftirilmesi i\u00e7in \u0130zleme ve Raporlama E\u011fitim program\u0131 15 Haziran 2023 tarihinde k\u0131ymetli hocalar\u0131m\u0131z Seda Alp ve Sevin\u00e7 Ko\u00e7ak\u2019 \u0131n sunumlar\u0131yla ger\u00e7ekle\u015ftirildi. E\u011fitim program\u0131 kapsam\u0131nda Hak Temelli \u00e7al\u0131\u015fma modeli tan\u0131m\u0131 ve [&hellip;]<\/p>\n","protected":false},"author":1,"featured_media":2186,"comment_status":"open","ping_status":"open","sticky":false,"template":"","format":"standard","meta":{"footnotes":""},"categories":[8,15],"tags":[],"class_list":["post-2184","post","type-post","status-publish","format-standard","has-post-thumbnail","hentry","category-calismalar","category-genel"],"_links":{"self":[{"href":"https:\/\/romanigodi.org\/index.php?rest_route=\/wp\/v2\/posts\/2184","targetHints":{"allow":["GET"]}}],"collection":[{"href":"https:\/\/romanigodi.org\/index.php?rest_route=\/wp\/v2\/posts"}],"about":[{"href":"https:\/\/romanigodi.org\/index.php?rest_route=\/wp\/v2\/types\/post"}],"author":[{"embeddable":true,"href":"https:\/\/romanigodi.org\/index.php?rest_route=\/wp\/v2\/users\/1"}],"replies":[{"embeddable":true,"href":"https:\/\/romanigodi.org\/index.php?rest_route=%2Fwp%2Fv2%2Fcomments&post=2184"}],"version-history":[{"count":0,"href":"https:\/\/romanigodi.org\/index.php?rest_route=\/wp\/v2\/posts\/2184\/revisions"}],"wp:featuredmedia":[{"embeddable":true,"href":"https:\/\/romanigodi.org\/index.php?rest_route=\/"}],"wp:attachment":[{"href":"https:\/\/romanigodi.org\/index.php?rest_route=%2Fwp%2Fv2%2Fmedia&parent=2184"}],"wp:term":[{"taxonomy":"category","embeddable":true,"href":"https:\/\/romanigodi.org\/index.php?rest_route=%2Fwp%2Fv2%2Fcategories&post=2184"},{"taxonomy":"post_tag","embeddable":true,"href":"https:\/\/romanigodi.org\/index.php?rest_route=%2Fwp%2Fv2%2Ftags&post=2184"}],"curies":[{"name":"wp","href":"https:\/\/api.w.org\/{rel}","templated":true}]}}