{"id":2190,"date":"2023-09-14T07:38:09","date_gmt":"2023-09-14T07:38:09","guid":{"rendered":"https:\/\/romanigodi.org\/?p=2190"},"modified":"2023-09-14T07:38:09","modified_gmt":"2023-09-14T07:38:09","slug":"esma-redzepova-akademisi-9","status":"publish","type":"post","link":"https:\/\/romanigodi.org\/?p=2190","title":{"rendered":"Esma Redzepova Akademisi"},"content":{"rendered":"<h3 style=\"text-align: center;\">Romanlar\u0131n \u0130nsan Haklar\u0131 M\u00fccadelesi<\/h3>\n<p><img fetchpriority=\"high\" decoding=\"async\" class=\"wp-image-2191 aligncenter\" src=\"https:\/\/romanigodi.org\/wp-content\/uploads\/2023\/09\/SAVE_20230622_122716.jpg\" alt=\"\" width=\"481\" height=\"360\" \/><\/p>\n<p>Romanlar\u0131n \u0130nsan Haklar\u0131 M\u00fccadelesi E\u011fitimi de\u011ferli aktivist Hacer Foggo\u2019 nun sunumuyla ger\u00e7ekle\u015ftirildi. 21 Haziran 2023 tarihinde Program kapsam\u0131nda Roman topluluklar\u0131n\u0131n k\u00fclt\u00fcrel, sosyal ve siyasal hayata kat\u0131l\u0131mlar\u0131n\u0131 g\u00fc\u00e7lendirmeye y\u00f6nelik ger\u00e7ekle\u015ftirilen \u00f6rnek faaliyetler ile \u00f6zellikle Selendi ve Sulukule davalar\u0131nda Roman topluluklar\u0131n\u0131n adalete eri\u015fimleri, savunuculuk ve kampanya haz\u0131rlama gibi konular\u0131n aktar\u0131mlar\u0131 ger\u00e7ekle\u015ftirildi.<\/p>\n","protected":false},"excerpt":{"rendered":"<p>Romanlar\u0131n \u0130nsan Haklar\u0131 M\u00fccadelesi Romanlar\u0131n \u0130nsan Haklar\u0131 M\u00fccadelesi E\u011fitimi de\u011ferli aktivist Hacer Foggo\u2019 nun sunumuyla ger\u00e7ekle\u015ftirildi. 21 Haziran 2023 tarihinde Program kapsam\u0131nda Roman topluluklar\u0131n\u0131n k\u00fclt\u00fcrel, sosyal ve siyasal hayata kat\u0131l\u0131mlar\u0131n\u0131 g\u00fc\u00e7lendirmeye y\u00f6nelik ger\u00e7ekle\u015ftirilen \u00f6rnek faaliyetler ile \u00f6zellikle Selendi ve Sulukule davalar\u0131nda Roman topluluklar\u0131n\u0131n adalete eri\u015fimleri, savunuculuk ve kampanya haz\u0131rlama gibi konular\u0131n aktar\u0131mlar\u0131 ger\u00e7ekle\u015ftirildi.<\/p>\n","protected":false},"author":1,"featured_media":2193,"comment_status":"open","ping_status":"open","sticky":false,"template":"","format":"standard","meta":{"footnotes":""},"categories":[8,15],"tags":[],"class_list":["post-2190","post","type-post","status-publish","format-standard","has-post-thumbnail","hentry","category-calismalar","category-genel"],"_links":{"self":[{"href":"https:\/\/romanigodi.org\/index.php?rest_route=\/wp\/v2\/posts\/2190","targetHints":{"allow":["GET"]}}],"collection":[{"href":"https:\/\/romanigodi.org\/index.php?rest_route=\/wp\/v2\/posts"}],"about":[{"href":"https:\/\/romanigodi.org\/index.php?rest_route=\/wp\/v2\/types\/post"}],"author":[{"embeddable":true,"href":"https:\/\/romanigodi.org\/index.php?rest_route=\/wp\/v2\/users\/1"}],"replies":[{"embeddable":true,"href":"https:\/\/romanigodi.org\/index.php?rest_route=%2Fwp%2Fv2%2Fcomments&post=2190"}],"version-history":[{"count":0,"href":"https:\/\/romanigodi.org\/index.php?rest_route=\/wp\/v2\/posts\/2190\/revisions"}],"wp:featuredmedia":[{"embeddable":true,"href":"https:\/\/romanigodi.org\/index.php?rest_route=\/"}],"wp:attachment":[{"href":"https:\/\/romanigodi.org\/index.php?rest_route=%2Fwp%2Fv2%2Fmedia&parent=2190"}],"wp:term":[{"taxonomy":"category","embeddable":true,"href":"https:\/\/romanigodi.org\/index.php?rest_route=%2Fwp%2Fv2%2Fcategories&post=2190"},{"taxonomy":"post_tag","embeddable":true,"href":"https:\/\/romanigodi.org\/index.php?rest_route=%2Fwp%2Fv2%2Ftags&post=2190"}],"curies":[{"name":"wp","href":"https:\/\/api.w.org\/{rel}","templated":true}]}}