{"id":2410,"date":"2024-04-15T12:30:21","date_gmt":"2024-04-15T12:30:21","guid":{"rendered":"https:\/\/romanigodi.org\/?p=2410"},"modified":"2024-04-15T12:30:21","modified_gmt":"2024-04-15T12:30:21","slug":"roman-haklarina-duyarli-gazetecilik-calistayi","status":"publish","type":"post","link":"https:\/\/romanigodi.org\/?p=2410","title":{"rendered":"ROMAN HAKLARINA DUYARLI GAZETEC\u0130L\u0130K \u00c7ALI\u015eTAYI"},"content":{"rendered":"<p>\u201cRoman Kar\u015f\u0131tl\u0131\u011f\u0131na Dur De\u201d projesi kapsam\u0131nda yap\u0131lacak \u00e7al\u0131\u015ftay i\u00e7in ba\u015fvurular\u0131n\u0131z\u0131 bekliyoruz! \ud83c\udf10<\/p>\n<div><\/div>\n<div>\n<p>Romanlar\u0131n ya\u015fad\u0131\u011f\u0131 hak ihlallerine, e\u015fit haklara eri\u015fimlerin engellenmesine, Roman Dili ve k\u00fclt\u00fcr\u00fcn\u00fcn yok olma tehlikesine kar\u015f\u0131 hak temelli faaliyet y\u00fcr\u00fcten ve kolektif bir haf\u0131za yaratmak \u00fczere \u00e7al\u0131\u015fan Roman Haf\u0131za \u00c7al\u0131\u015fmalar\u0131 Derne\u011fi (Romani Godi), Romanlarla ilgili hak odakl\u0131 haber ve i\u00e7erik \u00fcretimine katk\u0131da bulunmak amac\u0131yla 27 Nisan 2024 tarihinde \u0130stanbul&#8217;da bir \u00e7al\u0131\u015ftay ger\u00e7ekle\u015ftiriyor.<\/p>\n<p>Bu \u00e7al\u0131\u015ftay program\u0131, nefret s\u00f6ylemine kar\u015f\u0131 \u015fiddetsiz bir dili tercih eden, bu konuda kendini geli\u015ftirmeye ve Romanlar\u0131n kar\u015f\u0131la\u015ft\u0131\u011f\u0131 hak ihlallerini tan\u0131maya ve anlamaya istekli yerel gazeteciler, ba\u011f\u0131ms\u0131z gazeteciler, i\u00e7erik \u00fcreticileri, dijital medya \u00e7al\u0131\u015fanlar\u0131 ve\u00a0 sivil toplum \u00f6rg\u00fct\u00fc \u00fcyeleri ve \u00e7al\u0131\u015fanlar\u0131na y\u00f6nelik haz\u0131rlanm\u0131\u015ft\u0131r.<\/p>\n<p>\u00c7al\u0131\u015ftay program\u0131na ili\u015fkin detaylar ve ba\u015fvuru formunu doldurmak isteyen kat\u0131l\u0131mc\u0131lar\u0131n 22 Nisan 2024, Pazar g\u00fcn\u00fc saat 18.00\u2019e kadar bio\u2019da yer alan linkten ya da www.romanigodi.org adresindeki duyurular b\u00f6l\u00fcm\u00fcndeki ba\u015fvuru formunu doldurmas\u0131n\u0131 rica ederiz.<\/p>\n<\/div>\n<p>&nbsp;<\/p>\n<div><img fetchpriority=\"high\" decoding=\"async\" class=\"alignnone size-full wp-image-2412\" src=\"https:\/\/romanigodi.org\/wp-content\/uploads\/2024\/04\/calistay-1.jpg\" alt=\"\" width=\"2000\" height=\"1428\" \/><\/div>\n<p>&nbsp;<\/p>\n<p>&nbsp;<\/p>\n<p>&nbsp;<\/p>\n<div>\n<p><strong>Ba\u015fvuru formuna <a href=\"https:\/\/forms.gle\/8trME9oYZBS7GocZ9\">buradan<\/a> ula\u015fabilirsiniz&#8230;<\/strong><\/p>\n<p>Soru ve g\u00f6r\u00fc\u015fleriniz i\u00e7in bizlere info@romanigodi.org eposta adresi \u00fczerinden ula\u015fabilirsiniz.<\/p>\n<p><a href=\"https:\/\/www.instagram.com\/explore\/tags\/romankar%C5%9F%C4%B1tl%C4%B1%C4%9F%C4%B1nadurde\/\">#RomanKar\u015f\u0131tl\u0131\u011f\u0131naDurDe<\/a>\u00a0<a href=\"https:\/\/www.instagram.com\/explore\/tags\/romanigodi\/\">#RomaniGodi<\/a><br \/>\n<a href=\"https:\/\/www.instagram.com\/explore\/tags\/nefrets%C3%B6yleminekar%C5%9F%C4%B1durde\/\">#NefretS\u00f6ylemineKar\u015f\u0131DurDe<\/a>\u00a0<a href=\"https:\/\/www.instagram.com\/explore\/tags\/i%CC%87ncele\/\">#\u0130ncEle<\/a>\u00a0<a href=\"https:\/\/www.instagram.com\/explore\/tags\/sahneprojesi\/\">#SahneProjesi<\/a><\/p>\n<p>Bu \u00e7al\u0131\u015fma, T\u00fcrkiye Avrupa Vakf\u0131 (TAV) taraf\u0131ndan uygulanan; Sahte Haberler ve Nefret S\u00f6ylemiyle M\u00fccadele Erken Uyar\u0131 Sistemi (SAHNE) projesi kapsam\u0131nda y\u00fcr\u00fct\u00fclmektedir.\u00a0<a href=\"https:\/\/www.instagram.com\/turkiyeavrupavakfi\/\">@turkiyeavrupavakfi<\/a>\u00a0<a href=\"https:\/\/www.instagram.com\/sahneprojesi\/\">@sahneprojesi<\/a>\u00a0<a href=\"https:\/\/www.instagram.com\/euinturkiye\/\">@euinturkiye<\/a><\/p>\n<\/div>\n<p>&nbsp;<\/p>\n","protected":false},"excerpt":{"rendered":"<p>\u201cRoman Kar\u015f\u0131tl\u0131\u011f\u0131na Dur De\u201d projesi kapsam\u0131nda yap\u0131lacak \u00e7al\u0131\u015ftay i\u00e7in ba\u015fvurular\u0131n\u0131z\u0131 bekliyoruz! \ud83c\udf10 Romanlar\u0131n ya\u015fad\u0131\u011f\u0131 hak ihlallerine, e\u015fit haklara eri\u015fimlerin engellenmesine, Roman Dili ve k\u00fclt\u00fcr\u00fcn\u00fcn yok olma tehlikesine kar\u015f\u0131 hak temelli faaliyet y\u00fcr\u00fcten ve kolektif bir haf\u0131za yaratmak \u00fczere \u00e7al\u0131\u015fan Roman Haf\u0131za \u00c7al\u0131\u015fmalar\u0131 Derne\u011fi (Romani Godi), Romanlarla ilgili hak odakl\u0131 haber ve i\u00e7erik \u00fcretimine katk\u0131da bulunmak [&hellip;]<\/p>\n","protected":false},"author":1,"featured_media":2412,"comment_status":"open","ping_status":"open","sticky":false,"template":"","format":"standard","meta":{"footnotes":""},"categories":[12,15],"tags":[],"class_list":["post-2410","post","type-post","status-publish","format-standard","has-post-thumbnail","hentry","category-duyurular-2","category-genel"],"_links":{"self":[{"href":"https:\/\/romanigodi.org\/index.php?rest_route=\/wp\/v2\/posts\/2410","targetHints":{"allow":["GET"]}}],"collection":[{"href":"https:\/\/romanigodi.org\/index.php?rest_route=\/wp\/v2\/posts"}],"about":[{"href":"https:\/\/romanigodi.org\/index.php?rest_route=\/wp\/v2\/types\/post"}],"author":[{"embeddable":true,"href":"https:\/\/romanigodi.org\/index.php?rest_route=\/wp\/v2\/users\/1"}],"replies":[{"embeddable":true,"href":"https:\/\/romanigodi.org\/index.php?rest_route=%2Fwp%2Fv2%2Fcomments&post=2410"}],"version-history":[{"count":0,"href":"https:\/\/romanigodi.org\/index.php?rest_route=\/wp\/v2\/posts\/2410\/revisions"}],"wp:featuredmedia":[{"embeddable":true,"href":"https:\/\/romanigodi.org\/index.php?rest_route=\/"}],"wp:attachment":[{"href":"https:\/\/romanigodi.org\/index.php?rest_route=%2Fwp%2Fv2%2Fmedia&parent=2410"}],"wp:term":[{"taxonomy":"category","embeddable":true,"href":"https:\/\/romanigodi.org\/index.php?rest_route=%2Fwp%2Fv2%2Fcategories&post=2410"},{"taxonomy":"post_tag","embeddable":true,"href":"https:\/\/romanigodi.org\/index.php?rest_route=%2Fwp%2Fv2%2Ftags&post=2410"}],"curies":[{"name":"wp","href":"https:\/\/api.w.org\/{rel}","templated":true}]}}