{"id":2493,"date":"2024-07-05T12:17:46","date_gmt":"2024-07-05T12:17:46","guid":{"rendered":"https:\/\/romanigodi.org\/?p=2493"},"modified":"2025-11-25T11:34:00","modified_gmt":"2025-11-25T11:34:00","slug":"deprem-bolgesinde-dom-abdal-ve-roman-kadinlarin-adalete-erisiminin-guclendirilmesi-icin-calisiyoruz","status":"publish","type":"post","link":"https:\/\/romanigodi.org\/?p=2493","title":{"rendered":"Deprem B\u00f6lgesinde Dom, Abdal ve Roman Kad\u0131nlar\u0131n Adalete Eri\u015fiminin G\u00fc\u00e7lendirilmesi \u0130\u00e7in \u00c7al\u0131\u015f\u0131yoruz"},"content":{"rendered":"<p>Gaziantep ve Hatay&#8217;daki Dom, Abdal ve Roman kad\u0131nlar\u0131n\u0131n yan\u0131nda olacak, onlara destek verecek ve seslerini duyuracak\u00a0 &#8220;Dom, Abdal ve Roman Kad\u0131nlar\u0131n Adalete Eri\u015fiminin G\u00fc\u00e7lendirilmesi&#8221;\u00a0 projesi ile deprem b\u00f6lgesinde ya\u015fayan kad\u0131nlar\u0131n adalete eri\u015fimini kolayla\u015ft\u0131rmay\u0131 ama\u00e7l\u0131yoruz.<\/p>\n<h3 id=\"goal\"><strong>Proje Hedefleri<\/strong><\/h3>\n<ul class=\"clearfix\">\n<li>Deprem b\u00f6lgesinde \u00e7al\u0131\u015fan Dom, Abdal ve Roman derneklerinin toplumsal cinsiyet e\u015fitli\u011fi, temel insan haklar\u0131, kad\u0131n\u0131n insan haklar\u0131, adalet ve e\u015fitlik mekanizmalar\u0131 konular\u0131nda g\u00fc\u00e7lendirilmesi.<\/li>\n<li>Deprem b\u00f6lgesinde ya\u015fayan Dom, Abdal ve Roman kad\u0131nlar\u0131n temel insan haklar\u0131, kad\u0131n insan haklar\u0131, adalet ve e\u015fitlik mekanizmalar\u0131na ba\u015fvuru yollar\u0131 ve adli yard\u0131m konular\u0131nda bilgilendirilmesi ve fark\u0131ndal\u0131\u011f\u0131n\u0131n art\u0131r\u0131lmas\u0131.<\/li>\n<li>Dom, Abdal ve Roman derneklerinin barolar ve kad\u0131n\u0131n insan haklar\u0131 ile kad\u0131n\u0131n desteklenmesi alan\u0131nda \u00e7al\u0131\u015fan sivil toplum kurulu\u015flar\u0131 ile ili\u015fkilerinin g\u00fc\u00e7lendirilmesi.<\/li>\n<\/ul>\n<h3 id=\"activity\"><strong>Proje Faaliyetleri<\/strong><\/h3>\n<h4><strong>Toplumsal Cinsiyet E\u015fitli\u011fi At\u00f6lyeleri<\/strong><\/h4>\n<p><img fetchpriority=\"high\" decoding=\"async\" class=\"alignright wp-image-2527\" src=\"https:\/\/romanigodi.org\/wp-content\/uploads\/2024\/07\/WhatsApp-Image-2024-07-05-at-15.08.57.jpeg\" alt=\"\" width=\"376\" height=\"282\" \/><\/p>\n<p>Deprem b\u00f6lgesinde \u00e7al\u0131\u015fma yapan Dom, Abdal ve Roman dernekler i\u00e7in Gaziantep ve Hatay\u2019da \u201ctoplumsal cinsiyet e\u015fitli\u011fi, kad\u0131n haklar\u0131, adalet ve e\u015fitlik mekanizmalar\u0131, adalet ve e\u015fitlik mekanizmalar\u0131na ba\u015fvuru yollar\u0131 ve adli yard\u0131m\u201d konular\u0131nda g\u00fc\u00e7lendirme at\u00f6lyeleri d\u00fczenlenecek.<\/p>\n<p>&nbsp;<\/p>\n<p><strong>Adli Yard\u0131m ve Destek Program\u0131<\/strong><\/p>\n<p>Kat\u0131l\u0131mc\u0131 derneklere \u201cAdalet ve E\u015fitlik mekanizmalar\u0131na ba\u015fvuru yollar\u0131\u201d ve \u201cAdli yard\u0131m\u201d konular\u0131nda detayl\u0131 e\u011fitim, ment\u00f6rl\u00fck ve hukuki dan\u0131\u015fmanl\u0131k deste\u011fi verilecek.<\/p>\n<p>&nbsp;<\/p>\n<h4><strong>Bilgilendirme ve Fark\u0131ndal\u0131k Art\u0131rma At\u00f6lyeleri<\/strong><\/h4>\n<p><img decoding=\"async\" class=\"wp-image-2526 alignleft\" src=\"https:\/\/romanigodi.org\/wp-content\/uploads\/2024\/07\/WhatsApp-Image-2024-07-05-at-15.03.34.jpeg\" alt=\"\" width=\"372\" height=\"279\" \/><\/p>\n<p>Dom, Abdal ve Roman kad\u0131nlar i\u00e7in Gaziantep ve Hatay\u2019da \u201ctemel insan haklar\u0131, kad\u0131n insan haklar\u0131, adalet ve e\u015fitlik mekanizmalar\u0131, adalet ve e\u015fitlik mekanizmalar\u0131na ba\u015fvuru yollar\u0131 ve adli yard\u0131m\u201d konular\u0131nda bilgilendirme ve fark\u0131ndal\u0131k art\u0131rma at\u00f6lyeleri d\u00fczenlenecek.<\/p>\n<p>&nbsp;<\/p>\n<h4><strong>Diyalog Toplant\u0131lar\u0131<\/strong><\/h4>\n<p>Roman dernek temsilcilerinin, \u201cKad\u0131n\u0131n \u0130nsan Haklar\u0131 ve Kad\u0131nlar\u0131n Desteklenmesi\u201d alan\u0131nda \u00e7al\u0131\u015fan dernekler ve barolara ba\u011fl\u0131 hukuk\u00e7ular ile bir araya gelerek tan\u0131\u015fmas\u0131, tecr\u00fcbe payla\u015f\u0131m\u0131 ve uzun vadede i\u015fbirli\u011fi yapabilmek i\u00e7in diyalog toplant\u0131lar\u0131 organize edilecek.<\/p>\n<p>&nbsp;<\/p>\n<p style=\"text-align: center;\"><span style=\"color: #ffffff;\"><a style=\"color: #ffffff;\" href=\"goal\">Proje Hedefleri B\u00f6l\u00fcm\u00fcne Git<\/a> \u00a0\u00a0<a style=\"color: #ffffff;\" href=\"activity\">Proje Faaliyetleri B\u00f6l\u00fcm\u00fcne Git<\/a><\/span><\/p>\n<p>&nbsp;<\/p>\n<p>&nbsp;<\/p>\n<p><img decoding=\"async\" class=\" wp-image-2018 alignleft\" src=\"https:\/\/romanigodi.org\/wp-content\/uploads\/2023\/03\/logo-alt.png\" alt=\"\" width=\"244\" height=\"157\" \/> <img loading=\"lazy\" decoding=\"async\" class=\" wp-image-2496 alignnone\" src=\"https:\/\/romanigodi.org\/wp-content\/uploads\/2024\/07\/sivildus.jpeg\" alt=\"\" width=\"149\" height=\"148\" \/><\/p>\n<p style=\"text-align: center;\">\u00a9 2024 Dom, Abdal ve Roman Kad\u0131nlar\u0131n Adalete Eri\u015fimin G\u00fc\u00e7lendirilmesi<\/p>\n<p>&nbsp;<\/p>\n<p><a href=\"http:\/\/siviltoplumdestek.org\/\"><img loading=\"lazy\" decoding=\"async\" class=\"alignnone wp-image-2497\" src=\"https:\/\/romanigodi.org\/wp-content\/uploads\/2024\/07\/stdv_logo.png\" alt=\"\" width=\"131\" height=\"131\" \/><\/a>\u00a0 \u00a0 \u00a0 \u00a0 \u00a0 \u00a0 \u00a0 \u00a0 \u00a0 <a href=\"http:\/\/turkeymozaik.org.uk\/\"><img loading=\"lazy\" decoding=\"async\" class=\"alignnone wp-image-2498\" src=\"https:\/\/romanigodi.org\/wp-content\/uploads\/2024\/07\/turkiye_mozaik_logo.png\" alt=\"\" width=\"246\" height=\"155\" \/><\/a><\/p>\n<p>&nbsp;<\/p>\n<p><span style=\"font-size: 12px;\">[Bu internet sayfas\u0131nda bahsi ge\u00e7en &#8220;Dom, Abdal ve Roman Kad\u0131nlar\u0131n Adalete Eri\u015fiminin G\u00fc\u00e7lendirilmesi&#8221; projesi, Sivil Toplum i\u00e7in Destek Vakf\u0131 ve Turkey Mozaik Foundation i\u015fbirli\u011fiyle hayata ge\u00e7irilen Yerel G\u00fc\u00e7lenmeye Destek Fonu deste\u011fiyle haz\u0131rlanm\u0131\u015ft\u0131r. \u0130\u00e7eri\u011finden yaln\u0131zca Roman Haf\u0131za \u00c7al\u0131\u015fmalar\u0131 Derne\u011fi (Romani Godi) ve Sivil D\u00fc\u015fler Derne\u011fi sorumlu olup, herhangi bir \u015fekilde destek\u00e7i kurumlar\u0131n g\u00f6r\u00fc\u015flerini yans\u0131tmamaktad\u0131r.]<\/span><\/p>\n","protected":false},"excerpt":{"rendered":"<p>Gaziantep ve Hatay&#8217;daki Dom, Abdal ve Roman kad\u0131nlar\u0131n\u0131n yan\u0131nda olacak, onlara destek verecek ve seslerini duyuracak\u00a0 &#8220;Dom, Abdal ve Roman Kad\u0131nlar\u0131n Adalete Eri\u015fiminin G\u00fc\u00e7lendirilmesi&#8221;\u00a0 projesi ile deprem b\u00f6lgesinde ya\u015fayan kad\u0131nlar\u0131n adalete eri\u015fimini kolayla\u015ft\u0131rmay\u0131 ama\u00e7l\u0131yoruz. Proje Hedefleri Deprem b\u00f6lgesinde \u00e7al\u0131\u015fan Dom, Abdal ve Roman derneklerinin toplumsal cinsiyet e\u015fitli\u011fi, temel insan haklar\u0131, kad\u0131n\u0131n insan haklar\u0131, adalet ve [&hellip;]<\/p>\n","protected":false},"author":1,"featured_media":2509,"comment_status":"open","ping_status":"open","sticky":false,"template":"","format":"standard","meta":{"footnotes":""},"categories":[23],"tags":[54,55,56,60,63,75,87,90,113,116],"class_list":["post-2493","post","type-post","status-publish","format-standard","has-post-thumbnail","hentry","category-projelerimiz","tag-ayrimcilik","tag-azinlik-haklari","tag-azinliklar","tag-cingeneler","tag-depremzede","tag-etnik-kimlik","tag-insan-haklari","tag-kadin","tag-roman","tag-roman-kadinlar"],"_links":{"self":[{"href":"https:\/\/romanigodi.org\/index.php?rest_route=\/wp\/v2\/posts\/2493","targetHints":{"allow":["GET"]}}],"collection":[{"href":"https:\/\/romanigodi.org\/index.php?rest_route=\/wp\/v2\/posts"}],"about":[{"href":"https:\/\/romanigodi.org\/index.php?rest_route=\/wp\/v2\/types\/post"}],"author":[{"embeddable":true,"href":"https:\/\/romanigodi.org\/index.php?rest_route=\/wp\/v2\/users\/1"}],"replies":[{"embeddable":true,"href":"https:\/\/romanigodi.org\/index.php?rest_route=%2Fwp%2Fv2%2Fcomments&post=2493"}],"version-history":[{"count":1,"href":"https:\/\/romanigodi.org\/index.php?rest_route=\/wp\/v2\/posts\/2493\/revisions"}],"predecessor-version":[{"id":3567,"href":"https:\/\/romanigodi.org\/index.php?rest_route=\/wp\/v2\/posts\/2493\/revisions\/3567"}],"wp:featuredmedia":[{"embeddable":true,"href":"https:\/\/romanigodi.org\/index.php?rest_route=\/"}],"wp:attachment":[{"href":"https:\/\/romanigodi.org\/index.php?rest_route=%2Fwp%2Fv2%2Fmedia&parent=2493"}],"wp:term":[{"taxonomy":"category","embeddable":true,"href":"https:\/\/romanigodi.org\/index.php?rest_route=%2Fwp%2Fv2%2Fcategories&post=2493"},{"taxonomy":"post_tag","embeddable":true,"href":"https:\/\/romanigodi.org\/index.php?rest_route=%2Fwp%2Fv2%2Ftags&post=2493"}],"curies":[{"name":"wp","href":"https:\/\/api.w.org\/{rel}","templated":true}]}}