{"id":2670,"date":"2024-09-07T14:32:33","date_gmt":"2024-09-07T14:32:33","guid":{"rendered":"https:\/\/romanigodi.org\/?p=2670"},"modified":"2024-09-07T14:32:33","modified_gmt":"2024-09-07T14:32:33","slug":"romani-godi-kvkk-beyani","status":"publish","type":"post","link":"https:\/\/romanigodi.org\/?p=2670","title":{"rendered":"Romani Godi KVKK Beyani"},"content":{"rendered":"<p>Ki\u015fisel Verilerin Korunmas\u0131 Kanunu<br \/>\nKVKK Ayd\u0131nlatma Metni<br \/>\n6698 say\u0131l\u0131 Ki\u015fisel Verilerin Korunmas\u0131 Kanunu (\u201cKVKK\u201d) kapsam\u0131nda veri sorumlusu s\u0131fat\u0131 bulunan Roman Haf\u0131za \u00c7al\u0131\u015fmalar\u0131 Derne\u011fi(Romani Godi\/Dernek) olarak, ki\u015fisel veriler ve ki\u015fisel verilerin gizlili\u011fi ile g\u00fcvenli\u011finizi ciddi \u00f6l\u00e7\u00fcde \u00f6nemsiyoruz. Temel hak ve \u00f6zg\u00fcrl\u00fcklerinize zarar vermemek kayd\u0131yla ki\u015fisel verilerinizi KVKK\u2019n\u0131n 5. maddesinde belirtilen ki\u015fisel verilerin i\u015flenme \u015fartlar\u0131na uygun olarak i\u015flemek ve muhafaza etmek i\u00e7in gerekli g\u00fcvenlik tedbirlerini en \u00fcst seviyede uygulamaya \u00e7al\u0131\u015f\u0131yoruz.<\/p>\n<p>Bu ama\u00e7la KVKK\u2019n\u0131n 10.maddesinde belirtilen veri sorumlusunun ayd\u0131nlatma y\u00fck\u00fcml\u00fcl\u00fc\u011f\u00fc ile Ayd\u0131nlatma Y\u00fck\u00fcml\u00fcl\u00fc\u011f\u00fcn\u00fcn Yerine Getirilmesinde Uyulacak Usul ve Esaslar Hakk\u0131nda Tebli\u011f kapsam\u0131nda veri sorumlusu s\u0131fat\u0131yla  ki\u015fisel verilerinizin hangi ama\u00e7la i\u015flenece\u011fi, hangi ama\u00e7la ve kimlere aktar\u0131laca\u011f\u0131, veri i\u015fleme y\u00f6ntemi, hukuki sebepleri ve haklar\u0131n\u0131za ili\u015fkin olarak sizi ayd\u0131nlatmak istiyoruz.<\/p>\n<p>1- Kanun Kapsam\u0131nda Genel Tan\u0131mlar<\/p>\n<p>Ki\u015fisel Veri: Kimli\u011fi belirli veya belirlenebilir ger\u00e7ek ki\u015fiye ili\u015fkin her t\u00fcrl\u00fc bilgiyi,<\/p>\n<p>Veri Sorumlusu:  Ki\u015fisel verilerin i\u015fleme ama\u00e7lar\u0131n\u0131 ve vas\u0131talar\u0131n\u0131 belirleyen, veri kay\u0131t sisteminin kurulmas\u0131ndan ve y\u00f6netilmesinden sorumlu olan ger\u00e7ek veya t\u00fczel ki\u015fiyi,<\/p>\n<p>Veri \u0130\u015fleyen: Veri sorumlusunun verdi\u011fi yetkiye dayanarak onun ad\u0131na ki\u015fisel verileri i\u015fleyen ger\u00e7ek veya t\u00fczel ki\u015fiyi,<\/p>\n<p>Ki\u015fisel Verinin \u0130\u015flenmesi: Ki\u015fisel verilerin tamamen veya k\u0131smen elde edilmesi, kaydedilmesi, depolanmas\u0131, muhafaza edilmesi, de\u011fi\u015ftirilmesi, yeniden d\u00fczenlenmesi, a\u00e7\u0131klanmas\u0131, aktar\u0131lmas\u0131, devral\u0131nmas\u0131, elde edilebilir h\u00e2le getirilmesi, s\u0131n\u0131fland\u0131r\u0131lmas\u0131, kullan\u0131lmas\u0131n\u0131n engellenmesi, yok edilmesi, anonim hale getirilmesi gibi veriler \u00fczerinde ger\u00e7ekle\u015ftirilen her t\u00fcrl\u00fc i\u015flemi ifade eder.<\/p>\n<p>2- Ki\u015fisel Verilerinizin Toplanma Y\u00f6ntemi ve Hukuki Dayana\u011f\u0131<\/p>\n<p>Roman Haf\u0131za \u00c7al\u0131\u015fmalar\u0131 Derne\u011fi olarak, kurumumuza yapt\u0131\u011f\u0131n\u0131z i\u015f, g\u00f6n\u00fcll\u00fcl\u00fck, \u00fcyelik ba\u015fvurular\u0131n\u0131z,  hibe program\u0131 ba\u015fvurular\u0131n\u0131z, hukuki destek ba\u015fvurular\u0131n\u0131z, b\u00fclten abonelik ba\u015fvurular\u0131n\u0131z, etkinlik ve  \u00e7al\u0131\u015fmalara ili\u015fkin kay\u0131t ba\u015fvurular\u0131n\u0131z, derne\u011fe fiziki olarak ve\/veya telefon \u00fczerinden yapt\u0131\u011f\u0131n\u0131z g\u00f6r\u00fc\u015fmeler sonucunda ve \/veya e-posta yoluyla verdi\u011finiz ki\u015fisel bilgileriniz ve bizimle dijital veya y\u00fcz y\u00fcze ortamlarda yapt\u0131\u011f\u0131n\u0131z g\u00f6r\u00fc\u015fmelerde beyan etti\u011finiz ki\u015fisel verilerinizin yaz\u0131l\u0131 ve dijital ortamlarda toplanmakta ve i\u015flenmektedir.<\/p>\n<p>Bu kapsamda bize aktard\u0131\u011f\u0131n\u0131z bilgileriniz ba\u015fvuru amac\u0131n\u0131za uygun olarak sizinle ileti\u015fime ge\u00e7mek ve ba\u015fvurunuzun amac\u0131n\u0131 ger\u00e7ekle\u015ftirmek, y\u00fcr\u00fct\u00fclen i\u015f kapsam\u0131nda s\u00fcrece ili\u015fkin bilgi vermek, koordinasyonu sa\u011flamak, ileti\u015fim ve i\u015fbirli\u011finin g\u00fc\u00e7lendirilmesi amac\u0131yla kullan\u0131lmaktad\u0131r.<\/p>\n<p>Derne\u011fimize yapt\u0131\u011f\u0131n\u0131z i\u015f ve\/veya g\u00f6n\u00fcll\u00fcl\u00fck ba\u015fvurular\u0131n\u0131z s\u0131ras\u0131nda bizimle payla\u015ft\u0131\u011f\u0131n\u0131z ki\u015fisel verileriniz a\u00e7\u0131k bir i\u015f ve\/veya g\u00f6n\u00fcll\u00fcl\u00fck pozisyonu olmas\u0131 durumunda sizlerle irtibata ge\u00e7mek, s\u00fcrece ili\u015fkin bilgi vermek amac\u0131yla saklanmaktad\u0131r.<\/p>\n<p>Dernek taraf\u0131ndan \u00e7\u0131kar\u0131lan b\u00fcltene abone olman\u0131z ve etkinliklere kay\u0131t yapt\u0131rman\u0131z durumunda g\u00fcncel b\u00fclten ve etkinliklerden haberdar olman\u0131z amac\u0131yla size mail g\u00f6ndermek amac\u0131yla saklanmaktad\u0131r. Etkinliklere kay\u0131t s\u0131ras\u0131nda taraf\u0131n\u0131zdan etkinliklerden haberdar olma istedi\u011finiz ayr\u0131ca sorulmakla birlikte kay\u0131t esnas\u0131nda olumsuz karar\u0131n\u0131z neticesinde taraf\u0131n\u0131za g\u00fcncel etkinliklerin bildirimi yap\u0131lmamaktad\u0131r.<\/p>\n<p>Derne\u011fimiz ile yapt\u0131\u011f\u0131n\u0131z dan\u0131\u015fmanl\u0131k, uzmanl\u0131k, \u00e7evirmenlik, ajans, avukatl\u0131k, acente vb. hizmet s\u00f6zle\u015fmesi gere\u011fi taraf\u0131m\u0131za bildirdi\u011finiz ki\u015fisel verileriniz, daha sonra ortaya \u00e7\u0131kabilecek \u00e7al\u0131\u015fmalarda birlikte \u00e7al\u0131\u015fman\u0131n de\u011ferlendirilmesi amac\u0131yla saklanmaktad\u0131r.<\/p>\n<p>Derne\u011fimiz ile birlikte y\u00fcr\u00fctt\u00fc\u011f\u00fcn\u00fcz projeler kapsam\u0131nda, projelerin \u00e7al\u0131\u015fmalar\u0131n\u0131n s\u00fcrd\u00fcr\u00fclebilmesi, s\u00fcrece ili\u015fkin bilgi vermek amac\u0131yla ki\u015fisel verileriniz saklanmaktad\u0131r.<\/p>\n<p>Roman Haf\u0131za \u00c7al\u0131\u015fmalar\u0131 Derne\u011fi olarak, dernek t\u00fcz\u00fc\u011f\u00fcnde  belirtilen ama\u00e7lar do\u011frultusunda \u00e7al\u0131\u015fma ve faaliyetlerin y\u00fcr\u00fct\u00fclmesi, veri kay\u0131plar\u0131n\u0131n \u00f6n\u00fcne ge\u00e7mek i\u00e7in kopyalanmas\u0131\/yedekleme yap\u0131lmas\u0131 amac\u0131yla verileriniz saklanmaktad\u0131r.<\/p>\n<p>Ki\u015fisel verileriniz; Anayasa, T\u00fcrkiye\u2019nin taraf oldu\u011fu uluslararas\u0131 s\u00f6zle\u015fmeler, 6698 say\u0131l\u0131 Ki\u015fisel Verilerin Korunmas\u0131 Kanunu, Ceza Kanunu, Ki\u015fisel Verilerin Silinmesi, Yok Edilmesi Veya Anonim Hale Getirilmesi Hakk\u0131nda Y\u00f6netmelik, Ki\u015fisel Verileri Koruma Kurulu \u00c7al\u0131\u015fma Usul Ve Esaslar\u0131na Dair Y\u00f6netmelik, Ki\u015fisel Verileri Koruma Kurulu taraf\u0131ndan yay\u0131nlanan rehberler ve ilke kararlar ba\u015fta olmak \u00fczere ilgili mevzuat kapsam\u0131nda belirtilen veri i\u015fleme ilkelerine ve y\u00fck\u00fcml\u00fcl\u00fcklerine uygun, yasal mevzuat do\u011frultusunda i\u015flenmektedir.<\/p>\n<p>Roman Haf\u0131za \u00c7al\u0131\u015fmalar\u0131 Derne\u011fi olarak, yap\u0131lan i\u015fin gere\u011fi kadar ki\u015fisel bilginizi almaya dikkat etmekte, KVKK\u2019n\u0131n belirledi\u011fi;<\/p>\n<p>Hukuka ve d\u00fcr\u00fcstl\u00fck kurallar\u0131na uygun olma,<br \/>\nDo\u011fru ve gerekti\u011finde g\u00fcncel olma,<br \/>\nBelirli, a\u00e7\u0131k ve me\u015fru ama\u00e7lar i\u00e7in i\u015flenme,<br \/>\n\u0130\u015flendikleri ama\u00e7la ba\u011flant\u0131l\u0131, s\u0131n\u0131rl\u0131 ve \u00f6l\u00e7\u00fcl\u00fc olma,<br \/>\n\u0130lgili mevzuatta \u00f6ng\u00f6r\u00fclen veya i\u015flendikleri ama\u00e7 i\u00e7in gerekli olan s\u00fcre kadar muhafaza edilme kriterlere uygun olarak i\u015flenmektedir.<br \/>\nBizimle payla\u015ft\u0131\u011f\u0131n\u0131z ileti\u015fim bilgilerinizi, izinlerinizi ve ki\u015fisel verilerinizin kullan\u0131lmas\u0131na dair verdi\u011finiz a\u00e7\u0131k r\u0131zan\u0131z\u0131 geri alabilir, g\u00fcncelleyebilir ve sizinle ileti\u015fimimizi kesmemizi bize iletebilirsiniz.<\/p>\n<p>3- Ki\u015fisel Verilerin Korunmas\u0131na \u0130li\u015fkin \u00d6nlemler<\/p>\n<p>Roman Haf\u0131za \u00c7al\u0131\u015fmalar\u0131 Derne\u011fi, ki\u015fisel verilerinizin uluslararas\u0131 s\u00f6zle\u015fmelerle ve Anayasa ile g\u00fcvence alt\u0131na al\u0131nd\u0131\u011f\u0131n\u0131; bir\u00e7ok temel hak ve \u00f6zg\u00fcrl\u00fckle ba\u011flant\u0131l\u0131 oldu\u011funu bilerek, insan haklar\u0131 savunuculu\u011fu hassasiyeti ve ciddiyetiyle davran\u0131r. Ki\u015fisel verilerinize yetkisiz eri\u015fim veya bu bilgilerin kayb\u0131, hatal\u0131 kullan\u0131m\u0131, if\u015fa edilmesi, de\u011fi\u015ftirilmesi veya imha edilmesi gibi risklerin ger\u00e7ekle\u015fmemesi ad\u0131na  gerekli t\u00fcm idari ve teknik tedbirleri al\u0131r.<\/p>\n<p>Dernek bu kapsamda, kurumsal politikalar olu\u015fturur, \u00e7al\u0131\u015fanlar\u0131na y\u00f6nelik ki\u015fisel verilerin korunmas\u0131 ve gizlili\u011fine ili\u015fkin e\u011fitimler ve fark\u0131ndal\u0131k \u00e7al\u0131\u015fmalar\u0131nda bulunur, yap\u0131lan \u00e7al\u0131\u015fmalar gere\u011fi imzalanan s\u00f6zle\u015fmelerde ki\u015fisel verilerin g\u00fcvenli\u011fi ve gizlili\u011fine riayet eder. Bununla birlikte Dernek, ki\u015fisel verilerinizi korumak ve gizli tutmak amac\u0131yla dijital g\u00fcvenli\u011fe dikkat eder; \u015fifreleme, \u00e7ift duvarl\u0131 koruma, g\u00fcvenlik duvarlar\u0131, g\u00fcncel anti vir\u00fcs sistemlerini kullanmaya \u00f6zen g\u00f6sterir.<\/p>\n<p>Ki\u015fisel verilerinizin korunmas\u0131na ili\u015fkin gerekli tedbirlerin al\u0131nmas\u0131na ra\u011fmen, ki\u015fisel verilerinizin zarar g\u00f6rmesi veya \u00fc\u00e7\u00fcnc\u00fc ki\u015filerin eline ge\u00e7mesi durumunda, s\u00f6z konusu durum Ki\u015fisel Verileri Koruma Kurumuna ve size derhal bildirilir.<\/p>\n<p>4. Kanun Kapsam\u0131nda \u0130lgilinin R\u0131zas\u0131n\u0131 Gerektirmeyen Haller<\/p>\n<p>6698 say\u0131l\u0131 Ki\u015fisel Verilerin Korunmas\u0131 Kanunu\u2019nun 5. maddesinin 2. f\u0131kras\u0131 gere\u011fi, a\u015fa\u011f\u0131daki \u015fartlardan birinin varl\u0131\u011f\u0131 h\u00e2linde, kurumuz ilgili ki\u015finin a\u00e7\u0131k r\u0131zas\u0131 aranmaks\u0131z\u0131n ki\u015fisel verileri i\u015flemesi m\u00fcmk\u00fcnd\u00fcr:<\/p>\n<p>Kanunlarda a\u00e7\u0131k\u00e7a \u00f6ng\u00f6r\u00fclmesi.<br \/>\nFiili imk\u00e2ns\u0131zl\u0131k nedeniyle r\u0131zas\u0131n\u0131 a\u00e7\u0131klayamayacak durumda bulunan veya r\u0131zas\u0131na hukuki ge\u00e7erlilik tan\u0131nmayan ki\u015finin kendisinin ya da bir ba\u015fkas\u0131n\u0131n hayat\u0131 veya beden b\u00fct\u00fcnl\u00fc\u011f\u00fcn\u00fcn korunmas\u0131 i\u00e7in zorunlu olmas\u0131.<br \/>\nBir s\u00f6zle\u015fmenin kurulmas\u0131 veya ifas\u0131yla do\u011frudan do\u011fruya ilgili olmas\u0131 kayd\u0131yla, s\u00f6zle\u015fmenin taraflar\u0131na ait ki\u015fisel verilerin i\u015flenmesinin gerekli olmas\u0131.<br \/>\nVeri sorumlusunun hukuki y\u00fck\u00fcml\u00fcl\u00fc\u011f\u00fcn\u00fc yerine getirebilmesi i\u00e7in zorunlu olmas\u0131.<br \/>\n\u0130lgili ki\u015finin kendisi taraf\u0131ndan alenile\u015ftirilmi\u015f olmas\u0131.<br \/>\nBir hakk\u0131n tesisi, kullan\u0131lmas\u0131 veya korunmas\u0131 i\u00e7in veri i\u015flemenin zorunlu olmas\u0131.<br \/>\n\u0130lgili ki\u015finin temel hak ve \u00f6zg\u00fcrl\u00fcklerine zarar vermemek kayd\u0131yla, veri sorumlusunun me\u015fru menfaatleri i\u00e7in veri i\u015flenmesinin zorunlu olmas\u0131 hallerinde.<br \/>\n5- Ki\u015fisel Veri Sahibi Olarak Haklar\u0131n\u0131z<\/p>\n<p>Veri sorumlusu olarak bizden, ki\u015fisel verilerinizle ilgili olarak KVKK\u2019n\u0131n 11. maddesi gere\u011fi,<\/p>\n<p>Ki\u015fisel verinizin i\u015flenip i\u015flenmedi\u011fini \u00f6\u011frenme, i\u015flenmi\u015fse buna ili\u015fkin bilgi talep etme,<br \/>\nKi\u015fisel verilerinizin i\u015flenme amac\u0131n\u0131 ve bunlar\u0131n amac\u0131na uygun kullan\u0131l\u0131p kullan\u0131lmad\u0131\u011f\u0131n\u0131 \u00f6\u011frenme,<br \/>\nYurt i\u00e7inde veya yurt d\u0131\u015f\u0131nda ki\u015fisel verilerinizin aktar\u0131ld\u0131\u011f\u0131 \u00fc\u00e7\u00fcnc\u00fc ki\u015fileri bilme,<br \/>\nKi\u015fisel verilerinizin eksik veya yanl\u0131\u015f i\u015flenmi\u015f oldu\u011funu tespit etti\u011finiz durumda d\u00fczeltilmesini isteme,<br \/>\nKi\u015fisel verilerinizin silinmesini veya yok edilmesini isteme,<br \/>\nKi\u015fisel verilerinize ait bilgilerinizi de\u011fi\u015ftirmeniz veya silinmesini istedi\u011finiz durumda verilerin aktar\u0131ld\u0131\u011f\u0131 \u00fc\u00e7\u00fcnc\u00fc ki\u015filere bildirilmesini isteme,<br \/>\nKi\u015fisel verilerinizin kanuna ayk\u0131r\u0131 olarak i\u015flenmesi sebebiyle zarara u\u011framan\u0131z h\u00e2linde zarar\u0131n giderilmesini talep etme haklar\u0131na sahipsiniz.<br \/>\n6- Veri Sahibi Olarak Haklar\u0131n\u0131z\u0131n Kullan\u0131lmas\u0131<\/p>\n<p>Ki\u015fisel verilerinizin i\u015flenmesine ili\u015fkin olarak sahip oldu\u011funuz haklara KVKK\u2019n\u0131n 11. maddesi ve ba\u015fvuru s\u00fcrecine ili\u015fkin detaylara www.kvkk.com adresinden Veri Sorumlusuna Ba\u015fvuru Usul ve Esaslar\u0131 Hakk\u0131nda Tebli\u011f\u2019den ula\u015fabilirsiniz.<\/p>\n<p>7- Ki\u015fisel Verilerinizin Aktar\u0131ld\u0131\u011f\u0131 Taraflar ve Aktar\u0131lma Amac\u0131<\/p>\n<p>Roman Haf\u0131za \u00c7al\u0131\u015fmalar\u0131 Derne\u011fi olarak, bizimle payla\u015ft\u0131\u011f\u0131n\u0131z ki\u015fisel verileriniz KVKK\u2019da \u00f6ng\u00f6r\u00fclen temel ilkelere uygun olarak ve KVKK\u2019n\u0131n 8. ve 9. Maddesinde belirtilen \u015fartlar dahilinde, ihtiya\u00e7 duyulan i\u015fin niteli\u011fi ile s\u0131n\u0131rl\u0131 olmak kayd\u0131yla Dernek T\u00fcz\u00fc\u011f\u00fcnde yer alan ama\u00e7lar\u0131 yerine getirmek amac\u0131yla Dernek\u2019in me\u015fru menfaatleri i\u00e7in veri i\u015flenmesinin zorunlu olmas\u0131 hukuki sebebine dayal\u0131 olarak;<\/p>\n<p>Proje ortaklar\u0131na, alt hibecilere, denet\u00e7i, dernek ile hizmet s\u00f6zle\u015fmesi kapsam\u0131nda \u00e7al\u0131\u015fan tedarik\u00e7i, acente, dan\u0131\u015fman, ajans, \u00e7evirmen, mali m\u00fc\u015favir gibi \u00fc\u00e7\u00fcnc\u00fc ki\u015filer ile kanunen yetkili kamu kurumlar\u0131na, icra ve yarg\u0131 makamlar\u0131, yasal takip s\u00fcre\u00e7leriyle ilgili zorunlu ki\u015fi ve kurumlara, kanunen yetkili ki\u015fi ve kurumlara aktar\u0131labilecektir.<\/p>\n<p>Bununla birlikte Dernek olarak y\u00fcr\u00fctt\u00fc\u011f\u00fcm\u00fcz projeler kapsam\u0131nda merkezi yurtd\u0131\u015f\u0131nda bulunan fon verici kurulu\u015flara y\u00fcr\u00fct\u00fclen i\u015fin mahiyetiyle s\u0131n\u0131rl\u0131 olmak kayd\u0131yla ki\u015fisel verileriniz aktar\u0131labilecektir.<\/p>\n<p>Ki\u015fisel Verilerinizin yurt d\u0131\u015f\u0131na aktar\u0131m\u0131 ancak;<\/p>\n<p>A\u00e7\u0131k r\u0131zan\u0131z\u0131n bulunmas\u0131 veya<br \/>\nA\u00e7\u0131k r\u0131zan\u0131z\u0131n temin edilmedi\u011fi ancak Kanun\u2019da belirtilen di\u011fer veri i\u015fleme \u015fartlar\u0131ndan bir veya birka\u00e7\u0131n\u0131n kar\u015f\u0131land\u0131\u011f\u0131 hallerde;<br \/>\nVerilerin aktar\u0131ld\u0131\u011f\u0131 \u00fclkede yeterli koruma bulunmas\u0131,<br \/>\nVerilerin aktar\u0131ld\u0131\u011f\u0131 \u00fclkede yeterli koruma bulunmamas\u0131 durumunda Roman Haf\u0131za \u00c7al\u0131\u015fmalar\u0131 Derne\u011fi\u2019nin ilgili yabanc\u0131 \u00fclkedeki Veri Sorumlusu ile birlikte yeterli korumay\u0131 yaz\u0131l\u0131 olarak taahh\u00fct etmesi ve Ki\u015fisel Verileri Koruma Kurulu\u2019nun izninin al\u0131nmas\u0131 kayd\u0131 ile ger\u00e7ekle\u015ftirilebilecektir. Yeterli koruman\u0131n bulundu\u011fu \u00fclkeler Ki\u015fisel Verileri Koruma Kurulu taraf\u0131ndan belirlenerek ilan edilmektedir.<br \/>\nAyr\u0131ca, dijital ortamlarda yap\u0131lan e\u011fitim, toplant\u0131, konferans, panel ve g\u00f6r\u00fc\u015fme amac\u0131yla kullan\u0131lan yaz\u0131l\u0131mlar\u0131n bir\u00e7o\u011fu internet ortam\u0131nda hizmet sa\u011flay\u0131c\u0131lar arac\u0131l\u0131\u011f\u0131yla verilmektedir. Bu yaz\u0131l\u0131mlara ait veri merkezleri, \u00e7o\u011funlukla yurt d\u0131\u015f\u0131nda oldu\u011fundan bu yaz\u0131l\u0131mlar\u0131n kullan\u0131lmas\u0131 sebebiyle yurt d\u0131\u015f\u0131na veri aktar\u0131m\u0131 s\u00f6z konusu olabilmektedir.<\/p>\n<p>Roman Haf\u0131za \u00c7al\u0131\u015fmalar\u0131 Derne\u011fi resmi web sitesi, www.romanigodi.org, kullan\u0131c\u0131lar\u0131n siteyi nas\u0131l kulland\u0131\u011f\u0131n\u0131 takip etmek, site faaliyetleriyle ilgili raporlama yapabilmek ve bu do\u011frultuda siteyi yetkinle\u015ftirmek i\u00e7in Google Analytics arac\u0131l\u0131\u011f\u0131yla \u00e7erezler kullan\u0131r. Google, bu bilgileri kendi ad\u0131na i\u015fleyecek \u00fc\u00e7\u00fcnc\u00fc taraflara da aktarabilmektedir. Google IP adresinizi, Google taraf\u0131ndan tutulan ba\u015fka verilerle de birle\u015ftirebilir. www.romanigodi.org web sitemizi kullanarak, yukar\u0131daki ama\u00e7larla Google taraf\u0131ndan verilerinizin i\u015flenmesine izin vermi\u015f olmaktas\u0131n\u0131z.<\/p>\n<p>\u0130nternet taray\u0131c\u0131n\u0131z\u0131 bilgisayar\u0131n\u0131za \u00e7erez kaydedilmek istendi\u011finde sizi uyarmas\u0131 veya \u00e7erezleri kaydetmemesi y\u00f6n\u00fcnde ayarlayabilirsiniz. Bu takdirde sitenin fonksiyonlar\u0131n\u0131n k\u0131smen veya tamamen i\u015flevsiz hale gelebilece\u011fini bilgilerinize sunar\u0131z.<\/p>\n<p>KVKK R\u0131za Beyan\u0131<br \/>\nVeri sorumlusu s\u0131fat\u0131 bulunan Roman Haf\u0131za \u00c7al\u0131\u015fmalar\u0131 Derne\u011fi taraf\u0131ndan,<\/p>\n<p>Taraf\u0131ma gerekli ayd\u0131nlatman\u0131n yap\u0131ld\u0131\u011f\u0131n\u0131,<\/p>\n<p>6698 Say\u0131l\u0131 Ki\u015fisel Verilerin Korunmas\u0131 Kanunu Uyar\u0131nca Ki\u015fisel Verilerin \u0130\u015flenmesi ve Korunmas\u0131 Hakk\u0131nda Ayd\u0131nlatma Metnini okudu\u011fumu ve anlad\u0131\u011f\u0131m\u0131,<\/p>\n<p>Kuruma s\u00f6zl\u00fc veya dijital ortamda bildirdi\u011fim kimlik (isim, soyisim, TC kimlik numaras\u0131, do\u011fum tarihi vb.), adres, telefon, meslek, sa\u011fl\u0131k durumu, cinsiyet, sab\u0131ka, askerlik ile ilgili bilgilerimi, kimlik fotokopisi, foto\u011fraf ve g\u00f6r\u00fcnt\u00fc gibi ki\u015fisel verilerimi tamamen \u00f6zg\u00fcr irademle herhangi bir etki alt\u0131nda kalmaks\u0131z\u0131n verdi\u011fimi,<\/p>\n<p>Belirtilen ki\u015fisel verilerimin Roman Haf\u0131za \u00c7al\u0131\u015fmalar\u0131 Derne\u011fi aktar\u0131lmas\u0131na, kay\u0131tlar\u0131na i\u015flenmesine,ki\u015fisel veri niteli\u011finde olan bu bilgi ve g\u00f6r\u00fcnt\u00fclerin; bilgilendirilmem amac\u0131yla, b\u00fclten, dergi, gazete, kitap\u00e7\u0131k, aktivite ve toplant\u0131 duyurular\u0131ndan haberdar olmak ve her t\u00fcrl\u00fc ileti\u015fim kurmak i\u00e7in kaydedilmesine, kullan\u0131lmas\u0131na, silinmesini istemedi\u011fim s\u00fcrece saklanmas\u0131na,<\/p>\n<p>Belirtilen ki\u015fisel verilerimin Roman Haf\u0131za \u00c7al\u0131\u015fmalar\u0131 Derne\u011fi\u2019ne ve Ayd\u0131nlatma Metninde an\u0131lan ger\u00e7ek ve t\u00fczel ki\u015filer taraf\u0131ndan i\u015flenmesine,<\/p>\n<p>Avrupa Komisyonu ve Merkezi Finans ve \u0130hale Birimi gibi s\u00f6zle\u015fme makamlar\u0131na iletilmesine, gerekli oldu\u011fu kadar\u0131yla seyahat acentesi, kargo \u015firketi ve ara\u015ft\u0131rma \u015firketleriyle payla\u015f\u0131lmas\u0131na \u00f6zg\u00fcr irademle a\u00e7\u0131k bir \u015fekilde r\u0131za g\u00f6sterdi\u011fimi kabul, beyan ve taahh\u00fct ederim.<\/p>\n","protected":false},"excerpt":{"rendered":"<p>Ki\u015fisel Verilerin Korunmas\u0131 Kanunu KVKK Ayd\u0131nlatma Metni 6698 say\u0131l\u0131 Ki\u015fisel Verilerin Korunmas\u0131 Kanunu (\u201cKVKK\u201d) kapsam\u0131nda veri sorumlusu s\u0131fat\u0131 bulunan Roman Haf\u0131za \u00c7al\u0131\u015fmalar\u0131 Derne\u011fi(Romani Godi\/Dernek) olarak, ki\u015fisel veriler ve ki\u015fisel verilerin gizlili\u011fi ile g\u00fcvenli\u011finizi ciddi \u00f6l\u00e7\u00fcde \u00f6nemsiyoruz. Temel hak ve \u00f6zg\u00fcrl\u00fcklerinize zarar vermemek kayd\u0131yla ki\u015fisel verilerinizi KVKK\u2019n\u0131n 5. maddesinde belirtilen ki\u015fisel verilerin i\u015flenme \u015fartlar\u0131na uygun olarak [&hellip;]<\/p>\n","protected":false},"author":1,"featured_media":2600,"comment_status":"open","ping_status":"open","sticky":false,"template":"","format":"standard","meta":{"footnotes":""},"categories":[4],"tags":[],"class_list":["post-2670","post","type-post","status-publish","format-standard","has-post-thumbnail","hentry","category-arka-plan"],"_links":{"self":[{"href":"https:\/\/romanigodi.org\/index.php?rest_route=\/wp\/v2\/posts\/2670","targetHints":{"allow":["GET"]}}],"collection":[{"href":"https:\/\/romanigodi.org\/index.php?rest_route=\/wp\/v2\/posts"}],"about":[{"href":"https:\/\/romanigodi.org\/index.php?rest_route=\/wp\/v2\/types\/post"}],"author":[{"embeddable":true,"href":"https:\/\/romanigodi.org\/index.php?rest_route=\/wp\/v2\/users\/1"}],"replies":[{"embeddable":true,"href":"https:\/\/romanigodi.org\/index.php?rest_route=%2Fwp%2Fv2%2Fcomments&post=2670"}],"version-history":[{"count":0,"href":"https:\/\/romanigodi.org\/index.php?rest_route=\/wp\/v2\/posts\/2670\/revisions"}],"wp:featuredmedia":[{"embeddable":true,"href":"https:\/\/romanigodi.org\/index.php?rest_route=\/"}],"wp:attachment":[{"href":"https:\/\/romanigodi.org\/index.php?rest_route=%2Fwp%2Fv2%2Fmedia&parent=2670"}],"wp:term":[{"taxonomy":"category","embeddable":true,"href":"https:\/\/romanigodi.org\/index.php?rest_route=%2Fwp%2Fv2%2Fcategories&post=2670"},{"taxonomy":"post_tag","embeddable":true,"href":"https:\/\/romanigodi.org\/index.php?rest_route=%2Fwp%2Fv2%2Ftags&post=2670"}],"curies":[{"name":"wp","href":"https:\/\/api.w.org\/{rel}","templated":true}]}}