{"id":2773,"date":"2024-12-19T19:02:34","date_gmt":"2024-12-19T19:02:34","guid":{"rendered":"https:\/\/romanigodi.org\/?p=2773"},"modified":"2025-11-25T11:42:03","modified_gmt":"2025-11-25T11:42:03","slug":"romani-godi-basin-bulteni-yayinda","status":"publish","type":"post","link":"https:\/\/romanigodi.org\/?p=2773","title":{"rendered":"Romani Godi Bas\u0131n B\u00fclteni Yay\u0131nda!"},"content":{"rendered":"<h1><\/h1>\n<h1 style=\"text-align: left;\"><span style=\"color: #333333;\">T\u00fcrkiye\u2019de Romanlara Y\u00f6nelik Nefret S\u00f6ylemiyle M\u00fccadele Ediyoruz!<\/span><\/h1>\n<p>Roman topluluklar\u0131n\u0131n maruz kald\u0131\u011f\u0131 nefret s\u00f6ylemi, sadece dijital platformlarda de\u011fil, toplumsal ya\u015fam\u0131n her alan\u0131nda derin yaralar a\u00e7\u0131yor. Bu adaletsizlikle m\u00fccadele etmek i\u00e7in hayata ge\u00e7irilen \u201cT\u00fcrkiye\u2019de Romanlara Y\u00f6nelik Nefret S\u00f6ylemiyle M\u00fccadele Projesi\u201d, g\u00f6n\u00fcll\u00fclerimizle birlikte y\u00fcr\u00fctt\u00fc\u011f\u00fcm\u00fcz kararl\u0131 \u00e7al\u0131\u015fmalarla devam ediyor.<\/p>\n<h2 style=\"text-align: left;\"><span style=\"color: #333333;\">May\u0131s-Eyl\u00fcl 2024 d\u00f6nemine dair t\u00fcm detaylar\u0131 i\u00e7eren bas\u0131n b\u00fcltenimizi yay\u0131nlad\u0131k!<\/span><\/h2>\n<p>Bu b\u00fclten, projemizin hedeflerini, elde edilen bulgular\u0131 ve \u00e7\u00f6z\u00fcm \u00f6nerilerini geni\u015f bir \u00e7er\u00e7evede sunarken, nefret s\u00f6ylemine kar\u015f\u0131 at\u0131lan somut ad\u0131mlar\u0131 kamuoyuyla payla\u015f\u0131yor.<\/p>\n<h3><img fetchpriority=\"high\" decoding=\"async\" class=\" wp-image-2774 alignleft\" src=\"https:\/\/romanigodi.org\/wp-content\/uploads\/2024\/12\/Ekran-goruntusu-2024-12-19-214933.png\" alt=\"\" width=\"351\" height=\"522\" \/><span style=\"color: #333333;\">B\u00fcltende Neler Var?<\/span><\/h3>\n<p>Bas\u0131n b\u00fcltenimizde, nefret s\u00f6ylemiyle m\u00fccadele kapsam\u0131nda ger\u00e7ekle\u015ftirilen \u00e7al\u0131\u015fmalar\u0131n \u00f6ne \u00e7\u0131kan ba\u015fl\u0131klar\u0131 yer al\u0131yor:<\/p>\n<ul>\n<li><strong><span style=\"color: #800000;\">400\u2019\u00fc a\u015fk\u0131n nefret s\u00f6ylemi i\u00e7eri\u011fi tespit edildi!<\/span><\/strong><br \/>\nG\u00f6n\u00fcll\u00fclerimiz, sosyal medya ve dijital platformlarda Romanlara y\u00f6nelik nefret s\u00f6ylemini ar\u015fivleyip analiz ederek \u00e7\u00f6z\u00fcm odakl\u0131 \u00f6neriler geli\u015ftiriyorlar.<\/li>\n<li><strong><span style=\"color: #800000;\">At\u00f6lyelerle bilgi ve becerilerimizi art\u0131r\u0131yoruz!<\/span><\/strong><br \/>\n\uf0b7 Kampanya Geli\u015ftirme At\u00f6lyesi<br \/>\n\uf0b7 Dijital D\u00fcnyada Veri Analiti\u011fi At\u00f6lyesi<br \/>\n\uf0b7 Veriye Dayal\u0131 Savunuculuk At\u00f6lyesi<\/li>\n<li><strong><span style=\"color: #800000;\">\u00a0Saha ziyaretleriyle fark\u0131ndal\u0131k yarat\u0131yoruz!<\/span><\/strong><br \/>\nAnkara, \u0130stanbul, \u0130zmir, Gaziantep ve Hatay\u2019da savunuculuk ziyaretleri ger\u00e7ekle\u015ftirdik. T\u00fcrkiye\u2019de Romanlar\u0131n ya\u015fad\u0131\u011f\u0131 hak ihlallerini, Romanlara y\u00f6nelik nefret s\u00f6yleminin \u00e7e\u015fitli alanlardaki yans\u0131malar\u0131n\u0131, birlikte nas\u0131l \u00e7\u00f6z\u00fcmler geli\u015ftirebilece\u011fimizi ve olas\u0131 i\u015fbirliklerini ele ald\u0131k.<\/li>\n<\/ul>\n<h3><span style=\"color: #333333;\">Bu Proje Neden \u00d6nemli?<\/span><\/h3>\n<p>Roman topluluklar\u0131, geleneksel ve dijital medyada nefret s\u00f6ylemine s\u0131kl\u0131kla maruz kal\u0131yor. Bu proje, bu sorunu g\u00f6r\u00fcn\u00fcr k\u0131lmay\u0131 ve \u00e7\u00f6z\u00fcm \u00f6nerileri \u00fcretmeyi ama\u00e7l\u0131yor:<\/p>\n<p>\uf0b7 <span style=\"color: #800000;\">Fark\u0131ndal\u0131k Yaratma:<\/span> Nefret s\u00f6yleminin bireyler ve toplum \u00fczerindeki etkilerini g\u00f6r\u00fcn\u00fcr k\u0131l\u0131yoruz.<br \/>\n\uf0b7 <span style=\"color: #800000;\">Savunuculuk \u00c7al\u0131\u015fmalar\u0131:<\/span> Romanlara y\u00f6nelik ayr\u0131mc\u0131l\u0131kla m\u00fccadele etmek i\u00e7in stratejik kampanyalar y\u00fcr\u00fct\u00fcyoruz.<br \/>\n\uf0b7 <span style=\"color: #800000;\">K\u00fclt\u00fcrel Dayan\u0131\u015fma:<\/span> Roman topluluklar\u0131n\u0131n sesi olmak i\u00e7in g\u00f6n\u00fcll\u00fclerimizle birlikte \u00e7al\u0131\u015f\u0131yoruz.<\/p>\n<p><strong><span style=\"color: #800000;\">B\u00fcltenimizi \u0130nceleyin!<\/span><\/strong><br \/>\nTam metni okumak ve projemiz hakk\u0131nda detayl\u0131 bilgi edinmek i\u00e7in hemen t\u0131klay\u0131n:<br \/>\n<strong><span style=\"color: #800000;\">\u21d2<\/span><\/strong>Bas\u0131n b\u00fcltenimizi incelemek i\u00e7in <a href=\"https:\/\/drive.google.com\/file\/d\/1ZkwPmm05K8G1oBxa8W9_pOTVjssjq-5K\/view?usp=sharing\">Romani Godi Bas\u0131n B\u00fclteni<\/a> ba\u011flant\u0131s\u0131na t\u0131klay\u0131n\u0131z.<br \/>\n<strong><span style=\"color: #800000;\">\u21d2<\/span><\/strong>Click on <a href=\"https:\/\/drive.google.com\/file\/d\/1efrfU9Q5rhjHj6WI3vUz8yKqqHuMLirM\/view?usp=sharing\">Romani Godi Newsletter<\/a> to review our newsletter.<\/p>\n","protected":false},"excerpt":{"rendered":"<p>T\u00fcrkiye\u2019de Romanlara Y\u00f6nelik Nefret S\u00f6ylemiyle M\u00fccadele Ediyoruz! Roman topluluklar\u0131n\u0131n maruz kald\u0131\u011f\u0131 nefret s\u00f6ylemi, sadece dijital platformlarda de\u011fil, toplumsal ya\u015fam\u0131n her alan\u0131nda derin yaralar a\u00e7\u0131yor. Bu adaletsizlikle m\u00fccadele etmek i\u00e7in hayata ge\u00e7irilen \u201cT\u00fcrkiye\u2019de Romanlara Y\u00f6nelik Nefret S\u00f6ylemiyle M\u00fccadele Projesi\u201d, g\u00f6n\u00fcll\u00fclerimizle birlikte y\u00fcr\u00fctt\u00fc\u011f\u00fcm\u00fcz kararl\u0131 \u00e7al\u0131\u015fmalarla devam ediyor. May\u0131s-Eyl\u00fcl 2024 d\u00f6nemine dair t\u00fcm detaylar\u0131 i\u00e7eren bas\u0131n b\u00fcltenimizi yay\u0131nlad\u0131k! [&hellip;]<\/p>\n","protected":false},"author":1,"featured_media":2782,"comment_status":"open","ping_status":"open","sticky":false,"template":"","format":"standard","meta":{"footnotes":""},"categories":[7],"tags":[],"class_list":["post-2773","post","type-post","status-publish","format-standard","has-post-thumbnail","hentry","category-bultenler"],"_links":{"self":[{"href":"https:\/\/romanigodi.org\/index.php?rest_route=\/wp\/v2\/posts\/2773","targetHints":{"allow":["GET"]}}],"collection":[{"href":"https:\/\/romanigodi.org\/index.php?rest_route=\/wp\/v2\/posts"}],"about":[{"href":"https:\/\/romanigodi.org\/index.php?rest_route=\/wp\/v2\/types\/post"}],"author":[{"embeddable":true,"href":"https:\/\/romanigodi.org\/index.php?rest_route=\/wp\/v2\/users\/1"}],"replies":[{"embeddable":true,"href":"https:\/\/romanigodi.org\/index.php?rest_route=%2Fwp%2Fv2%2Fcomments&post=2773"}],"version-history":[{"count":1,"href":"https:\/\/romanigodi.org\/index.php?rest_route=\/wp\/v2\/posts\/2773\/revisions"}],"predecessor-version":[{"id":3581,"href":"https:\/\/romanigodi.org\/index.php?rest_route=\/wp\/v2\/posts\/2773\/revisions\/3581"}],"wp:featuredmedia":[{"embeddable":true,"href":"https:\/\/romanigodi.org\/index.php?rest_route=\/"}],"wp:attachment":[{"href":"https:\/\/romanigodi.org\/index.php?rest_route=%2Fwp%2Fv2%2Fmedia&parent=2773"}],"wp:term":[{"taxonomy":"category","embeddable":true,"href":"https:\/\/romanigodi.org\/index.php?rest_route=%2Fwp%2Fv2%2Fcategories&post=2773"},{"taxonomy":"post_tag","embeddable":true,"href":"https:\/\/romanigodi.org\/index.php?rest_route=%2Fwp%2Fv2%2Ftags&post=2773"}],"curies":[{"name":"wp","href":"https:\/\/api.w.org\/{rel}","templated":true}]}}