{"id":2799,"date":"2025-01-07T13:55:17","date_gmt":"2025-01-07T13:55:17","guid":{"rendered":"https:\/\/romanigodi.org\/?p=2799"},"modified":"2025-01-07T13:55:17","modified_gmt":"2025-01-07T13:55:17","slug":"ulusal-literatur-taramalari","status":"publish","type":"post","link":"https:\/\/romanigodi.org\/?p=2799","title":{"rendered":"Ulusal Literat\u00fcr Taramalar\u0131"},"content":{"rendered":"<p><a name=\"sayfa-baslangici\"><\/a><\/p>\n<h1>Yak\u0131nda Sizlerle!<\/h1>\n<p><img fetchpriority=\"high\" decoding=\"async\" class=\"wp-image-2802 alignleft\" src=\"https:\/\/romanigodi.org\/wp-content\/uploads\/2025\/01\/Romani-Godi-Ulusal-Literatur.png\" alt=\"\" width=\"494\" height=\"494\" \/>Romanlara y\u00f6nelik nefret s\u00f6yleminin ulusal literat\u00fcrde ara\u015ft\u0131r\u0131lmas\u0131 grubu, ayr\u0131mc\u0131 dile kar\u015f\u0131 fark\u0131ndal\u0131k yaratmak ve savunuculuk yapmak amac\u0131yla bir araya geldi!<\/p>\n<p>Kapsaml\u0131 literat\u00fcr taramalar\u0131 yapan g\u00f6n\u00fcll\u00fclerimiz, ilk k\u00f6\u015fe yaz\u0131m\u0131zla Romanlara y\u00f6nelik nefret s\u00f6ylemine dair fark\u0131ndal\u0131k yaratmay\u0131 ve bu s\u00f6ylemin toplumsal ve k\u00fclt\u00fcrel boyutlar\u0131na \u0131\u015f\u0131k tutmay\u0131 hedefliyor.<\/p>\n<p>\u00c7al\u0131\u015fmalar\u0131m\u0131z\u0131n detaylar\u0131n\u0131 yak\u0131nda payla\u015faca\u011f\u0131z.<\/p>\n<p>Takipte kal\u0131n! \u2728<\/p>\n<p>&nbsp;<\/p>\n<p style=\"margin-top: 20px; text-align: left;\"><span style=\"color: #ffffff;\"><a style=\"font-weight: bold; text-decoration: none; color: #ffffff;\" href=\"#sayfa-baslangici\">Yaz\u0131n\u0131n ba\u015f\u0131na d\u00f6n<\/a><\/span><\/p>\n<p>&nbsp;<\/p>\n<p>&nbsp;<\/p>\n","protected":false},"excerpt":{"rendered":"<p>Yak\u0131nda Sizlerle! Romanlara y\u00f6nelik nefret s\u00f6yleminin ulusal literat\u00fcrde ara\u015ft\u0131r\u0131lmas\u0131 grubu, ayr\u0131mc\u0131 dile kar\u015f\u0131 fark\u0131ndal\u0131k yaratmak ve savunuculuk yapmak amac\u0131yla bir araya geldi! Kapsaml\u0131 literat\u00fcr taramalar\u0131 yapan g\u00f6n\u00fcll\u00fclerimiz, ilk k\u00f6\u015fe yaz\u0131m\u0131zla Romanlara y\u00f6nelik nefret s\u00f6ylemine dair fark\u0131ndal\u0131k yaratmay\u0131 ve bu s\u00f6ylemin toplumsal ve k\u00fclt\u00fcrel boyutlar\u0131na \u0131\u015f\u0131k tutmay\u0131 hedefliyor. \u00c7al\u0131\u015fmalar\u0131m\u0131z\u0131n detaylar\u0131n\u0131 yak\u0131nda payla\u015faca\u011f\u0131z. Takipte kal\u0131n! \u2728 &nbsp; [&hellip;]<\/p>\n","protected":false},"author":1,"featured_media":2800,"comment_status":"open","ping_status":"open","sticky":false,"template":"","format":"standard","meta":{"footnotes":""},"categories":[38],"tags":[],"class_list":["post-2799","post","type-post","status-publish","format-standard","has-post-thumbnail","hentry","category-ulusal-literatur-taramalari"],"_links":{"self":[{"href":"https:\/\/romanigodi.org\/index.php?rest_route=\/wp\/v2\/posts\/2799","targetHints":{"allow":["GET"]}}],"collection":[{"href":"https:\/\/romanigodi.org\/index.php?rest_route=\/wp\/v2\/posts"}],"about":[{"href":"https:\/\/romanigodi.org\/index.php?rest_route=\/wp\/v2\/types\/post"}],"author":[{"embeddable":true,"href":"https:\/\/romanigodi.org\/index.php?rest_route=\/wp\/v2\/users\/1"}],"replies":[{"embeddable":true,"href":"https:\/\/romanigodi.org\/index.php?rest_route=%2Fwp%2Fv2%2Fcomments&post=2799"}],"version-history":[{"count":0,"href":"https:\/\/romanigodi.org\/index.php?rest_route=\/wp\/v2\/posts\/2799\/revisions"}],"wp:featuredmedia":[{"embeddable":true,"href":"https:\/\/romanigodi.org\/index.php?rest_route=\/"}],"wp:attachment":[{"href":"https:\/\/romanigodi.org\/index.php?rest_route=%2Fwp%2Fv2%2Fmedia&parent=2799"}],"wp:term":[{"taxonomy":"category","embeddable":true,"href":"https:\/\/romanigodi.org\/index.php?rest_route=%2Fwp%2Fv2%2Fcategories&post=2799"},{"taxonomy":"post_tag","embeddable":true,"href":"https:\/\/romanigodi.org\/index.php?rest_route=%2Fwp%2Fv2%2Ftags&post=2799"}],"curies":[{"name":"wp","href":"https:\/\/api.w.org\/{rel}","templated":true}]}}