{"id":2832,"date":"2025-01-27T13:15:46","date_gmt":"2025-01-27T13:15:46","guid":{"rendered":"https:\/\/romanigodi.org\/?p=2832"},"modified":"2025-01-27T13:15:46","modified_gmt":"2025-01-27T13:15:46","slug":"romani-godi-gonullu-programi-basvuru-formu","status":"publish","type":"post","link":"https:\/\/romanigodi.org\/?p=2832","title":{"rendered":"Romani Godi G\u00f6n\u00fcll\u00fc Program\u0131 Ba\u015fvuru Formu"},"content":{"rendered":"<p>&nbsp;<\/p>\n<p><b>Birlikte \u00fcretmek, karar almak ve g\u00fc\u00e7lenmek i\u00e7in g\u00f6n\u00fcll\u00fcler ar\u0131yoruz!<\/b><\/p>\n<p>Romani Godi (Roman Haf\u0131za \u00c7al\u0131\u015fmalar\u0131 Derne\u011fi), Roman topluluklar\u0131n (Roman, Dom, Abdal, Lom) hak m\u00fccadelesini desteklemek, ayr\u0131mc\u0131l\u0131kla ve nefret s\u00f6ylemleriyle m\u00fccadele etmek, hak ihlallerini belgelemek ve Romanlar\u0131n toplumsal haf\u0131zas\u0131n\u0131 canl\u0131 tutmak amac\u0131yla faaliyetler y\u00fcr\u00fcten bir sivil toplum \u00f6rg\u00fct\u00fcd\u00fcr. \u00c7al\u0131\u015fmalar\u0131nda dayan\u0131\u015fmay\u0131 temel alan Romani Godi, gen\u00e7lerin enerjisi ve yarat\u0131c\u0131 fikirleriyle daha da g\u00fc\u00e7lenmeyi hedefliyor. E\u011fer hak temelli bir \u00e7al\u0131\u015fman\u0131n par\u00e7as\u0131 olmak, fark yaratmak ve toplumsal e\u015fitlik i\u00e7in katk\u0131da bulunmak isterseniz, g\u00f6n\u00fcll\u00fcl\u00fck program\u0131m\u0131za kat\u0131labilirsiniz!<\/p>\n<p><b>G\u00f6n\u00fcll\u00fc program\u0131 detaylar\u0131<\/b><\/p>\n<p><span class=\"OYPEnA font-feature-liga-off font-feature-clig-off font-feature-calt-off text-decoration-none text-strikethrough-none\">Roman, Dom, Abdal ve Lom topluluklar\u0131n\u0131n hak m\u00fccadelesine destek olmak, nefret s\u00f6ylemleriyle m\u00fccadele etmek, rapor haz\u0131rlamak, savunuculuk ziyaretlerine kat\u0131lmak ve toplumsal haf\u0131za \u00e7al\u0131\u015fmalar\u0131na katk\u0131da bulunmak gibi bir\u00e7ok alanda g\u00f6n\u00fcll\u00fcl\u00fck esas\u0131yla bizimle \u00e7al\u0131\u015fmak isteyenlerle bulu\u015fmay\u0131 sab\u0131rs\u0131zl\u0131kla bekliyoruz.<\/span><\/p>\n<p><b>D\u00f6nem:<\/b>\u00a015 \u015eubat \u2013 15 Haziran 2025<br \/>\n<b>S\u00fcre:<\/b>\u00a0D\u00f6rt ay<\/p>\n<p><b>\u00c7al\u0131\u015fma \u015fekli:<\/b>\u00a0Online veya y\u00fcz y\u00fcze<\/p>\n<p>Bu s\u00fcre\u00e7te g\u00f6n\u00fcll\u00fclerimizin uzmanl\u0131k alanlar\u0131n\u0131, ilgi ve ihtiya\u00e7lar\u0131n\u0131 g\u00f6z \u00f6n\u00fcnde bulundurarak birlikte \u00f6\u011frenmeyi, \u00fcretmeyi ve karar almay\u0131 \u00f6nceliklendiriyoruz. Amac\u0131m\u0131z, Roman sivil toplumuna gen\u00e7 ve yenilik\u00e7i fikirler kazand\u0131rarak dayan\u0131\u015fmay\u0131 b\u00fcy\u00fctmektir. Program sonunda, Romani Godi ile \u00e7al\u0131\u015fmaya devam etmek isteyen g\u00f6n\u00fcll\u00fclerle ba\u011flar\u0131m\u0131z\u0131 s\u00fcrd\u00fcrmeyi hedefliyoruz.<\/p>\n<p>G\u00f6n\u00fcll\u00fc program\u0131m\u0131za kat\u0131lmak i\u00e7in ba\u015fvuru formunu doldurman\u0131z yeterlidir. Ba\u015fvurular Romani Godi ekibi taraf\u0131ndan de\u011ferlendirilecek ve sonu\u00e7lar\u00a0<b>10 \u015eubat 2025<\/b>\u00a0tarihinde a\u00e7\u0131klanacakt\u0131r.<\/p>\n<p><a href=\"https:\/\/forms.gle\/cysEpeREUbppV89H9\">Ba\u015fvuru formuna ula\u015fmak i\u00e7in t\u0131klay\u0131n\u0131z.<\/a><\/p>\n<p><b>Romani Godi ile bu yolda y\u00fcr\u00fcmek, birlikte s\u00f6z \u00fcretmek ve g\u00fc\u00e7lenmek isterseniz, sizi aram\u0131zda g\u00f6rmekten mutluluk duyar\u0131z.<\/b><\/p>\n<p><b>Romani Godi Ekibi<\/b><\/p>\n<p>&nbsp;<\/p>\n<p><a href=\"https:\/\/forms.gle\/pwUEPWJXG7dtQvwGA\"><img fetchpriority=\"high\" decoding=\"async\" class=\"alignnone size-full wp-image-2833\" src=\"https:\/\/romanigodi.org\/wp-content\/uploads\/2025\/01\/Google-Form-Header.png\" alt=\"\" width=\"1920\" height=\"480\" \/><\/a><\/p>\n","protected":false},"excerpt":{"rendered":"<p>&nbsp; Birlikte \u00fcretmek, karar almak ve g\u00fc\u00e7lenmek i\u00e7in g\u00f6n\u00fcll\u00fcler ar\u0131yoruz! Romani Godi (Roman Haf\u0131za \u00c7al\u0131\u015fmalar\u0131 Derne\u011fi), Roman topluluklar\u0131n (Roman, Dom, Abdal, Lom) hak m\u00fccadelesini desteklemek, ayr\u0131mc\u0131l\u0131kla ve nefret s\u00f6ylemleriyle m\u00fccadele etmek, hak ihlallerini belgelemek ve Romanlar\u0131n toplumsal haf\u0131zas\u0131n\u0131 canl\u0131 tutmak amac\u0131yla faaliyetler y\u00fcr\u00fcten bir sivil toplum \u00f6rg\u00fct\u00fcd\u00fcr. \u00c7al\u0131\u015fmalar\u0131nda dayan\u0131\u015fmay\u0131 temel alan Romani Godi, gen\u00e7lerin enerjisi [&hellip;]<\/p>\n","protected":false},"author":1,"featured_media":2835,"comment_status":"open","ping_status":"open","sticky":false,"template":"","format":"standard","meta":{"footnotes":""},"categories":[15],"tags":[],"class_list":["post-2832","post","type-post","status-publish","format-standard","has-post-thumbnail","hentry","category-genel"],"_links":{"self":[{"href":"https:\/\/romanigodi.org\/index.php?rest_route=\/wp\/v2\/posts\/2832","targetHints":{"allow":["GET"]}}],"collection":[{"href":"https:\/\/romanigodi.org\/index.php?rest_route=\/wp\/v2\/posts"}],"about":[{"href":"https:\/\/romanigodi.org\/index.php?rest_route=\/wp\/v2\/types\/post"}],"author":[{"embeddable":true,"href":"https:\/\/romanigodi.org\/index.php?rest_route=\/wp\/v2\/users\/1"}],"replies":[{"embeddable":true,"href":"https:\/\/romanigodi.org\/index.php?rest_route=%2Fwp%2Fv2%2Fcomments&post=2832"}],"version-history":[{"count":0,"href":"https:\/\/romanigodi.org\/index.php?rest_route=\/wp\/v2\/posts\/2832\/revisions"}],"wp:featuredmedia":[{"embeddable":true,"href":"https:\/\/romanigodi.org\/index.php?rest_route=\/"}],"wp:attachment":[{"href":"https:\/\/romanigodi.org\/index.php?rest_route=%2Fwp%2Fv2%2Fmedia&parent=2832"}],"wp:term":[{"taxonomy":"category","embeddable":true,"href":"https:\/\/romanigodi.org\/index.php?rest_route=%2Fwp%2Fv2%2Fcategories&post=2832"},{"taxonomy":"post_tag","embeddable":true,"href":"https:\/\/romanigodi.org\/index.php?rest_route=%2Fwp%2Fv2%2Ftags&post=2832"}],"curies":[{"name":"wp","href":"https:\/\/api.w.org\/{rel}","templated":true}]}}