{"id":2943,"date":"2025-05-14T13:12:07","date_gmt":"2025-05-14T13:12:07","guid":{"rendered":"https:\/\/romanigodi.org\/?p=2943"},"modified":"2025-11-25T11:40:31","modified_gmt":"2025-11-25T11:40:31","slug":"dijital-alanda-nefret-soylemi-ve-alternatif-anlatilar","status":"publish","type":"post","link":"https:\/\/romanigodi.org\/?p=2943","title":{"rendered":"Dijital\u00a0Alanda\u00a0Nefret\u00a0S\u00f6ylemi\u00a0ve\u00a0Alternatif\u00a0Anlat\u0131lar"},"content":{"rendered":"\n<div class=\"wp-block-media-text has-media-on-the-right is-stacked-on-mobile is-vertically-aligned-top\" style=\"grid-template-columns:auto 25%\"><div class=\"wp-block-media-text__content\">\n<p><\/p>\n\n\n\n<div class=\"wp-block-group is-layout-constrained wp-block-group-is-layout-constrained\">\n<div class=\"wp-block-group is-vertical is-layout-flex wp-container-core-group-is-layout-fe9cc265 wp-block-group-is-layout-flex\">\n<div class=\"wp-block-group is-vertical is-nowrap is-layout-flex wp-container-core-group-is-layout-3655d5c7 wp-block-group-is-layout-flex\">\n<p class=\"has-text-align-left\">Romani&nbsp;Godi&nbsp;olarak&nbsp;s\u00fcrd\u00fcrd\u00fc\u011f\u00fcm\u00fcz\u201cNefret&nbsp;S\u00f6ylemiyle&nbsp;M\u00fccadele\u201d&nbsp;projesi&nbsp;kapsam\u0131nda&nbsp;haz\u0131rlad\u0131\u011f\u0131m\u0131z \u00fc\u00e7\u00fcnc\u00fc&nbsp;b\u00fcltenimiz&nbsp;yay\u0131nda.<\/p>\n\n\n\n<p class=\"has-text-align-left\">Bu&nbsp;say\u0131da,&nbsp;nefret&nbsp;s\u00f6yleminin&nbsp;dijital&nbsp;alandaki&nbsp;yay\u0131l\u0131m\u0131na,&nbsp;\u00f6zellikle&nbsp;Roman&nbsp;kar\u015f\u0131tl\u0131\u011f\u0131n\u0131n&nbsp;sosyal&nbsp;medya&nbsp;platformlar\u0131&nbsp;\u00fczerinden&nbsp;nas\u0131l&nbsp;yeniden&nbsp;\u00fcretildi\u011fine&nbsp;odakland\u0131k.&nbsp;Nefret&nbsp;s\u00f6ylemine&nbsp;kar\u015f\u0131 sadece&nbsp;tepki&nbsp;vermek&nbsp;de\u011fil,&nbsp;alternatif&nbsp;ve&nbsp;d\u00f6n\u00fc\u015ft\u00fcr\u00fcc\u00fc&nbsp;anlat\u0131lar&nbsp;\u00fcretmenin&nbsp;\u00f6nemini&nbsp;tart\u0131\u015fmaya&nbsp;a\u00e7t\u0131k.<\/p>\n\n\n\n<p class=\"has-text-align-left bs-padding-0-1\">Ayr\u0131ca&nbsp;bu&nbsp;b\u00fcltende,&nbsp;g\u00f6n\u00fcll\u00fc&nbsp;ekiplerimizin&nbsp;katk\u0131lar\u0131yla&nbsp;y\u00fcr\u00fctt\u00fc\u011f\u00fcm\u00fcz&nbsp;izleme&nbsp;ve&nbsp;analiz&nbsp;\u00e7al\u0131\u015fmalar\u0131na,&nbsp;ulusal&nbsp;ve&nbsp;uluslararas\u0131&nbsp;d\u00fczeyde&nbsp;kullan\u0131lan&nbsp;terimlere,&nbsp;\u00f6zellikle&nbsp;T\u00fcrkiye\u2019de&nbsp;ilk&nbsp;kez&nbsp;bir&nbsp;kanun&nbsp;teklifine&nbsp;giren&nbsp;<em>Anti-Gypsyism<\/em>&nbsp;kavram\u0131na&nbsp;da&nbsp;yer&nbsp;veriyoruz.&nbsp;Bu&nbsp;kavram\u0131n&nbsp;tan\u0131nmas\u0131&nbsp;ve&nbsp;do\u011fru&nbsp;anla\u015f\u0131lmas\u0131,&nbsp;Roman&nbsp;topluluklar\u0131n\u0131n&nbsp;kar\u015f\u0131&nbsp;kar\u015f\u0131ya&nbsp;kald\u0131\u011f\u0131&nbsp;ayr\u0131mc\u0131l\u0131kla&nbsp;m\u00fccadelede&nbsp;\u00f6nemli&nbsp;bir&nbsp;d\u00f6n\u00fcm&nbsp;noktas\u0131.<\/p>\n\n\n\n<div class=\"wp-block-group is-layout-constrained wp-block-group-is-layout-constrained\">\n<p class=\"has-text-align-left\">Hak&nbsp;temelli&nbsp;bir&nbsp;bak\u0131\u015fla&nbsp;\u015fekillenen&nbsp;b\u00fcltenimizde,&nbsp;dijital&nbsp;nefret&nbsp;s\u00f6ylemiyle&nbsp;m\u00fccadelede&nbsp;kullan\u0131lan&nbsp;y\u00f6ntemleri,&nbsp;gen\u00e7lik&nbsp;temelli&nbsp;alternatif&nbsp;medya&nbsp;\u00fcretimlerini&nbsp;ve&nbsp;bu&nbsp;alanda s\u00fcrd\u00fcr\u00fclebilir savunuculuk&nbsp;stratejilerini&nbsp;de&nbsp;payla\u015f\u0131yoruz.<\/p>\n<\/div>\n<\/div>\n<\/div>\n<\/div>\n\n\n\n<p><strong>\u21d2<\/strong>Bas\u0131n b\u00fcltenimizi incelemek i\u00e7in <a href=\"https:\/\/drive.google.com\/file\/d\/1CHhv-80m4dHBSekiciAE6PqRQqJxYEu6\/view?usp=sharing\">B\u00fclten<\/a> ba\u011flant\u0131s\u0131na t\u0131klay\u0131n\u0131z.<\/p>\n<\/div><figure class=\"wp-block-media-text__media\"><a href=\"https:\/\/drive.google.com\/file\/d\/1CHhv-80m4dHBSekiciAE6PqRQqJxYEu6\/view?usp=sharing\"><img decoding=\"async\" src=\"https:\/\/romanigodi.org\/wp-content\/uploads\/2025\/05\/Ekran-goruntusu-2025-05-14-124700.png\" alt=\"\" class=\"wp-image-2947 size-full\"\/><\/a><\/figure><\/div>\n\n\n\n<p class=\"bs-padding-1-1\"><\/p>\n","protected":false},"excerpt":{"rendered":"","protected":false},"author":1,"featured_media":2944,"comment_status":"open","ping_status":"open","sticky":false,"template":"","format":"standard","meta":{"footnotes":""},"categories":[7],"tags":[54,75,87,113,114,120],"class_list":["post-2943","post","type-post","status-publish","format-standard","has-post-thumbnail","hentry","category-bultenler","tag-ayrimcilik","tag-etnik-kimlik","tag-insan-haklari","tag-roman","tag-roman-haklari","tag-romanlar"],"_links":{"self":[{"href":"https:\/\/romanigodi.org\/index.php?rest_route=\/wp\/v2\/posts\/2943","targetHints":{"allow":["GET"]}}],"collection":[{"href":"https:\/\/romanigodi.org\/index.php?rest_route=\/wp\/v2\/posts"}],"about":[{"href":"https:\/\/romanigodi.org\/index.php?rest_route=\/wp\/v2\/types\/post"}],"author":[{"embeddable":true,"href":"https:\/\/romanigodi.org\/index.php?rest_route=\/wp\/v2\/users\/1"}],"replies":[{"embeddable":true,"href":"https:\/\/romanigodi.org\/index.php?rest_route=%2Fwp%2Fv2%2Fcomments&post=2943"}],"version-history":[{"count":1,"href":"https:\/\/romanigodi.org\/index.php?rest_route=\/wp\/v2\/posts\/2943\/revisions"}],"predecessor-version":[{"id":3577,"href":"https:\/\/romanigodi.org\/index.php?rest_route=\/wp\/v2\/posts\/2943\/revisions\/3577"}],"wp:featuredmedia":[{"embeddable":true,"href":"https:\/\/romanigodi.org\/index.php?rest_route=\/"}],"wp:attachment":[{"href":"https:\/\/romanigodi.org\/index.php?rest_route=%2Fwp%2Fv2%2Fmedia&parent=2943"}],"wp:term":[{"taxonomy":"category","embeddable":true,"href":"https:\/\/romanigodi.org\/index.php?rest_route=%2Fwp%2Fv2%2Fcategories&post=2943"},{"taxonomy":"post_tag","embeddable":true,"href":"https:\/\/romanigodi.org\/index.php?rest_route=%2Fwp%2Fv2%2Ftags&post=2943"}],"curies":[{"name":"wp","href":"https:\/\/api.w.org\/{rel}","templated":true}]}}