{"id":3587,"date":"2025-11-25T11:48:45","date_gmt":"2025-11-25T11:48:45","guid":{"rendered":"https:\/\/romanigodi.org\/?p=3587"},"modified":"2025-11-25T11:48:45","modified_gmt":"2025-11-25T11:48:45","slug":"kentin-genclik-hali-bulteni","status":"publish","type":"post","link":"https:\/\/romanigodi.org\/?p=3587","title":{"rendered":"Kentin Gen\u00e7lik Hali B\u00fclteni"},"content":{"rendered":"<h2><b>Kentin Gen\u00e7lik Hali: Dom Gen\u00e7lerin G\u00f6z\u00fcnden Kent ve Hak M\u00fccadelesi<\/b><\/h2>\n<p><span style=\"font-weight: 400;\">Romani Godi Derne\u011fi olarak yay\u0131mlad\u0131\u011f\u0131m\u0131z yeni b\u00fcltenimiz \u201cKentin Gen\u00e7lik Hali\u201d, gen\u00e7lerin kent hakk\u0131na dair deneyimlerini ve Dom gen\u00e7lerin g\u00f6r\u00fcn\u00fcrl\u00fck m\u00fccadelesini merkeze al\u0131yor.<\/span><\/p>\n<p><span style=\"font-weight: 400;\">6 \u015eubat depremlerinin ard\u0131ndan Malatya\u2019da y\u00fcr\u00fct\u00fclen \u201cRomanlar, Abdallar ve Domlar i\u00e7in Kent Hakk\u0131na Eri\u015fim Projesi\u201d kapsam\u0131nda haz\u0131rlanan bu b\u00fclten, kente gen\u00e7lerin g\u00f6z\u00fcnden bakmay\u0131 ama\u00e7l\u0131yor.<\/span><span style=\"font-weight: 400;\"><br \/>\n<\/span><span style=\"font-weight: 400;\"> \u00c7\u00fcnk\u00fc kent, yaln\u0131zca ya\u015fan\u0131lan bir yer de\u011fil; gen\u00e7lerin kimli\u011fini kurdu\u011fu, kendini ifade etti\u011fi ve gelece\u011fini bi\u00e7imlendirdi\u011fi bir alan.<\/span><\/p>\n<p><span style=\"font-weight: 400;\">Bu say\u0131da \u00f6zellikle Dom gen\u00e7lerin kentte var olma deneyimlerine odakland\u0131k.<\/span><span style=\"font-weight: 400;\"><br \/>\n<\/span><span style=\"font-weight: 400;\"> Spor, g\u00f6n\u00fcll\u00fcl\u00fck ve dayan\u0131\u015fma yoluyla g\u00f6r\u00fcn\u00fcr olma \u00e7abalar\u0131; \u00f6nyarg\u0131lara, mek\u00e2nsal ayr\u0131\u015fmalara ve temsil eksikli\u011fine kar\u015f\u0131 g\u00fc\u00e7l\u00fc bir yan\u0131t olu\u015fturuyor.<\/span><span style=\"font-weight: 400;\"><br \/>\n<\/span><span style=\"font-weight: 400;\"> Malatya\u2019daki Dom gen\u00e7lerin ba\u015far\u0131 hik\u00e2yeleri, yaln\u0131zca bireysel birer ad\u0131m de\u011fil; e\u015fit kat\u0131l\u0131m ve temsiliyet i\u00e7in y\u00fcr\u00fct\u00fclen kolektif bir m\u00fccadele.<\/span><\/p>\n<p><span style=\"font-weight: 400;\">B\u00fcltende ayr\u0131ca, proje kapsam\u0131nda y\u00fcr\u00fct\u00fclen hak savunuculu\u011fu, \u00f6rg\u00fctlenme \u00f6zg\u00fcrl\u00fc\u011f\u00fc ve topluluk temsiliyeti at\u00f6lyeleri,<\/span><span style=\"font-weight: 400;\"><br \/>\n<\/span><span style=\"font-weight: 400;\"> saha \u00e7al\u0131\u015fmalar\u0131 ve g\u00f6n\u00fcll\u00fclerin deneyimleri yer al\u0131yor.<\/span><span style=\"font-weight: 400;\"><br \/>\n<\/span><span style=\"font-weight: 400;\"> Gen\u00e7lerin kendi s\u00f6zleriyle anlatt\u0131\u011f\u0131 hik\u00e2yeler, kente ve kimli\u011fe dair yeni bir bak\u0131\u015f a\u00e7\u0131s\u0131 sunuyor.<\/span><\/p>\n<p><span style=\"font-weight: 400;\">\u201cGen\u00e7lerin kente eri\u015fimi, gelece\u011fin adil in\u015fas\u0131 demektir.\u201d<\/span><\/p>\n<p><span style=\"font-weight: 400;\">Bu b\u00fclten, yaln\u0131zca bir proje \u00e7\u0131kt\u0131s\u0131 de\u011fil; gen\u00e7lerin sesine, g\u00f6r\u00fcn\u00fcrl\u00fc\u011f\u00fcne ve hak temelli taleplerine a\u00e7\u0131lm\u0131\u015f bir alan.<\/span><\/p>\n<p><a href=\"https:\/\/drive.google.com\/file\/d\/1up1-qEy03ZSOFDgnGm4mcKOkx1QtOokV\/view?usp=sharing\"><span style=\"font-weight: 400;\">B\u00fclteni okumak i\u00e7in t\u0131klay\u0131n\u0131z!<\/span><\/a><span style=\"font-weight: 400;\"><br \/>\n<\/span><\/p>\n","protected":false},"excerpt":{"rendered":"<p>Kentin Gen\u00e7lik Hali: Dom Gen\u00e7lerin G\u00f6z\u00fcnden Kent ve Hak M\u00fccadelesi Romani Godi Derne\u011fi olarak yay\u0131mlad\u0131\u011f\u0131m\u0131z yeni b\u00fcltenimiz \u201cKentin Gen\u00e7lik Hali\u201d, gen\u00e7lerin kent hakk\u0131na dair deneyimlerini ve Dom gen\u00e7lerin g\u00f6r\u00fcn\u00fcrl\u00fck m\u00fccadelesini merkeze al\u0131yor. 6 \u015eubat depremlerinin ard\u0131ndan Malatya\u2019da y\u00fcr\u00fct\u00fclen \u201cRomanlar, Abdallar ve Domlar i\u00e7in Kent Hakk\u0131na Eri\u015fim Projesi\u201d kapsam\u0131nda haz\u0131rlanan bu b\u00fclten, kente gen\u00e7lerin g\u00f6z\u00fcnden bakmay\u0131 [&hellip;]<\/p>\n","protected":false},"author":2,"featured_media":0,"comment_status":"open","ping_status":"open","sticky":false,"template":"","format":"standard","meta":{"footnotes":""},"categories":[7],"tags":[],"class_list":["post-3587","post","type-post","status-publish","format-standard","hentry","category-bultenler"],"_links":{"self":[{"href":"https:\/\/romanigodi.org\/index.php?rest_route=\/wp\/v2\/posts\/3587","targetHints":{"allow":["GET"]}}],"collection":[{"href":"https:\/\/romanigodi.org\/index.php?rest_route=\/wp\/v2\/posts"}],"about":[{"href":"https:\/\/romanigodi.org\/index.php?rest_route=\/wp\/v2\/types\/post"}],"author":[{"embeddable":true,"href":"https:\/\/romanigodi.org\/index.php?rest_route=\/wp\/v2\/users\/2"}],"replies":[{"embeddable":true,"href":"https:\/\/romanigodi.org\/index.php?rest_route=%2Fwp%2Fv2%2Fcomments&post=3587"}],"version-history":[{"count":1,"href":"https:\/\/romanigodi.org\/index.php?rest_route=\/wp\/v2\/posts\/3587\/revisions"}],"predecessor-version":[{"id":3588,"href":"https:\/\/romanigodi.org\/index.php?rest_route=\/wp\/v2\/posts\/3587\/revisions\/3588"}],"wp:attachment":[{"href":"https:\/\/romanigodi.org\/index.php?rest_route=%2Fwp%2Fv2%2Fmedia&parent=3587"}],"wp:term":[{"taxonomy":"category","embeddable":true,"href":"https:\/\/romanigodi.org\/index.php?rest_route=%2Fwp%2Fv2%2Fcategories&post=3587"},{"taxonomy":"post_tag","embeddable":true,"href":"https:\/\/romanigodi.org\/index.php?rest_route=%2Fwp%2Fv2%2Ftags&post=3587"}],"curies":[{"name":"wp","href":"https:\/\/api.w.org\/{rel}","templated":true}]}}