{"id":3634,"date":"2026-02-19T13:30:03","date_gmt":"2026-02-19T13:30:03","guid":{"rendered":"https:\/\/romanigodi.org\/?p=3634"},"modified":"2026-02-19T13:42:05","modified_gmt":"2026-02-19T13:42:05","slug":"elementor-3634","status":"publish","type":"post","link":"https:\/\/romanigodi.org\/?p=3634","title":{"rendered":"Domlar, Romanlar ve Abdallar \u0130\u00e7in Kent Hakk\u0131na Eri\u015fim Projesi"},"content":{"rendered":"\t\t<div data-elementor-type=\"wp-post\" data-elementor-id=\"3634\" class=\"elementor elementor-3634\" data-elementor-post-type=\"post\">\n\t\t\t\t<div data-particle_enable=\"false\" data-particle-mobile-disabled=\"false\" class=\"elementor-element elementor-element-9dacf19 e-flex e-con-boxed e-con e-parent\" data-id=\"9dacf19\" data-element_type=\"container\">\n\t\t\t\t\t<div class=\"e-con-inner\">\n\t\t\t\t<div class=\"elementor-element elementor-element-7f47c2b elementor-widget elementor-widget-text-editor\" data-id=\"7f47c2b\" data-element_type=\"widget\" data-widget_type=\"text-editor.default\">\n\t\t\t\t\t\t\t\t\t<p><span style=\"font-weight: 400;\">Romani Godi olarak y\u00fcr\u00fctt\u00fc\u011f\u00fcm\u00fcz Kent Hakk\u0131na Eri\u015fim Projesi, Malatya\u2019da ya\u015fayan Roman, Dom ve Abdal topluluklar\u0131n\u0131n kent ya\u015fam\u0131na aktif kat\u0131l\u0131mlar\u0131n\u0131 art\u0131rmay\u0131, kamu hizmetlerine eri\u015fim konusunda g\u00fc\u00e7lenmelerini desteklemeyi ve kendi topluluklar\u0131n\u0131 temsil edebilecek s\u00fcrd\u00fcr\u00fclebilir yap\u0131lar olu\u015fturmalar\u0131n\u0131 hedefleyen kapsaml\u0131 bir programd\u0131r.<\/span><\/p><p><span style=\"font-weight: 400;\">Deprem sonras\u0131 d\u00f6nemde topluluklarla kurdu\u011fumuz yak\u0131n temas, hem ihtiya\u00e7lar\u0131n hem de \u00e7\u00f6z\u00fcm \u00fcretilebilecek alanlar\u0131n daha g\u00f6r\u00fcn\u00fcr hale gelmesini sa\u011flad\u0131. Bu proje, topluluklar\u0131n deneyimlerini g\u00f6r\u00fcn\u00fcr k\u0131lan, yerel y\u00f6netimlerle do\u011frudan temas kurmalar\u0131n\u0131 kolayla\u015ft\u0131ran ve kentsel ya\u015fama kat\u0131l\u0131mlar\u0131n\u0131 destekleyen bir \u00e7er\u00e7eve sunar.<\/span><\/p><p><span style=\"font-weight: 400;\">Malatya\u2019da ya\u015fayan Roman, Dom ve Abdal topluluklar\u0131n\u0131n kent ya\u015fam\u0131na aktif kat\u0131l\u0131mlar\u0131n\u0131 art\u0131rmay\u0131, kamu hizmetlerine eri\u015fim konusunda g\u00fc\u00e7lenmelerini desteklemeyi ve kendi topluluklar\u0131n\u0131 temsil edebilecek s\u00fcrd\u00fcr\u00fclebilir yap\u0131lar olu\u015fturmalar\u0131n\u0131 hedefleyen kapsaml\u0131 bir programd\u0131r.<\/span><\/p><p><span style=\"font-weight: 400;\">Deprem sonras\u0131 d\u00f6nemde topluluklarla kurdu\u011fumuz yak\u0131n temas, hem ihtiya\u00e7lar\u0131n hem de \u00e7\u00f6z\u00fcm \u00fcretilebilecek alanlar\u0131n daha g\u00f6r\u00fcn\u00fcr hale gelmesini sa\u011flad\u0131. Bu proje, topluluklar\u0131n deneyimlerini g\u00f6r\u00fcn\u00fcr k\u0131lan, yerel y\u00f6netimlerle temas kurmalar\u0131n\u0131 kolayla\u015ft\u0131ran, karar alma s\u00fcre\u00e7lerine ve kentsel ya\u015fama kat\u0131l\u0131mlar\u0131n\u0131 destekleyen bir \u00e7er\u00e7eve sunar.<\/span><\/p><h2><span style=\"font-weight: 400;\">Amac\u0131m\u0131z<\/span><\/h2><p><span style=\"font-weight: 400;\">Projenin temel amac\u0131, Malatya\u2019daki Roman, Dom ve Abdal topluluklar\u0131n\u0131n kent hakk\u0131 kapsam\u0131nda g\u00fc\u00e7lenmesini sa\u011flamak ve yerel d\u00fczeyde daha kapsay\u0131c\u0131 bir ileti\u015fim ve i\u015fbirli\u011fi ortam\u0131 olu\u015fturmakt\u0131r. Bu do\u011frultuda:<\/span><\/p><ul><li style=\"font-weight: 400;\" aria-level=\"1\"><span style=\"font-weight: 400;\">Malatya\u2019da ya\u015fayan Roman, Dom ve Abdal topluluklar\u0131na dair detayl\u0131, g\u00fcncel ve kullan\u0131labilir veri \u00fcretmek; b\u00f6ylece hem kamu kurumlar\u0131na hem de sivil topluma yol g\u00f6sterici bir bilgi kayna\u011f\u0131 sunmak. https:\/\/romanidata.uwazi.io\/<\/span><\/li><li style=\"font-weight: 400;\" aria-level=\"1\"><span style=\"font-weight: 400;\">Kamu hizmetlerine eri\u015fim s\u00fcre\u00e7lerinde topluluk \u00fcyelerinin bilgiye ve mekanizmalara eri\u015fimini art\u0131rmay\u0131,<\/span><\/li><li style=\"font-weight: 400;\" aria-level=\"1\"><span style=\"font-weight: 400;\">Gen\u00e7lerin ve kad\u0131nlar\u0131n toplumsal kat\u0131l\u0131m\u0131n\u0131 g\u00fc\u00e7lendirmeyi,<\/span><\/li><li style=\"font-weight: 400;\" aria-level=\"1\"><span style=\"font-weight: 400;\">Yerel y\u00f6netimlerle d\u00fczenli ve yap\u0131c\u0131 bir diyalog kurulmas\u0131n\u0131 desteklemeyi,<\/span><\/li><li style=\"font-weight: 400;\" aria-level=\"1\"><span style=\"font-weight: 400;\">Uzun vadede topluluklar\u0131n kendi \u00f6rg\u00fctlenmelerini olu\u015fturabilecek kapasiteye ula\u015fmalar\u0131n\u0131 te\u015fvik etmeyi<\/span><\/li><\/ul><p><span style=\"font-weight: 400;\">hedefliyoruz.<\/span><\/p>\t\t\t\t\t\t\t\t<\/div>\n\t\t\t\t<div class=\"elementor-element elementor-element-d2763dd elementor-widget elementor-widget-image\" data-id=\"d2763dd\" data-element_type=\"widget\" data-widget_type=\"image.default\">\n\t\t\t\t\t\t\t\t\t\t\t\t\t\t\t<img fetchpriority=\"high\" decoding=\"async\" width=\"800\" height=\"448\" src=\"https:\/\/romanigodi.org\/wp-content\/uploads\/2026\/02\/Ekran-goruntusu-2026-02-19-161827-1024x573.png\" class=\"attachment-large size-large wp-image-3635\" alt=\"kent hakk\u0131\" srcset=\"https:\/\/romanigodi.org\/wp-content\/uploads\/2026\/02\/Ekran-goruntusu-2026-02-19-161827-1024x573.png 1024w, https:\/\/romanigodi.org\/wp-content\/uploads\/2026\/02\/Ekran-goruntusu-2026-02-19-161827-300x168.png 300w, https:\/\/romanigodi.org\/wp-content\/uploads\/2026\/02\/Ekran-goruntusu-2026-02-19-161827-768x430.png 768w, https:\/\/romanigodi.org\/wp-content\/uploads\/2026\/02\/Ekran-goruntusu-2026-02-19-161827.png 1105w\" sizes=\"(max-width: 800px) 100vw, 800px\" \/>\t\t\t\t\t\t\t\t\t\t\t\t\t\t\t<\/div>\n\t\t\t\t<div class=\"elementor-element elementor-element-fe28da4 elementor-widget elementor-widget-text-editor\" data-id=\"fe28da4\" data-element_type=\"widget\" data-widget_type=\"text-editor.default\">\n\t\t\t\t\t\t\t\t\t<h2><span style=\"font-weight: 400;\">Neler Yap\u0131yoruz?<\/span><\/h2><h4><b>1. Topluluk Deneyimlerine Dayal\u0131 Veri \u00dcretiyoruz ve G\u00f6r\u00fcn\u00fcrl\u00fck Sa\u011fl\u0131yoruz<\/b><\/h4><p><span style=\"font-weight: 400;\">Proje kapsam\u0131nda Malatya\u2019daki Roman, Dom ve Abdal topluluklar\u0131yla ger\u00e7ekle\u015ftirilen nitel g\u00f6r\u00fc\u015fmeler ve saha temaslar\u0131 arac\u0131l\u0131\u011f\u0131yla kamu hizmetlerine eri\u015fim s\u00fcre\u00e7leri, kar\u015f\u0131la\u015f\u0131lan yap\u0131sal engeller, \u00f6ncelikli ihtiya\u00e7 alanlar\u0131 ve topluluklar\u0131n mevcut kapasite ve g\u00fc\u00e7l\u00fc y\u00f6nleri hakk\u0131nda sistematik veri \u00fcretilmi\u015ftir.<\/span><\/p><p><span style=\"font-weight: 400;\">Bu s\u00fcre\u00e7, yaln\u0131zca durum tespiti yapmay\u0131 de\u011fil; kent hakk\u0131 \u00e7er\u00e7evesinde hak ihlali risklerini, hizmetlere eri\u015fimdeki e\u015fitsizlikleri ve kurumsal bo\u015fluklar\u0131 ortaya koymay\u0131 ama\u00e7lam\u0131\u015ft\u0131r. Elde edilen veriler dijital bir platform \u00fczerinden kamuya a\u00e7\u0131k bi\u00e7imde payla\u015f\u0131lmakta ve veri temelli savunuculuk \u00e7al\u0131\u015fmalar\u0131n\u0131n epistemik altyap\u0131s\u0131n\u0131 olu\u015fturmaktad\u0131r.<\/span><\/p><p><span style=\"font-weight: 400;\">Bu m\u00fcdahale, topluluk deneyimlerinin g\u00f6r\u00fcn\u00fcrl\u00fc\u011f\u00fcn\u00fc art\u0131rman\u0131n yan\u0131 s\u0131ra, yerel kurumlar\u0131n kan\u0131ta dayal\u0131 ve kapsay\u0131c\u0131 hizmet modelleri geli\u015ftirmelerine katk\u0131 sunmay\u0131 hedeflemektedir.<\/span><\/p><h4><b>2. Kat\u0131l\u0131mc\u0131 \u00c7al\u0131\u015ftaylar ve Politika Geli\u015ftirme S\u00fcre\u00e7leri Y\u00fcr\u00fct\u00fcyoruz<\/b><\/h4><p><span style=\"font-weight: 400;\">Proje kapsam\u0131nda Kentsel Haklara Eri\u015fim \u00c7al\u0131\u015ftay\u0131 ve politika olu\u015fturma oturumlar\u0131 ger\u00e7ekle\u015ftirilmi\u015ftir. Bu s\u00fcre\u00e7ler; kamu kurumlar\u0131, yerel y\u00f6netimler, akademi, sivil toplum kurulu\u015flar\u0131 ve topluluk temsilcilerinin bir araya geldi\u011fi \u00e7ok payda\u015fl\u0131 ve kat\u0131l\u0131mc\u0131 bir model \u00e7er\u00e7evesinde tasarlanm\u0131\u015ft\u0131r.<\/span><\/p><p><span style=\"font-weight: 400;\">\u00c7al\u0131\u015ftaylarda sahadan elde edilen veriler kolektif olarak analiz edilmi\u015f; yap\u0131sal sorun alanlar\u0131, hizmet sunumundaki e\u015fitsizlikler ve kurumsal koordinasyon eksiklikleri tart\u0131\u015f\u0131lm\u0131\u015ft\u0131r. Bu tart\u0131\u015fmalar sonucunda geli\u015ftirilen politika \u00f6nerileri, topluluk deneyimine dayanan ve farkl\u0131 akt\u00f6rlerin katk\u0131s\u0131yla \u015fekillenen somut \u00f6neri setlerine d\u00f6n\u00fc\u015ft\u00fcr\u00fclm\u00fc\u015ft\u00fcr.<\/span><\/p><p><span style=\"font-weight: 400;\">Bu yakla\u015f\u0131m, politika \u00fcretim s\u00fcrecini tek tarafl\u0131 bir raporlama prati\u011fi olmaktan \u00e7\u0131kararak, m\u00fczakereye dayal\u0131 ve ortak sorumluluk i\u00e7eren bir y\u00f6neti\u015fim prati\u011fine d\u00f6n\u00fc\u015ft\u00fcrmeyi ama\u00e7lamaktad\u0131r.<\/span><\/p>\t\t\t\t\t\t\t\t<\/div>\n\t\t\t\t<div class=\"elementor-element elementor-element-97065ad elementor-widget elementor-widget-image\" data-id=\"97065ad\" data-element_type=\"widget\" data-widget_type=\"image.default\">\n\t\t\t\t\t\t\t\t\t\t\t\t\t\t\t<img decoding=\"async\" width=\"800\" height=\"600\" src=\"https:\/\/romanigodi.org\/wp-content\/uploads\/2026\/02\/WhatsApp-Image-2026-02-19-at-12.46.07-1024x768.jpeg\" class=\"attachment-large size-large wp-image-3636\" alt=\"\" srcset=\"https:\/\/romanigodi.org\/wp-content\/uploads\/2026\/02\/WhatsApp-Image-2026-02-19-at-12.46.07-1024x768.jpeg 1024w, https:\/\/romanigodi.org\/wp-content\/uploads\/2026\/02\/WhatsApp-Image-2026-02-19-at-12.46.07-300x225.jpeg 300w, https:\/\/romanigodi.org\/wp-content\/uploads\/2026\/02\/WhatsApp-Image-2026-02-19-at-12.46.07-768x576.jpeg 768w, https:\/\/romanigodi.org\/wp-content\/uploads\/2026\/02\/WhatsApp-Image-2026-02-19-at-12.46.07-1536x1152.jpeg 1536w, https:\/\/romanigodi.org\/wp-content\/uploads\/2026\/02\/WhatsApp-Image-2026-02-19-at-12.46.07-1320x990.jpeg 1320w, https:\/\/romanigodi.org\/wp-content\/uploads\/2026\/02\/WhatsApp-Image-2026-02-19-at-12.46.07.jpeg 2048w\" sizes=\"(max-width: 800px) 100vw, 800px\" \/>\t\t\t\t\t\t\t\t\t\t\t\t\t\t\t<\/div>\n\t\t\t\t<div class=\"elementor-element elementor-element-5456b30 elementor-widget elementor-widget-text-editor\" data-id=\"5456b30\" data-element_type=\"widget\" data-widget_type=\"text-editor.default\">\n\t\t\t\t\t\t\t\t\t<h4><b>3. Kapasite Geli\u015ftirme ve Veriye Dayal\u0131 Savunuculuk S\u00fcre\u00e7leri Y\u00fcr\u00fct\u00fcyoruz<\/b><\/h4><p><span style=\"font-weight: 400;\">Proje kapsam\u0131nda \u201cKentsel Haklara ve Kamu Hizmetlerine Eri\u015fim\u201d ile \u201cVeriye Dayal\u0131 Savunuculuk\u201d ba\u015fl\u0131klar\u0131nda at\u00f6lyeler d\u00fczenlenmi\u015ftir. Bu at\u00f6lyeler, topluluk \u00fcyelerinin hak temelli bilgiye eri\u015fimini art\u0131rmay\u0131 ve savunuculuk s\u00fcre\u00e7lerinde aktif \u00f6zne haline gelmelerini desteklemeyi hedeflemi\u015ftir.<\/span><\/p><p><span style=\"font-weight: 400;\">At\u00f6lye i\u00e7erikleri; kent hakk\u0131 kavramsal \u00e7er\u00e7evesi, kamu hizmetlerine eri\u015fim mekanizmalar\u0131, hak ihlallerinin belgelendirilmesi y\u00f6ntemleri, veri \u00fcretimi ve analiz teknikleri ile yerel y\u00f6netimlere y\u00f6nelik politika \u00f6nerisi geli\u015ftirme ara\u00e7lar\u0131 \u00fczerine yap\u0131land\u0131r\u0131lm\u0131\u015ft\u0131r. Oturumlar uygulamal\u0131 ve kat\u0131l\u0131mc\u0131 y\u00f6ntemlerle y\u00fcr\u00fct\u00fclm\u00fc\u015ft\u00fcr.<\/span><\/p><p><span style=\"font-weight: 400;\">Bu \u00e7al\u0131\u015fmalar sonucunda kat\u0131l\u0131mc\u0131lar\u0131n yaln\u0131zca veri sa\u011flayan konumda kalmay\u0131p; veriyi analiz eden, yorumlayan ve savunuculuk s\u00fcre\u00e7lerini y\u00f6nlendirebilen akt\u00f6rler haline gelmeleri hedeflenmi\u015ftir. B\u00f6ylece proje, bilgi \u00fcretimi ile yerel savunuculuk kapasitesi aras\u0131nda do\u011frudan bir ba\u011f kurmay\u0131 ama\u00e7layan b\u00fct\u00fcnc\u00fcl bir m\u00fcdahale modeli ortaya koymaktad\u0131r.<\/span><\/p><p><b>4.\u00d6rg\u00fctlenme \u00d6zg\u00fcrl\u00fc\u011f\u00fc At\u00f6lyeleri<\/b><\/p><p><span style=\"font-weight: 400;\">Proje kapsam\u0131nda Dom kad\u0131nlar ve gen\u00e7lere y\u00f6nelik \u00d6rg\u00fctlenme \u00d6zg\u00fcrl\u00fc\u011f\u00fc At\u00f6lyeleri ger\u00e7ekle\u015ftirilmi\u015ftir. Bu at\u00f6lyeler, \u00f6rg\u00fctlenme \u00f6zg\u00fcrl\u00fc\u011f\u00fcn\u00fcn anayasal ve uluslararas\u0131 insan haklar\u0131 \u00e7er\u00e7evesi ba\u011flam\u0131nda ele al\u0131nmas\u0131n\u0131, kolektif hak kullan\u0131m\u0131 mekanizmalar\u0131n\u0131n anla\u015f\u0131lmas\u0131n\u0131 ve yerel d\u00fczeyde temsil kapasitesinin g\u00fc\u00e7lendirilmesini hedeflemi\u015ftir.<\/span><\/p><p><span style=\"font-weight: 400;\">At\u00f6lye i\u00e7erikleri; dernekle\u015fme ve gayriresm\u00ee kolektif yap\u0131lar\u0131n i\u015fleyi\u015fi, karar alma ve temsil s\u00fcre\u00e7leri, topluluk i\u00e7i demokratik kat\u0131l\u0131m ilkeleri, kad\u0131nlar\u0131n ve gen\u00e7lerin liderlik rolleri ile hak temelli savunuculuk ara\u00e7lar\u0131 \u00fczerine yap\u0131land\u0131r\u0131lm\u0131\u015ft\u0131r. Kat\u0131l\u0131mc\u0131 y\u00f6ntemlerle y\u00fcr\u00fct\u00fclen oturumlarda, mevcut \u00f6rg\u00fctlenme engelleri, toplumsal cinsiyet temelli bariyerler ve yap\u0131sal d\u0131\u015flanma dinamikleri tart\u0131\u015f\u0131lm\u0131\u015f; bu engelleri a\u015fmaya y\u00f6nelik yerel stratejiler geli\u015ftirilmi\u015ftir.<\/span><\/p><p><span style=\"font-weight: 400;\">At\u00f6lyeler sonucunda kat\u0131l\u0131mc\u0131lar\u0131n \u00f6rg\u00fctlenme \u00f6zg\u00fcrl\u00fc\u011f\u00fcne ili\u015fkin normatif \u00e7er\u00e7eveye dair bilgi d\u00fczeylerinde art\u0131\u015f sa\u011flanm\u0131\u015f; kolektif hareket etme kapasitesi, temsil bilinci ve yerel karar alma s\u00fcre\u00e7lerine kat\u0131l\u0131m motivasyonu g\u00fc\u00e7lenmi\u015ftir. Bu s\u00fcre\u00e7, uzun vadede s\u00fcrd\u00fcr\u00fclebilir topluluk temelli \u00f6rg\u00fctlenme yap\u0131lar\u0131n\u0131n olu\u015fmas\u0131na zemin haz\u0131rlayan bir kapasite geli\u015ftirme m\u00fcdahalesi olarak kurgulanm\u0131\u015ft\u0131r.<\/span><\/p>\t\t\t\t\t\t\t\t<\/div>\n\t\t\t\t<div class=\"elementor-element elementor-element-f6351ee elementor-widget elementor-widget-image\" data-id=\"f6351ee\" data-element_type=\"widget\" data-widget_type=\"image.default\">\n\t\t\t\t\t\t\t\t\t\t\t\t\t\t\t<img decoding=\"async\" width=\"800\" height=\"600\" src=\"https:\/\/romanigodi.org\/wp-content\/uploads\/2026\/02\/WhatsApp-Image-2026-02-19-at-16.26.49-1024x768.jpeg\" class=\"attachment-large size-large wp-image-3637\" alt=\"malatya\" srcset=\"https:\/\/romanigodi.org\/wp-content\/uploads\/2026\/02\/WhatsApp-Image-2026-02-19-at-16.26.49-1024x768.jpeg 1024w, https:\/\/romanigodi.org\/wp-content\/uploads\/2026\/02\/WhatsApp-Image-2026-02-19-at-16.26.49-300x225.jpeg 300w, https:\/\/romanigodi.org\/wp-content\/uploads\/2026\/02\/WhatsApp-Image-2026-02-19-at-16.26.49-768x576.jpeg 768w, https:\/\/romanigodi.org\/wp-content\/uploads\/2026\/02\/WhatsApp-Image-2026-02-19-at-16.26.49-1536x1152.jpeg 1536w, https:\/\/romanigodi.org\/wp-content\/uploads\/2026\/02\/WhatsApp-Image-2026-02-19-at-16.26.49-1320x990.jpeg 1320w, https:\/\/romanigodi.org\/wp-content\/uploads\/2026\/02\/WhatsApp-Image-2026-02-19-at-16.26.49.jpeg 2000w\" sizes=\"(max-width: 800px) 100vw, 800px\" \/>\t\t\t\t\t\t\t\t\t\t\t\t\t\t\t<\/div>\n\t\t\t\t<div class=\"elementor-element elementor-element-eda6b58 elementor-widget elementor-widget-text-editor\" data-id=\"eda6b58\" data-element_type=\"widget\" data-widget_type=\"text-editor.default\">\n\t\t\t\t\t\t\t\t\t<h2><span style=\"font-weight: 400;\">Beklenen Etki<\/span><\/h2><p><span style=\"font-weight: 400;\">Projenin katk\u0131lar\u0131yla Malatya\u2019da:<\/span><\/p><ul><li style=\"font-weight: 400;\" aria-level=\"1\"><span style=\"font-weight: 400;\">Roman, Dom ve Abdal topluluklar\u0131n\u0131n g\u00f6r\u00fcn\u00fcrl\u00fc\u011f\u00fcn\u00fcn artmas\u0131,<\/span><\/li><li style=\"font-weight: 400;\" aria-level=\"1\"><span style=\"font-weight: 400;\">Topluluk \u00fcyelerinin kentteki karar alma mekanizmalar\u0131na kat\u0131l\u0131m\u0131n\u0131n artmas\u0131,<\/span><\/li><li style=\"font-weight: 400;\" aria-level=\"1\"><span style=\"font-weight: 400;\">Yerel y\u00f6netimlerin topluluklarla daha kapsay\u0131c\u0131 bir ileti\u015fim geli\u015ftirmesi,<\/span><\/li><li style=\"font-weight: 400;\" aria-level=\"1\"><span style=\"font-weight: 400;\">Uzun vadede topluluklar\u0131n s\u00fcrd\u00fcr\u00fclebilir bir yerel \u00f6rg\u00fctlenme yap\u0131s\u0131na kavu\u015fmas\u0131<\/span><\/li><li style=\"font-weight: 400;\" aria-level=\"1\"><span style=\"font-weight: 400;\">Proje kapsam\u0131nda \u00fcretilen veri setlerinin; yerel STK\u2019lar, kamu kurumlar\u0131, ulusal ve uluslararas\u0131 kurulu\u015flar ile akademi taraf\u0131ndan kullan\u0131labilir olmas\u0131 ve bu verilerin kapsay\u0131c\u0131 politika geli\u015ftirme s\u00fcre\u00e7lerine katk\u0131 sunmas\u0131<\/span><\/li><\/ul><p><span style=\"font-weight: 400;\">hedeflenmektedir.<\/span><\/p><p><i><span style=\"font-weight: 400;\">&#8220;Roman Haf\u0131za \u00c7al\u0131\u015fmalar\u0131 Derne\u011fi (Romani Godi), Avrupa Birli\u011fi taraf\u0131ndan finanse edilen ve STGM taraf\u0131ndan y\u00fcr\u00fct\u00fclen Afet Risk Y\u00f6netiminde ST\u00d6\u2019lerin Kapasitesinin Desteklenmesi Projesi kat\u0131l\u0131mc\u0131s\u0131d\u0131r. Bu i\u00e7eri\u011fin sorumlulu\u011fu tamam\u0131yla Romani Godi\u2019ye aittir ve Avrupa Birli\u011fi\u2019nin ve STGM\u2019nin g\u00f6r\u00fc\u015flerini yans\u0131tmak zorunda de\u011fildir.&#8221;<\/span><\/i><\/p>\t\t\t\t\t\t\t\t<\/div>\n\t\t\t\t\t<\/div>\n\t\t\t\t<\/div>\n\t\t<div data-particle_enable=\"false\" data-particle-mobile-disabled=\"false\" class=\"elementor-element elementor-element-c6fbd8a e-grid e-con-boxed e-con e-parent\" data-id=\"c6fbd8a\" data-element_type=\"container\">\n\t\t\t\t\t<div class=\"e-con-inner\">\n\t\t\t\t<div class=\"elementor-element elementor-element-11fded2 elementor-widget elementor-widget-image\" data-id=\"11fded2\" data-element_type=\"widget\" data-widget_type=\"image.default\">\n\t\t\t\t\t\t\t\t\t\t\t\t\t\t\t<img decoding=\"async\" src=\"https:\/\/romanigodi.org\/wp-content\/uploads\/elementor\/thumbs\/Ekran-goruntusu-2026-02-19-163540-rjdxal8uq0e5o5xt9jxwkr5ym6pkey13vney7pfgpo.png\" title=\"Ekran g\u00f6r\u00fcnt\u00fcs\u00fc 2026-02-19 163540\" alt=\"Ekran g\u00f6r\u00fcnt\u00fcs\u00fc 2026-02-19 163540\" loading=\"lazy\" \/>\t\t\t\t\t\t\t\t\t\t\t\t\t\t\t<\/div>\n\t\t\t\t<div class=\"elementor-element elementor-element-e072431 elementor-widget elementor-widget-image\" data-id=\"e072431\" data-element_type=\"widget\" data-widget_type=\"image.default\">\n\t\t\t\t\t\t\t\t\t\t\t\t\t\t\t<img loading=\"lazy\" decoding=\"async\" width=\"300\" height=\"242\" src=\"https:\/\/romanigodi.org\/wp-content\/uploads\/2026\/02\/romani-godi-logo-e1664220200655-300x242.png\" class=\"attachment-medium size-medium wp-image-3639\" alt=\"\" srcset=\"https:\/\/romanigodi.org\/wp-content\/uploads\/2026\/02\/romani-godi-logo-e1664220200655-300x242.png 300w, https:\/\/romanigodi.org\/wp-content\/uploads\/2026\/02\/romani-godi-logo-e1664220200655.png 450w\" sizes=\"(max-width: 300px) 100vw, 300px\" \/>\t\t\t\t\t\t\t\t\t\t\t\t\t\t\t<\/div>\n\t\t\t\t<div class=\"elementor-element elementor-element-1ead244 elementor-widget elementor-widget-image\" data-id=\"1ead244\" data-element_type=\"widget\" data-widget_type=\"image.default\">\n\t\t\t\t\t\t\t\t\t\t\t\t\t\t\t<img loading=\"lazy\" decoding=\"async\" width=\"1320\" height=\"501\" src=\"https:\/\/romanigodi.org\/wp-content\/uploads\/2025\/10\/stgm_logo_tr-1-1320x501.png\" class=\"attachment-mailpoet_newsletter_max size-mailpoet_newsletter_max wp-image-3395\" alt=\"\" srcset=\"https:\/\/romanigodi.org\/wp-content\/uploads\/2025\/10\/stgm_logo_tr-1-1320x501.png 1320w, https:\/\/romanigodi.org\/wp-content\/uploads\/2025\/10\/stgm_logo_tr-1-300x114.png 300w, https:\/\/romanigodi.org\/wp-content\/uploads\/2025\/10\/stgm_logo_tr-1-1024x389.png 1024w, https:\/\/romanigodi.org\/wp-content\/uploads\/2025\/10\/stgm_logo_tr-1-768x291.png 768w, https:\/\/romanigodi.org\/wp-content\/uploads\/2025\/10\/stgm_logo_tr-1-1536x583.png 1536w, https:\/\/romanigodi.org\/wp-content\/uploads\/2025\/10\/stgm_logo_tr-1.png 2000w\" sizes=\"(max-width: 1320px) 100vw, 1320px\" \/>\t\t\t\t\t\t\t\t\t\t\t\t\t\t\t<\/div>\n\t\t\t\t\t<\/div>\n\t\t\t\t<\/div>\n\t\t\t\t<\/div>\n\t\t","protected":false},"excerpt":{"rendered":"<p>Romani Godi olarak y\u00fcr\u00fctt\u00fc\u011f\u00fcm\u00fcz Kent Hakk\u0131na Eri\u015fim Projesi, Malatya\u2019da ya\u015fayan Roman, Dom ve Abdal topluluklar\u0131n\u0131n kent ya\u015fam\u0131na aktif kat\u0131l\u0131mlar\u0131n\u0131 art\u0131rmay\u0131, kamu hizmetlerine eri\u015fim konusunda g\u00fc\u00e7lenmelerini desteklemeyi ve kendi topluluklar\u0131n\u0131 temsil edebilecek s\u00fcrd\u00fcr\u00fclebilir yap\u0131lar olu\u015fturmalar\u0131n\u0131 hedefleyen kapsaml\u0131 bir programd\u0131r. Deprem sonras\u0131 d\u00f6nemde topluluklarla kurdu\u011fumuz yak\u0131n temas, hem ihtiya\u00e7lar\u0131n hem de \u00e7\u00f6z\u00fcm \u00fcretilebilecek alanlar\u0131n daha g\u00f6r\u00fcn\u00fcr hale [&hellip;]<\/p>\n","protected":false},"author":2,"featured_media":0,"comment_status":"open","ping_status":"open","sticky":false,"template":"","format":"standard","meta":{"footnotes":""},"categories":[23,36],"tags":[],"class_list":["post-3634","post","type-post","status-publish","format-standard","hentry","category-projelerimiz","category-temel-haklar"],"_links":{"self":[{"href":"https:\/\/romanigodi.org\/index.php?rest_route=\/wp\/v2\/posts\/3634","targetHints":{"allow":["GET"]}}],"collection":[{"href":"https:\/\/romanigodi.org\/index.php?rest_route=\/wp\/v2\/posts"}],"about":[{"href":"https:\/\/romanigodi.org\/index.php?rest_route=\/wp\/v2\/types\/post"}],"author":[{"embeddable":true,"href":"https:\/\/romanigodi.org\/index.php?rest_route=\/wp\/v2\/users\/2"}],"replies":[{"embeddable":true,"href":"https:\/\/romanigodi.org\/index.php?rest_route=%2Fwp%2Fv2%2Fcomments&post=3634"}],"version-history":[{"count":4,"href":"https:\/\/romanigodi.org\/index.php?rest_route=\/wp\/v2\/posts\/3634\/revisions"}],"predecessor-version":[{"id":3645,"href":"https:\/\/romanigodi.org\/index.php?rest_route=\/wp\/v2\/posts\/3634\/revisions\/3645"}],"wp:attachment":[{"href":"https:\/\/romanigodi.org\/index.php?rest_route=%2Fwp%2Fv2%2Fmedia&parent=3634"}],"wp:term":[{"taxonomy":"category","embeddable":true,"href":"https:\/\/romanigodi.org\/index.php?rest_route=%2Fwp%2Fv2%2Fcategories&post=3634"},{"taxonomy":"post_tag","embeddable":true,"href":"https:\/\/romanigodi.org\/index.php?rest_route=%2Fwp%2Fv2%2Ftags&post=3634"}],"curies":[{"name":"wp","href":"https:\/\/api.w.org\/{rel}","templated":true}]}}