{"id":468,"date":"2022-06-15T08:53:48","date_gmt":"2022-06-15T08:53:48","guid":{"rendered":"https:\/\/romanigodi.org\/?p=468"},"modified":"2025-11-21T09:47:22","modified_gmt":"2025-11-21T09:47:22","slug":"multidimensionality-of-exclusionary-violence-a-case-of-anti-gypsy-violence-in-turkey","status":"publish","type":"post","link":"https:\/\/romanigodi.org\/?p=468","title":{"rendered":"D\u0131\u015flay\u0131c\u0131 \u015fiddetin \u00e7ok boyutlulu\u011fu: T\u00fcrkiye&#8217;de bir \u00c7ingene Kar\u015f\u0131t\u0131 \u015eiddet Vakas\u0131"},"content":{"rendered":"<p style=\"text-align: left;\"><strong>Yaz\u0131n\u0131n Ad\u0131:<\/strong> D\u0131\u015flay\u0131c\u0131 \u015fiddetin \u00e7ok boyutlulu\u011fu: T\u00fcrkiye&#8217;de bir \u00c7ingene Kar\u015f\u0131t\u0131 \u015eiddet Vakas\u0131<\/p>\n<p><strong>Yazar\u0131n Ad\u0131: <\/strong>G\u00fcl \u00d6zate\u015fler<\/p>\n<p><strong>\u00d6zet:<\/strong><\/p>\n<p style=\"text-align: left;\">Bu makale, 1970 y\u0131l\u0131nda \u00c7anakkale&#8217;nin Bayrami\u00e7 il\u00e7esinden g\u00f6\u00e7men \u00c7ingene kasabal\u0131lar\u0131n\u0131n zorla yerinden edilmelerini ara\u015ft\u0131rmay\u0131 ama\u00e7lamaktad\u0131r. Bu d\u0131\u015flay\u0131c\u0131 \u015fiddet vakas\u0131 \u00fczerinden T\u00fcrkl\u00fck ve \u00c7ingenelik toplumsal kategorilerinin i\u015fleyi\u015fine, nas\u0131l yeniden istihdam edildiklerine ve yeniden \u00fcretildiklerine odaklanmaktad\u0131r. m\u00fcnhas\u0131ran T\u00fcrk milliyet\u00e7ili\u011fi ile ba\u011flant\u0131l\u0131 olarak. T\u00fcrkiye&#8217;de sosyo-ekonomik d\u00f6n\u00fc\u015f\u00fcm ve pop\u00fclist-milliyet\u00e7i s\u00f6ylemlerin y\u00fckseli\u015f d\u00f6nemiydi. Kasabada, bu tarihsel ba\u011flam\u0131n yans\u0131malar\u0131, karayolu ula\u015f\u0131m\u0131 ve ormanc\u0131l\u0131kta g\u00fc\u00e7 tahsisi ve rekabet eden ki\u015fisel \u00e7\u0131karlardaki d\u00f6n\u00fc\u015f\u00fcm\u00fc g\u00f6sterdi. Zamanla, \u201c\u015eof\u00f6r Kavgas\u0131\u201d olarak ba\u015flayan sald\u0131r\u0131lar, sosyo-ekonomik rekabet ve \u00e7\u0131karlar\u0131n, tarihi \u00c7ingene damgas\u0131n\u0131n kullan\u0131lmas\u0131 ve faillerin kentte ter\u00f6rize edilmesinin etkisiyle \u201c\u00c7ingene av\u0131\u201dna d\u00f6n\u00fc\u015fmesini anlatan makale ektedir.<\/p>\n<p style=\"text-align: left;\"><em><strong>D\u0130L\u0130 \u0130NG\u0130L\u0130ZCED\u0130R.<\/strong><\/em><\/p>\n<p><a class=\"btn btn-default btn-lg\" href=\"https:\/\/romanigodi.org\/wp-content\/uploads\/2022\/06\/A-case-of-anti-Gypsy-violence-in-Turkey.pdf\" target=\"_blank\" rel=\"noopener\"><strong> Tamam\u0131n\u0131 \u0130ndirmek \u0130\u00e7in T\u0131klay\u0131n\u0131z<\/strong>.<\/a><\/p>\n<p><strong>Bu \u00e7al\u0131\u015fmada ge\u00e7en ifadeler \u00e7al\u0131\u015fmay\u0131 y\u00fcr\u00fcten yazar\u0131n kendisine aittir.<\/strong><\/p>\n","protected":false},"excerpt":{"rendered":"<p>Yaz\u0131n\u0131n Ad\u0131: D\u0131\u015flay\u0131c\u0131 \u015fiddetin \u00e7ok boyutlulu\u011fu: T\u00fcrkiye&#8217;de bir \u00c7ingene Kar\u015f\u0131t\u0131 \u015eiddet Vakas\u0131 Yazar\u0131n Ad\u0131: G\u00fcl \u00d6zate\u015fler \u00d6zet: Bu makale, 1970 y\u0131l\u0131nda \u00c7anakkale&#8217;nin Bayrami\u00e7 il\u00e7esinden g\u00f6\u00e7men \u00c7ingene kasabal\u0131lar\u0131n\u0131n zorla yerinden edilmelerini ara\u015ft\u0131rmay\u0131 ama\u00e7lamaktad\u0131r. Bu d\u0131\u015flay\u0131c\u0131 \u015fiddet vakas\u0131 \u00fczerinden T\u00fcrkl\u00fck ve \u00c7ingenelik toplumsal kategorilerinin i\u015fleyi\u015fine, nas\u0131l yeniden istihdam edildiklerine ve yeniden \u00fcretildiklerine odaklanmaktad\u0131r. m\u00fcnhas\u0131ran T\u00fcrk milliyet\u00e7ili\u011fi ile [&hellip;]<\/p>\n","protected":false},"author":1,"featured_media":648,"comment_status":"open","ping_status":"open","sticky":false,"template":"","format":"quote","meta":{"footnotes":""},"categories":[22],"tags":[],"class_list":["post-468","post","type-post","status-publish","format-quote","has-post-thumbnail","hentry","category-onerilen-yayinlar","post_format-post-format-quote"],"_links":{"self":[{"href":"https:\/\/romanigodi.org\/index.php?rest_route=\/wp\/v2\/posts\/468","targetHints":{"allow":["GET"]}}],"collection":[{"href":"https:\/\/romanigodi.org\/index.php?rest_route=\/wp\/v2\/posts"}],"about":[{"href":"https:\/\/romanigodi.org\/index.php?rest_route=\/wp\/v2\/types\/post"}],"author":[{"embeddable":true,"href":"https:\/\/romanigodi.org\/index.php?rest_route=\/wp\/v2\/users\/1"}],"replies":[{"embeddable":true,"href":"https:\/\/romanigodi.org\/index.php?rest_route=%2Fwp%2Fv2%2Fcomments&post=468"}],"version-history":[{"count":1,"href":"https:\/\/romanigodi.org\/index.php?rest_route=\/wp\/v2\/posts\/468\/revisions"}],"predecessor-version":[{"id":3406,"href":"https:\/\/romanigodi.org\/index.php?rest_route=\/wp\/v2\/posts\/468\/revisions\/3406"}],"wp:featuredmedia":[{"embeddable":true,"href":"https:\/\/romanigodi.org\/index.php?rest_route=\/"}],"wp:attachment":[{"href":"https:\/\/romanigodi.org\/index.php?rest_route=%2Fwp%2Fv2%2Fmedia&parent=468"}],"wp:term":[{"taxonomy":"category","embeddable":true,"href":"https:\/\/romanigodi.org\/index.php?rest_route=%2Fwp%2Fv2%2Fcategories&post=468"},{"taxonomy":"post_tag","embeddable":true,"href":"https:\/\/romanigodi.org\/index.php?rest_route=%2Fwp%2Fv2%2Ftags&post=468"}],"curies":[{"name":"wp","href":"https:\/\/api.w.org\/{rel}","templated":true}]}}