{"id":473,"date":"2022-06-15T09:02:00","date_gmt":"2022-06-15T09:02:00","guid":{"rendered":"https:\/\/romanigodi.org\/?p=473"},"modified":"2025-11-21T09:46:37","modified_gmt":"2025-11-21T09:46:37","slug":"covid-19un-turkiyedeki-roman-topluluklari-uzerindeki-sosyo-ekonomik-etki-arastirmasi","status":"publish","type":"post","link":"https:\/\/romanigodi.org\/?p=473","title":{"rendered":"Covid-19\u2019un T\u00fcrkiye\u2019deki Roman Topluluklar\u0131 \u00dczerindeki Sosyoekonomik Etki Ara\u015ft\u0131rmas\u0131"},"content":{"rendered":"\r\n<p><strong>Yay\u0131n\u0131n Ad\u0131: <\/strong>Covid-19\u2019un T\u00fcrkiye\u2019deki Roman Topluluklar\u0131 \u00dczerindeki Sosyoekonomik Etki Ara\u015ft\u0131rmas\u0131<\/p>\r\n\r\n\r\n\r\n<p><strong>Yazar\u0131n Ad\u0131:\u00a0<\/strong>Fikret Adaman,\u00a0\u0130sa Ali Demir,\u00a0Baran Alp Uncu,\u00a0G\u00f6k\u00e7e Yeniev<\/p>\r\n\r\n\r\n\r\n<p><strong>Yay\u0131nlayan Kurum: <\/strong>S\u0131f\u0131r Ayr\u0131mc\u0131l\u0131k Derne\u011fi<\/p>\r\n\r\n\r\n\r\n<p><strong>\u00d6zet:<\/strong><\/p>\r\n\r\n\r\n\r\n<p>Bu \u00e7al\u0131\u015fma; T\u00fcrkiye ba\u011flam\u0131nda Romanlar\u0131n Covid-19 pandemisi nedeniyle kar\u015f\u0131 kar\u015f\u0131ya kald\u0131klar\u0131 ilave s\u0131k\u0131nt\u0131lar\u0131 ve pandemi esnas\u0131nda sunulan yard\u0131m ve desteklere eri\u015fimde imk\u00e2n ve kapasitelerini de\u011ferlendirmektedir. \u00c7al\u0131\u015fma kapsam\u0131nda, A\u011fustos-Aral\u0131k 2021 tarihleri aras\u0131nda, Artvin, \u0130zmir, Edirne, Gaziantep ve \u015eanl\u0131urfa illerinde derinlemesine g\u00f6r\u00fc\u015fmeler, odak grup \u00e7al\u0131\u015fmalar\u0131 ve illerin , ilgili m\u00fclki y\u00f6neticileri ve belediye sorumlular\u0131yla m\u00fclakatlar ger\u00e7ekle\u015ftirilmi\u015ftir. \u00c7al\u0131\u015fma esnas\u0131nda 130\u2019u yeti\u015fkin ve 48\u2019i \u00e7ocuk olmak \u00fczere toplamda 178 Roman ile g\u00f6r\u00fc\u015f\u00fclm\u00fc\u015ft\u00fcr. Sonu\u00e7lar, raporlama \u00f6ncesi ger\u00e7ekle\u015ftirilen bir \u00e7al\u0131\u015ftayda de\u011ferlendirilmi\u015ftir. Akabinde de, bir dizi politika \u00f6nerileri geli\u015ftirilmi\u015ftir. \u00c7al\u0131\u015fman\u0131n oda\u011f\u0131, pandemi dolay\u0131s\u0131yla Romanlar\u0131n kar\u015f\u0131la\u015ft\u0131klar\u0131 yeni s\u0131k\u0131nt\u0131lar ya da derinle\u015fen mevcut sorunlar olup, politika \u00f6nerilerinde de olas\u0131 yeni bir kriz kar\u015f\u0131s\u0131nda Romanlar\u0131n k\u0131r\u0131lganl\u0131klar\u0131n\u0131n daha da artmamas\u0131 i\u00e7in ne t\u00fcr ad\u0131mlar\u0131n at\u0131labilece\u011fine yo\u011funla\u015f\u0131lm\u0131\u015ft\u0131r. Hat\u0131rlanaca\u011f\u0131 \u00fczere, h\u00fck\u00fcmet Nisan 2020\u2019den itibaren bir dizi ekonomik tedbirle pandemiden ve pandemiye kar\u015f\u0131 al\u0131nan \u00f6nlemlerden etkilenen kesimlere y\u00f6nelik sosyal politika uygulamalar\u0131 ba\u015flatm\u0131\u015ft\u0131r. \u015eu d\u00f6rt \u00f6nlem dikkati \u00e7ekmi\u015ftir: \u0130\u015ften \u00e7\u0131kartma yasa\u011f\u0131; k\u0131sa \u00e7al\u0131\u015fma \u00f6dene\u011fi; \u00fccretsiz izinlilere destek; yoksul kesime para transferi. Saha ara\u015ft\u0131rmas\u0131 sonu\u00e7lar\u0131, genel olarak Romanlar\u0131n pandemi boyunca istihdam, sosyal yard\u0131mlara ula\u015fma, e\u011fitim, bar\u0131nma, sa\u011fl\u0131k ve toplumsal cinsiyet e\u015fitsizlikleri konular\u0131nda ilave sorunlar ya\u015fad\u0131\u011f\u0131n\u0131, bu meseleler ile ilgili olarak \u00f6teden beri ya\u015fanan imk\u00e2ns\u0131zl\u0131k ve adaletsizliklerin pandeminin etkisiyle daha da derinle\u015fti\u011fini ve yayg\u0131nla\u015ft\u0131\u011f\u0131n\u0131 g\u00f6stermektedir. Sonu\u00e7lar, al\u0131nan \u00f6nlemlerin \u00f6nemli bir b\u00f6l\u00fcm\u00fcnden \u00e7o\u011fu kay\u0131t d\u0131\u015f\u0131 i\u015flerde \u00e7al\u0131\u015fan Romanlar\u0131n yeterince yararlanamad\u0131klar\u0131na i\u015faret etmektedir. Yoksul kesime yap\u0131lan yard\u0131mlara ula\u015f\u0131mda da sorunlar\u0131n deneyimlendi\u011fi ifade edilmi\u015ftir. Benzer bir krizde k\u0131r\u0131lganl\u0131klar\u0131n artmamas\u0131 i\u00e7in, \u015fu politikalar\u0131n hayata ge\u00e7irilmesinde yarar oldu\u011fu ifade edilmi\u015ftir: Kay\u0131t d\u0131\u015f\u0131 ekonominin kay\u0131tl\u0131 hale d\u00f6n\u00fc\u015ft\u00fcr\u00fclmesi; e\u011fitim ve sa\u011fl\u0131kta hak-temelli yakla\u015f\u0131m\u0131n ger\u00e7ek anlamda uygulanmas\u0131; vatanda\u015fl\u0131k geliri uygulamas\u0131n\u0131n ba\u015flat\u0131lmas\u0131; hanelerde gider d\u00fc\u015f\u00fcr\u00fcc\u00fc \u00f6nlemlerin al\u0131nmas\u0131: mahallelerde \u00f6\u011frenci et\u00fct merkezlerinin kurulmas\u0131; yeti\u015fkin e\u011fitimi programlar\u0131n\u0131n yayg\u0131nla\u015ft\u0131r\u0131lmas\u0131; mahalle topluluk merkezlerinin kurulmas\u0131; e\u011fitim te\u015fvik mekanizmalar\u0131n\u0131n olu\u015fturulmas\u0131; kre\u015f\/okul \u00f6ncesi e\u011fitime \u00f6nem verilmesi; krizlere y\u00f6nelik direncin artt\u0131r\u0131lmas\u0131; STK\u2019lar ve yerel y\u00f6netimlerle i\u015f birliklerinin tesis edilmesi; yerelde kat\u0131l\u0131mc\u0131l\u0131k mekanizmalar\u0131n\u0131n g\u00fc\u00e7lendirilmesi.<\/p>\r\n\r\n\r\n\r\n<p><span style=\"color: #000080;\"><strong><a href=\"https:\/\/www.stgm.org.tr\/sites\/default\/files\/2022-02\/covid-19un-turkiyedeki-roman-topluluklari-uzerindeki-sosyo-ekonomik-etkisi-raporu.pdf\">Tamam\u0131n\u0131 indirmek i\u00e7in t\u0131klay\u0131n<\/a><\/strong><\/span><\/p>\r\n\r\n\r\n\r\n<p><strong>Bu \u00e7al\u0131\u015fmada ge\u00e7en ifadeler \u00e7al\u0131\u015fmay\u0131 y\u00fcr\u00fcten yazar\u0131n kendisine aittir.<\/strong><\/p>\r\n\r\n\r\n\r\n<p>&nbsp;<\/p>\r\n","protected":false},"excerpt":{"rendered":"<p>Yay\u0131n\u0131n Ad\u0131: Covid-19\u2019un T\u00fcrkiye\u2019deki Roman Topluluklar\u0131 \u00dczerindeki Sosyoekonomik Etki Ara\u015ft\u0131rmas\u0131 Yazar\u0131n Ad\u0131:\u00a0Fikret Adaman,\u00a0\u0130sa Ali Demir,\u00a0Baran Alp Uncu,\u00a0G\u00f6k\u00e7e Yeniev Yay\u0131nlayan Kurum: S\u0131f\u0131r Ayr\u0131mc\u0131l\u0131k Derne\u011fi \u00d6zet: Bu \u00e7al\u0131\u015fma; T\u00fcrkiye ba\u011flam\u0131nda Romanlar\u0131n Covid-19 pandemisi nedeniyle kar\u015f\u0131 kar\u015f\u0131ya kald\u0131klar\u0131 ilave s\u0131k\u0131nt\u0131lar\u0131 ve pandemi esnas\u0131nda sunulan yard\u0131m ve desteklere eri\u015fimde imk\u00e2n ve kapasitelerini de\u011ferlendirmektedir. \u00c7al\u0131\u015fma kapsam\u0131nda, A\u011fustos-Aral\u0131k 2021 tarihleri aras\u0131nda, [&hellip;]<\/p>\n","protected":false},"author":1,"featured_media":646,"comment_status":"open","ping_status":"open","sticky":false,"template":"","format":"quote","meta":{"footnotes":""},"categories":[22],"tags":[],"class_list":["post-473","post","type-post","status-publish","format-quote","has-post-thumbnail","hentry","category-onerilen-yayinlar","post_format-post-format-quote"],"_links":{"self":[{"href":"https:\/\/romanigodi.org\/index.php?rest_route=\/wp\/v2\/posts\/473","targetHints":{"allow":["GET"]}}],"collection":[{"href":"https:\/\/romanigodi.org\/index.php?rest_route=\/wp\/v2\/posts"}],"about":[{"href":"https:\/\/romanigodi.org\/index.php?rest_route=\/wp\/v2\/types\/post"}],"author":[{"embeddable":true,"href":"https:\/\/romanigodi.org\/index.php?rest_route=\/wp\/v2\/users\/1"}],"replies":[{"embeddable":true,"href":"https:\/\/romanigodi.org\/index.php?rest_route=%2Fwp%2Fv2%2Fcomments&post=473"}],"version-history":[{"count":1,"href":"https:\/\/romanigodi.org\/index.php?rest_route=\/wp\/v2\/posts\/473\/revisions"}],"predecessor-version":[{"id":3407,"href":"https:\/\/romanigodi.org\/index.php?rest_route=\/wp\/v2\/posts\/473\/revisions\/3407"}],"wp:featuredmedia":[{"embeddable":true,"href":"https:\/\/romanigodi.org\/index.php?rest_route=\/"}],"wp:attachment":[{"href":"https:\/\/romanigodi.org\/index.php?rest_route=%2Fwp%2Fv2%2Fmedia&parent=473"}],"wp:term":[{"taxonomy":"category","embeddable":true,"href":"https:\/\/romanigodi.org\/index.php?rest_route=%2Fwp%2Fv2%2Fcategories&post=473"},{"taxonomy":"post_tag","embeddable":true,"href":"https:\/\/romanigodi.org\/index.php?rest_route=%2Fwp%2Fv2%2Ftags&post=473"}],"curies":[{"name":"wp","href":"https:\/\/api.w.org\/{rel}","templated":true}]}}