{"id":482,"date":"2022-06-15T10:25:10","date_gmt":"2022-06-15T10:25:10","guid":{"rendered":"https:\/\/romanigodi.org\/?p=482"},"modified":"2025-11-21T09:48:10","modified_gmt":"2025-11-21T09:48:10","slug":"yerel-duzeyle-sinirli-mekansal-damgalama-cingene-damgasi-ornegi","status":"publish","type":"post","link":"https:\/\/romanigodi.org\/?p=482","title":{"rendered":"Yerel D\u00fczeyle S\u0131n\u0131rl\u0131 Mek\u00e2nsal Damgalama:  \u201c\u00c7ingene\u201d Damgas\u0131 \u00d6rne\u011fi"},"content":{"rendered":"<p><strong>Yaz\u0131n\u0131n Ad\u0131: <\/strong>Yerel D\u00fczeyle S\u0131n\u0131rl\u0131 Mek\u00e2nsal Damgalama: \u201c\u00c7ingene\u201d Damgas\u0131 \u00d6rne\u011fi<\/p>\n<p><strong>Yazar\u0131n Ad\u0131:\u00a0\u00a0<\/strong><\/p>\n<p>\u00d6zlem Akkaya <em>(Yeditepe \u00dcniversitesi), <\/em>Egemen Y\u0131lg\u00fcr <em>(Beykoz \u00dcniversitesi)<\/em><\/p>\n<p><strong>\u00d6zet:<\/strong><\/p>\n<p>Wacquant (2008), sanayi sonras\u0131 d\u00f6nemde geli\u015fmi\u015f \u00fclkelerde kentlerin, etnik ya da s\u0131n\u0131fsal gruplar\u0131n mek\u00e2nsal temelde ayr\u0131\u015ft\u0131r\u0131ld\u0131\u011f\u0131 ve damgaland\u0131\u011f\u0131 yeni kal\u0131plar\u0131n sahnesi h\u00e2line geldi\u011fini ileri s\u00fcrer. Bu \u00e7al\u0131\u015fmada, Wacquant\u2019\u0131n sundu\u011fu bu kavray\u0131\u015ftan yola \u00e7\u0131karak, benzer bir kentsel mek\u00e2nsal damgalama mekanizmas\u0131n\u0131n T\u00fcrkiye gibi bir \u201cgeli\u015fmekte olan \u00fclkede\u201d de var olup olmad\u0131\u011f\u0131 incelenmi\u015ftir. \u0130stanbul\u2019un iki kentsel mahallesi \u2014Ni\u015fanta\u015f\u0131 Teneke ve Rumelikava\u011f\u0131 Kayadere\u2014 bu ba\u011flamda kar\u015f\u0131la\u015ft\u0131rmal\u0131 olarak ele al\u0131nm\u0131\u015ft\u0131r. Yazarlar\u0131n yak\u0131n d\u00f6nemde y\u00fcr\u00fctt\u00fckleri saha ara\u015ft\u0131rmalar\u0131 ve s\u0131n\u0131rl\u0131 \u00f6l\u00e7\u00fcde ar\u015fiv \u00e7al\u0131\u015fmalar\u0131 s\u0131ras\u0131nda elde ettikleri mevcut verilerin ikincil analizi, bu mahallelere atfedilen \u201c\u00c7ingene\u201d damgas\u0131n\u0131n, onlar\u0131n sosyo-tarihsel ko\u015fullarla etkile\u015fim h\u00e2linde nas\u0131l bi\u00e7imlendi\u011fini ve y\u00f6n\u00fcn\u00fc belirledi\u011fini ortaya koymu\u015ftur. Ayr\u0131ca, Wacquant\u2019\u0131n (2008) geli\u015fmi\u015f \u00fclkeler i\u00e7in tan\u0131mlad\u0131\u011f\u0131 \u00f6rneklerin aksine, T\u00fcrkiye\u2019deki bu damgalanm\u0131\u015f kentsel mahallelerin yaln\u0131zca neoliberalizme e\u015flik eden sanayisizle\u015fme s\u00fcrecinin \u00fcr\u00fcn\u00fc olmad\u0131\u011f\u0131, bu b\u00f6lgelerin tarihinin 19. y\u00fczy\u0131l sonlar\u0131na kadar uzand\u0131\u011f\u0131 g\u00f6r\u00fclm\u00fc\u015ft\u00fcr. Bu do\u011frultuda yazarlar, s\u00f6z konusu sosyo-mek\u00e2nsal olguyu ele almak i\u00e7in daha incelikli bir kavram \u00f6nermi\u015ftir: yerel olarak s\u0131n\u0131rl\u0131 mek\u00e2nsal damgalama.<\/p>\n<p><strong>Anahtar kelimeler:<\/strong> Mek\u00e2nsal damgalama, marjinalle\u015fme, ayr\u0131mc\u0131l\u0131k, \u201c\u00c7ingene\u201d damgas\u0131, ayr\u0131\u015fma<\/p>\n<p><em><strong>D\u0130L\u0130 \u0130NG\u0130L\u0130ZCED\u0130R.<\/strong><\/em><\/p>\n<p><span style=\"color: #000080;\"><a style=\"color: #000080;\" href=\"https:\/\/romanigodi.org\/wp-content\/uploads\/2022\/06\/Cingenesel-damgalama.pdf\"><strong>Tamam\u0131n\u0131 indirmek i\u00e7in t\u0131klay\u0131n<\/strong><\/a><\/span><\/p>\n<p><strong>Bu \u00e7al\u0131\u015fmada ge\u00e7en ifadeler \u00e7al\u0131\u015fmay\u0131 y\u00fcr\u00fcten yazar\u0131n kendisine aittir.<\/strong><\/p>\n","protected":false},"excerpt":{"rendered":"<p>Yaz\u0131n\u0131n Ad\u0131: Yerel D\u00fczeyle S\u0131n\u0131rl\u0131 Mek\u00e2nsal Damgalama: \u201c\u00c7ingene\u201d Damgas\u0131 \u00d6rne\u011fi Yazar\u0131n Ad\u0131:\u00a0\u00a0 \u00d6zlem Akkaya (Yeditepe \u00dcniversitesi), Egemen Y\u0131lg\u00fcr (Beykoz \u00dcniversitesi) \u00d6zet: Wacquant (2008), sanayi sonras\u0131 d\u00f6nemde geli\u015fmi\u015f \u00fclkelerde kentlerin, etnik ya da s\u0131n\u0131fsal gruplar\u0131n mek\u00e2nsal temelde ayr\u0131\u015ft\u0131r\u0131ld\u0131\u011f\u0131 ve damgaland\u0131\u011f\u0131 yeni kal\u0131plar\u0131n sahnesi h\u00e2line geldi\u011fini ileri s\u00fcrer. Bu \u00e7al\u0131\u015fmada, Wacquant\u2019\u0131n sundu\u011fu bu kavray\u0131\u015ftan yola \u00e7\u0131karak, benzer [&hellip;]<\/p>\n","protected":false},"author":1,"featured_media":642,"comment_status":"open","ping_status":"open","sticky":false,"template":"","format":"quote","meta":{"footnotes":""},"categories":[22],"tags":[],"class_list":["post-482","post","type-post","status-publish","format-quote","has-post-thumbnail","hentry","category-onerilen-yayinlar","post_format-post-format-quote"],"_links":{"self":[{"href":"https:\/\/romanigodi.org\/index.php?rest_route=\/wp\/v2\/posts\/482","targetHints":{"allow":["GET"]}}],"collection":[{"href":"https:\/\/romanigodi.org\/index.php?rest_route=\/wp\/v2\/posts"}],"about":[{"href":"https:\/\/romanigodi.org\/index.php?rest_route=\/wp\/v2\/types\/post"}],"author":[{"embeddable":true,"href":"https:\/\/romanigodi.org\/index.php?rest_route=\/wp\/v2\/users\/1"}],"replies":[{"embeddable":true,"href":"https:\/\/romanigodi.org\/index.php?rest_route=%2Fwp%2Fv2%2Fcomments&post=482"}],"version-history":[{"count":1,"href":"https:\/\/romanigodi.org\/index.php?rest_route=\/wp\/v2\/posts\/482\/revisions"}],"predecessor-version":[{"id":3408,"href":"https:\/\/romanigodi.org\/index.php?rest_route=\/wp\/v2\/posts\/482\/revisions\/3408"}],"wp:featuredmedia":[{"embeddable":true,"href":"https:\/\/romanigodi.org\/index.php?rest_route=\/"}],"wp:attachment":[{"href":"https:\/\/romanigodi.org\/index.php?rest_route=%2Fwp%2Fv2%2Fmedia&parent=482"}],"wp:term":[{"taxonomy":"category","embeddable":true,"href":"https:\/\/romanigodi.org\/index.php?rest_route=%2Fwp%2Fv2%2Fcategories&post=482"},{"taxonomy":"post_tag","embeddable":true,"href":"https:\/\/romanigodi.org\/index.php?rest_route=%2Fwp%2Fv2%2Ftags&post=482"}],"curies":[{"name":"wp","href":"https:\/\/api.w.org\/{rel}","templated":true}]}}