{"id":563,"date":"2022-06-16T10:06:04","date_gmt":"2022-06-16T10:06:04","guid":{"rendered":"https:\/\/romanigodi.org\/?p=563"},"modified":"2025-11-21T09:54:50","modified_gmt":"2025-11-21T09:54:50","slug":"yunanistandaki-roman-haklarinin-avrupa-birliginin-normatif-gucu-isiginda-sorgulanmasi","status":"publish","type":"post","link":"https:\/\/romanigodi.org\/?p=563","title":{"rendered":"Yunanistan\u2019daki Roman Haklar\u0131n\u0131n Avrupa Birli\u011fi\u2019nin Normatif G\u00fcc\u00fc I\u015f\u0131\u011f\u0131nda Sorgulanmas\u0131"},"content":{"rendered":"<p><strong>Makalenin Ad\u0131<\/strong>: Yunanistan\u2019daki Roman Haklar\u0131n\u0131n Avrupa Birli\u011fi\u2019nin Normatif G\u00fcc\u00fc I\u015f\u0131\u011f\u0131nda Sorgulanmas\u0131<\/p>\n<p><strong>Yazar\u0131 :<\/strong><\/p>\n<p>Ali H\u00fcseyino\u011flu<br \/>\nGizem Alio\u011flu \u00c7akmak<\/p>\n<p>&nbsp;<\/p>\n<p><strong>\u00d6zet <\/strong><\/p>\n<p>Romanlara y\u00f6nelik \u0131rk\u00e7\u0131l\u0131k, ayr\u0131mc\u0131l\u0131k ve g\u00fcndelik ya\u015famlar\u0131nda kar\u015f\u0131la\u015ft\u0131klar\u0131 temel insan hak ihlalleri, d\u00fcnyan\u0131n ve Avrupa\u2019n\u0131n farkl\u0131 yerlerinde artarak devam etmektedir. Bu \u00e7al\u0131\u015fma 1981 y\u0131l\u0131nda Avrupa Toplulu\u011fu \u00fcyesi olmu\u015f Yunanistan\u2019\u0131n Romanlara y\u00f6nelik uygulad\u0131\u011f\u0131 politikalardaki s\u00fcreklilik ve de\u011fi\u015fimleri sebep ve sonu\u00e7lar\u0131 ile analiz etmektedir. Bu ba\u011flamda Roman kimli\u011finin devaml\u0131l\u0131\u011f\u0131n\u0131 sa\u011flayan sosyo-ekonomik ya\u015fam, e\u011fitim, bar\u0131nma, sa\u011fl\u0131k, \u00f6rg\u00fctlenme ve negatif alg\u0131lar parametreleri ekseninde Romanlara y\u00f6nelik uygulamalar sorgulanmakta ve eski-yeni sorunlar ekseninde hak ihlallerinin ne derece son buldu\u011funa cevap aranmaktad\u0131r. \u00c7al\u0131\u015fman\u0131n temel amac\u0131, Romanlara y\u00f6nelik Yunanistan\u2019\u0131n izlemi\u015f oldu\u011fu politikalar ve atm\u0131\u015f oldu\u011fu somut ad\u0131mlarda Avrupa Birli\u011fi (AB) normlar\u0131n\u0131n ve Avrupa\u2019n\u0131n normatif g\u00fcc\u00fcn\u00fcn etkisini analiz etmektir. Bu ba\u011flamda, Ian Manners\u2019in 2002 y\u0131l\u0131nda ortaya koydu\u011fu oldu\u011fu \u201cnormatif g\u00fc\u00e7 kavram\u0131\u201d \u0131\u015f\u0131\u011f\u0131nda, Yunanistan\u2019\u0131n 1981 y\u0131l\u0131ndan g\u00fcn\u00fcm\u00fcze Romanlar\u0131n haklar\u0131n sa\u011flanmas\u0131 ve ya\u015fam ko\u015fullar\u0131n\u0131n iyile\u015ftirilmesi ile ilgili somut ad\u0131mlarda AB\u2019nin d\u00f6n\u00fc\u015ft\u00fcr\u00fcc\u00fc etkisi tart\u0131\u015f\u0131lmaktad\u0131r. Bu eksende \u00e7al\u0131\u015fman\u0131n temel arg\u00fcman\u0131, Yunanistan\u2019\u0131n Romanlar\u0131n temel hak ihlallerinin son bulmas\u0131na y\u00f6nelik att\u0131\u011f\u0131 neredeyse t\u00fcm uygulamalar\u0131n temelinde, Avrupa normlar\u0131n\u0131n etkisi ve AB taraf\u0131ndan sa\u011flanan maddi yard\u0131m ve fonlarla desteklenen normatif g\u00fcc\u00fc bulunmaktad\u0131r. Bu \u00e7al\u0131\u015fmada da ortaya kondu\u011fu \u00fczere, \u00f6zellikle 2014-2020 Kalk\u0131nma \u00c7er\u00e7evesi i\u00e7in Ortakl\u0131k Anla\u015fmas\u0131 kapsam\u0131nda Romanlar\u0131n ya\u015fam ko\u015fullar\u0131n\u0131n iyile\u015ftirilmesine y\u00f6nelik at\u0131lm\u0131\u015f bir\u00e7ok somut ad\u0131m ve hayata ge\u00e7irilmi\u015f d\u00fczenlemelere ra\u011fmen, Romanlar\u0131n temel insan haklardan faydalanmalar\u0131 y\u00f6n\u00fcndeki eksiklikler 2019 itibar\u0131yla devam etmektedir. Bu da Yunanistan\u2019daki Romanlar\u0131n \u00e7o\u011funluk toplum ile entegre olmalar\u0131n\u0131 daha da geciktirmekte, onlar\u0131 kendi gettolar\u0131nda kendi sorunlar\u0131yla m\u00fccadele etmelerine devam ettirmektedir.<\/p>\n<p><strong><a href=\"https:\/\/romanigodi.org\/wp-content\/uploads\/2022\/06\/10.17518-canakkalearastirmalari.661221-891186.pdf\" target=\"_blank\" rel=\"noopener\">Tamam\u0131n\u0131 okumak i\u00e7in t\u0131klay\u0131n\u0131z.<\/a><\/strong><\/p>\n<p><strong>Bu \u00e7al\u0131\u015fmada ge\u00e7en ifadeler \u00e7al\u0131\u015fmay\u0131 y\u00fcr\u00fcten yazar\u0131n kendisine aittir.<\/strong><\/p>\n","protected":false},"excerpt":{"rendered":"<p>Makalenin Ad\u0131: Yunanistan\u2019daki Roman Haklar\u0131n\u0131n Avrupa Birli\u011fi\u2019nin Normatif G\u00fcc\u00fc I\u015f\u0131\u011f\u0131nda Sorgulanmas\u0131 Yazar\u0131 : Ali H\u00fcseyino\u011flu Gizem Alio\u011flu \u00c7akmak &nbsp; \u00d6zet Romanlara y\u00f6nelik \u0131rk\u00e7\u0131l\u0131k, ayr\u0131mc\u0131l\u0131k ve g\u00fcndelik ya\u015famlar\u0131nda kar\u015f\u0131la\u015ft\u0131klar\u0131 temel insan hak ihlalleri, d\u00fcnyan\u0131n ve Avrupa\u2019n\u0131n farkl\u0131 yerlerinde artarak devam etmektedir. Bu \u00e7al\u0131\u015fma 1981 y\u0131l\u0131nda Avrupa Toplulu\u011fu \u00fcyesi olmu\u015f Yunanistan\u2019\u0131n Romanlara y\u00f6nelik uygulad\u0131\u011f\u0131 politikalardaki s\u00fcreklilik ve [&hellip;]<\/p>\n","protected":false},"author":1,"featured_media":564,"comment_status":"open","ping_status":"open","sticky":false,"template":"","format":"quote","meta":{"footnotes":""},"categories":[22],"tags":[],"class_list":["post-563","post","type-post","status-publish","format-quote","has-post-thumbnail","hentry","category-onerilen-yayinlar","post_format-post-format-quote"],"_links":{"self":[{"href":"https:\/\/romanigodi.org\/index.php?rest_route=\/wp\/v2\/posts\/563","targetHints":{"allow":["GET"]}}],"collection":[{"href":"https:\/\/romanigodi.org\/index.php?rest_route=\/wp\/v2\/posts"}],"about":[{"href":"https:\/\/romanigodi.org\/index.php?rest_route=\/wp\/v2\/types\/post"}],"author":[{"embeddable":true,"href":"https:\/\/romanigodi.org\/index.php?rest_route=\/wp\/v2\/users\/1"}],"replies":[{"embeddable":true,"href":"https:\/\/romanigodi.org\/index.php?rest_route=%2Fwp%2Fv2%2Fcomments&post=563"}],"version-history":[{"count":1,"href":"https:\/\/romanigodi.org\/index.php?rest_route=\/wp\/v2\/posts\/563\/revisions"}],"predecessor-version":[{"id":3419,"href":"https:\/\/romanigodi.org\/index.php?rest_route=\/wp\/v2\/posts\/563\/revisions\/3419"}],"wp:featuredmedia":[{"embeddable":true,"href":"https:\/\/romanigodi.org\/index.php?rest_route=\/"}],"wp:attachment":[{"href":"https:\/\/romanigodi.org\/index.php?rest_route=%2Fwp%2Fv2%2Fmedia&parent=563"}],"wp:term":[{"taxonomy":"category","embeddable":true,"href":"https:\/\/romanigodi.org\/index.php?rest_route=%2Fwp%2Fv2%2Fcategories&post=563"},{"taxonomy":"post_tag","embeddable":true,"href":"https:\/\/romanigodi.org\/index.php?rest_route=%2Fwp%2Fv2%2Ftags&post=563"}],"curies":[{"name":"wp","href":"https:\/\/api.w.org\/{rel}","templated":true}]}}