{"id":566,"date":"2022-06-16T10:15:16","date_gmt":"2022-06-16T10:15:16","guid":{"rendered":"https:\/\/romanigodi.org\/?p=566"},"modified":"2025-11-21T09:55:22","modified_gmt":"2025-11-21T09:55:22","slug":"kimlikleriyle-romanlar-turkiyedeki-roman-vatandaslara-yonelik-sosyal-icerme-ulusal-strateji-belgesi-ve-birinci-asama-eylem-planinin-degerlendirilmesi","status":"publish","type":"post","link":"https:\/\/romanigodi.org\/?p=566","title":{"rendered":"Kimlikleriyle Romanlar: T\u00fcrkiye\u2019deki Roman Vatanda\u015flara Y\u00f6nelik Sosyal \u0130\u00e7erme Ulusal Strateji Belgesi Ve Birinci A\u015fama Eylem Plan\u0131n\u0131n De\u011ferlendirilmesi"},"content":{"rendered":"<p><strong>Yaz\u0131n\u0131n Ad\u0131: <\/strong>Kimlikleriyle Romanlar: T\u00fcrkiye\u2019deki Roman Vatanda\u015flara Y\u00f6nelik Sosyal \u0130\u00e7erme Ulusal Strateji Belgesi Ve Birinci A\u015fama Eylem Plan\u0131n\u0131n De\u011ferlendirilmesi<\/p>\n<p>&nbsp;<\/p>\n<p><strong>Yazar\u0131n Ad\u0131: <\/strong>Yrd. Do\u00e7. Dr. Ba\u015fak I\u015f\u0131l \u00c7etin<\/p>\n<p><strong>\u00d6zet:<\/strong><\/p>\n<p>Kendilerine \u00f6zg\u00fc k\u00fclt\u00fcr ve ki\u015filik \u00f6zellikleriyle i\u00e7inde ya\u015fad\u0131klar\u0131 toplum ve hatta di\u011fer az\u0131nl\u0131klar taraf\u0131ndan \u00f6nyarg\u0131 ile yakla\u015f\u0131lan Romanlar, zaman i\u00e7erisinde g\u00f6\u00e7 ettikleri Bat\u0131 topraklar\u0131nda sindirme, bask\u0131, asimilasyon, a\u011f\u0131r cezalar ve \u00f6ld\u00fcr\u00fclmeye kadar uzanan bir ge\u00e7mi\u015fe sahiptir. \u00c7a\u011f\u0131m\u0131zda ise Romanlar, kendilerini k\u00fclt\u00fcrleri ve ihtiya\u00e7lar\u0131 ile birlikte i\u00e7erecek bir yakla\u015f\u0131mla \u00fcretilen sosyal politikalarla kar\u015f\u0131la\u015fmaktad\u0131rlar. Bu iyile\u015fme s\u00fcrecinde, Roman vatanda\u015flar\u0131n sivil toplum olarak \u00f6rg\u00fctlenmelerinin, dernekle\u015fme faaliyetlerinin ve muhtelif kurumlarla yap\u0131lan ortakla\u015fa \u00e7al\u0131\u015fmalar\u0131n rol\u00fc bulunmaktad\u0131r. Bu \u00e7al\u0131\u015fman\u0131n amac\u0131, s\u00f6z konusu politikalar\u0131 i\u00e7eren T\u00fcrkiye\u2019deki en g\u00fcncel belge olan Aile ve Sosyal Politikalar Bakanl\u0131\u011f\u0131 koordinat\u00f6rl\u00fc\u011f\u00fcnde haz\u0131rlanm\u0131\u015f \u201cRoman Vatanda\u015flara Y\u00f6nelik Sosyal \u0130\u00e7erme Ulusal Strateji Belgesi (2016-2021) ile Roman Vatanda\u015flara Y\u00f6nelik Strateji Belgesi I. A\u015fama Eylem Plan\u0131 (2016-2018)&#8217;n\u0131n de\u011ferlendirilmesi ve \u00f6nerilerde bulunulmas\u0131d\u0131r. Stratejik Belge ve Eylem Plan\u0131\u2019nda \u00e7\u00f6z\u00fcm \u00f6nerilerinin yan\u0131 s\u0131ra sorumlu birimlerin aksiyonlar\u0131 i\u00e7in yol haritas\u0131 \u00e7\u0131kar\u0131lm\u0131\u015ft\u0131r. Stratejik Belge ve Eylem Plan\u0131; i\u015fleyi\u015f s\u00fcreci, akt\u00f6rleri ve kapsay\u0131c\u0131l\u0131\u011f\u0131 bak\u0131m\u0131ndan Roman vatanda\u015flar\u0131n sorunlar\u0131n\u0131n \u00e7\u00f6z\u00fcm\u00fc noktas\u0131nda yap\u0131c\u0131 bir ba\u015flang\u0131\u00e7 niteli\u011findedir.<\/p>\n<p><strong>Anahtar Kelimeler:<\/strong> Roman vatanda\u015flar, sosyal i\u00e7erme, strateji belgesi ve eylem plan\u0131.<\/p>\n<p><strong><a href=\"https:\/\/romanigodi.org\/wp-content\/uploads\/2022\/06\/10.11611-yead.278435-259805.pdf\" target=\"_blank\" rel=\"noopener\">Tamam\u0131n\u0131 okumak i\u00e7in t\u0131klay\u0131n\u0131z.<\/a><\/strong><\/p>\n<p><strong>Bu \u00e7al\u0131\u015fmada ge\u00e7en ifadeler \u00e7al\u0131\u015fmay\u0131 y\u00fcr\u00fcten yazar\u0131n kendisine aittir.<\/strong><\/p>\n","protected":false},"excerpt":{"rendered":"<p>Yaz\u0131n\u0131n Ad\u0131: Kimlikleriyle Romanlar: T\u00fcrkiye\u2019deki Roman Vatanda\u015flara Y\u00f6nelik Sosyal \u0130\u00e7erme Ulusal Strateji Belgesi Ve Birinci A\u015fama Eylem Plan\u0131n\u0131n De\u011ferlendirilmesi &nbsp; Yazar\u0131n Ad\u0131: Yrd. Do\u00e7. Dr. Ba\u015fak I\u015f\u0131l \u00c7etin \u00d6zet: Kendilerine \u00f6zg\u00fc k\u00fclt\u00fcr ve ki\u015filik \u00f6zellikleriyle i\u00e7inde ya\u015fad\u0131klar\u0131 toplum ve hatta di\u011fer az\u0131nl\u0131klar taraf\u0131ndan \u00f6nyarg\u0131 ile yakla\u015f\u0131lan Romanlar, zaman i\u00e7erisinde g\u00f6\u00e7 ettikleri Bat\u0131 topraklar\u0131nda sindirme, bask\u0131, [&hellip;]<\/p>\n","protected":false},"author":1,"featured_media":567,"comment_status":"open","ping_status":"open","sticky":false,"template":"","format":"quote","meta":{"footnotes":""},"categories":[22],"tags":[],"class_list":["post-566","post","type-post","status-publish","format-quote","has-post-thumbnail","hentry","category-onerilen-yayinlar","post_format-post-format-quote"],"_links":{"self":[{"href":"https:\/\/romanigodi.org\/index.php?rest_route=\/wp\/v2\/posts\/566","targetHints":{"allow":["GET"]}}],"collection":[{"href":"https:\/\/romanigodi.org\/index.php?rest_route=\/wp\/v2\/posts"}],"about":[{"href":"https:\/\/romanigodi.org\/index.php?rest_route=\/wp\/v2\/types\/post"}],"author":[{"embeddable":true,"href":"https:\/\/romanigodi.org\/index.php?rest_route=\/wp\/v2\/users\/1"}],"replies":[{"embeddable":true,"href":"https:\/\/romanigodi.org\/index.php?rest_route=%2Fwp%2Fv2%2Fcomments&post=566"}],"version-history":[{"count":1,"href":"https:\/\/romanigodi.org\/index.php?rest_route=\/wp\/v2\/posts\/566\/revisions"}],"predecessor-version":[{"id":3420,"href":"https:\/\/romanigodi.org\/index.php?rest_route=\/wp\/v2\/posts\/566\/revisions\/3420"}],"wp:featuredmedia":[{"embeddable":true,"href":"https:\/\/romanigodi.org\/index.php?rest_route=\/"}],"wp:attachment":[{"href":"https:\/\/romanigodi.org\/index.php?rest_route=%2Fwp%2Fv2%2Fmedia&parent=566"}],"wp:term":[{"taxonomy":"category","embeddable":true,"href":"https:\/\/romanigodi.org\/index.php?rest_route=%2Fwp%2Fv2%2Fcategories&post=566"},{"taxonomy":"post_tag","embeddable":true,"href":"https:\/\/romanigodi.org\/index.php?rest_route=%2Fwp%2Fv2%2Ftags&post=566"}],"curies":[{"name":"wp","href":"https:\/\/api.w.org\/{rel}","templated":true}]}}