{"id":569,"date":"2022-06-16T10:26:27","date_gmt":"2022-06-16T10:26:27","guid":{"rendered":"https:\/\/romanigodi.org\/?p=569"},"modified":"2025-11-21T09:56:02","modified_gmt":"2025-11-21T09:56:02","slug":"roman-toplumunun-kentlilesememesi-kapsaminda-suc-ve-kent-iliskisi-edirne-orneg","status":"publish","type":"post","link":"https:\/\/romanigodi.org\/?p=569","title":{"rendered":"Roman Toplumunun Kentlile\u015f(e)memesi Kapsam\u0131nda Su\u00e7 ve Kent \u0130li\u015fkisi: Edirne \u00d6rne\u011fi"},"content":{"rendered":"<p><strong>Yaz\u0131n\u0131n Ad\u0131: <\/strong>Roman Toplumunun Kentlile\u015f(e)memesi Kapsam\u0131nda Su\u00e7 ve Kent \u0130li\u015fkisi: Edirne \u00d6rne\u011fi<\/p>\n<p><strong>Yazar\u0131n Ad\u0131: <\/strong><\/p>\n<p>Mahmut G\u00fcler<br \/>\nBurak Mert Parl\u0131yan<\/p>\n<p><strong>\u00d6zet <\/strong><\/p>\n<p>T\u00fcrkiye, ge\u00e7mi\u015ften g\u00fcn\u00fcm\u00fcze Roman k\u00fclt\u00fcr\u00fcn\u00fcn geli\u015fimi ve ya\u015fam\u0131 a\u00e7\u0131s\u0131ndan \u00f6nemli bir co\u011frafya konumunda olmu\u015ftur. Fakat Roman toplumu tam anlam\u0131yla toplumun bir par\u00e7as\u0131 olarak g\u00f6r\u00fclmemi\u015f, temel haklar\u0131n\u0131 ise di\u011fer vatanda\u015flarla e\u015f de\u011fer \u015fekilde kullanamam\u0131\u015ft\u0131r. Bu durum Romanlar\u0131n etnik kimliklerinden dolay\u0131 kentsel ba\u011flamda \u00f6tekile\u015ftirilmeleri neticesinde kentin belirli bir b\u00f6lgesine itilmelerine sebebiyet vermesinden kaynakl\u0131d\u0131r. Bu durum ise kentlile\u015fme s\u00fcrecine yans\u0131m\u0131\u015f, kentte kendilerine her anlamda yer edinmeye \u00e7al\u0131\u015fan bir toplum yap\u0131s\u0131 ortaya \u00e7\u0131km\u0131\u015ft\u0131r. Edirne\u2019de ya\u015fayan Roman toplumu, \u00e7o\u011fu kentlerin aksine kent merkezinde kendilerine yer bulmu\u015ftur. Toplumda dezavantajl\u0131 grup stat\u00fcs\u00fcnde bulunan Romanlar ya\u015fad\u0131klar\u0131 mahalleler kapsam\u0131nda \u00e7ok boyutlu d\u0131\u015flanmaya da maruz kalm\u0131\u015ft\u0131r. Kentin merkezinde konumlanan Roman mahalleleri, su\u00e7un merkezi olarak tehlikeli g\u00f6r\u00fclmeleri ve k\u00f6t\u00fc fiziki \u00e7evre ko\u015fullar\u0131 nedeniyle su\u00e7 yuvas\u0131 haline gelmi\u015ftir. Bu ba\u011flamda kentle\u015fmenin ve kentlile\u015fme s\u00fcrecinde ortaya \u00e7\u0131kan toplumsal, ekonomik ve demografik yap\u0131daki de\u011fi\u015fimin, kent merkezlerinde su\u00e7 olgusuna do\u011frudan ve\/veya dolayl\u0131 etkisi bulunmaktad\u0131r. Edirne\u2019de ya\u015fayan Romanlar bu s\u00fcre\u00e7te k\u0131s\u0131r d\u00f6ng\u00fcye girmi\u015ftir. Mek\u00e2nsal bak\u0131mdan kentten kendilerini soyutlayan Roman bireyler i\u015f ba\u015fvurusu s\u0131ras\u0131nda sadece Roman olduklar\u0131 i\u00e7in de\u011fil adreslerini beyan ettikleri i\u00e7inde olumsuz yan\u0131t almaktad\u0131r. Ekonomik yetersizli\u011fe d\u00fc\u015fen Romanlar\u0131n su\u00e7a y\u00f6nelimleri b\u00f6ylece daha fazla artm\u0131\u015ft\u0131r. B\u00f6ylece kentte Roman mahalleleri toplumun di\u011fer kesimlerince yoksulluk temelli su\u00e7un yuvas\u0131 olarak g\u00f6r\u00fclm\u00fc\u015ft\u00fcr. Su\u00e7 i\u015fleyen Roman birey ayn\u0131 su\u00e7u tekrar etmektedir. Hem Roman olup Roman mahallesinde ya\u015famak hem de su\u00e7 i\u015flemi\u015f ki\u015finin i\u015f bulmas\u0131 art\u0131k \u00e7ok daha zorla\u015fm\u0131\u015ft\u0131r. Bu ba\u011flamda \u00e7al\u0131\u015fma, Edirne\u2019de ya\u015fayan Romanlar\u0131n toplumsal a\u00e7\u0131dan ya\u015fam \u015fartlar\u0131 kapsam\u0131nda kentteki yerleri dikkate al\u0131narak ve kentlile\u015fme s\u00fcrecindeki sosyal d\u0131\u015flanmay\u0131 g\u00f6r\u00fcn\u00fcr k\u0131lmaya ba\u011fl\u0131 olarak ekonomik durumlar\u0131 irdelenerek su\u00e7a y\u00f6nelmelerini ortaya koyma amac\u0131 ta\u015f\u0131maktad\u0131r. \u00c7al\u0131\u015fmada, Edirne\u2019de Romanlar\u0131n ya\u015fad\u0131klar\u0131 d\u0131\u015flanmadan kaynaklanan su\u00e7a meyillenme tav\u0131r ve tutumlar\u0131, sonu\u00e7lar\u0131 ile birlikte tart\u0131\u015f\u0131lacakt\u0131r. Bu kapsamda 115\u2019i kad\u0131n ve 241\u2019i erkek olmak \u00fczere toplam 356 Roman vatanda\u015f \u00e7al\u0131\u015fmaya katk\u0131 sa\u011flam\u0131\u015ft\u0131r.<\/p>\n<p><strong>Anahtar Kelimeler:<\/strong> Kentlile\u015fme, Romanlar, Kent ve Su\u00e7, Dezavantajl\u0131 Grup<\/p>\n<p><strong><a href=\"https:\/\/romanigodi.org\/wp-content\/uploads\/2022\/06\/10.48118-yykentcevre.829448-1408858.pdf\" target=\"_blank\" rel=\"noopener\">Tamam\u0131n\u0131 okumak i\u00e7in t\u0131klay\u0131n\u0131z.<\/a><\/strong><\/p>\n<p><strong>Bu \u00e7al\u0131\u015fmada ge\u00e7en ifadeler \u00e7al\u0131\u015fmay\u0131 y\u00fcr\u00fcten yazar\u0131n kendisine aittir.<\/strong><\/p>\n","protected":false},"excerpt":{"rendered":"<p>Yaz\u0131n\u0131n Ad\u0131: Roman Toplumunun Kentlile\u015f(e)memesi Kapsam\u0131nda Su\u00e7 ve Kent \u0130li\u015fkisi: Edirne \u00d6rne\u011fi Yazar\u0131n Ad\u0131: Mahmut G\u00fcler Burak Mert Parl\u0131yan \u00d6zet T\u00fcrkiye, ge\u00e7mi\u015ften g\u00fcn\u00fcm\u00fcze Roman k\u00fclt\u00fcr\u00fcn\u00fcn geli\u015fimi ve ya\u015fam\u0131 a\u00e7\u0131s\u0131ndan \u00f6nemli bir co\u011frafya konumunda olmu\u015ftur. Fakat Roman toplumu tam anlam\u0131yla toplumun bir par\u00e7as\u0131 olarak g\u00f6r\u00fclmemi\u015f, temel haklar\u0131n\u0131 ise di\u011fer vatanda\u015flarla e\u015f de\u011fer \u015fekilde kullanamam\u0131\u015ft\u0131r. Bu durum [&hellip;]<\/p>\n","protected":false},"author":1,"featured_media":570,"comment_status":"open","ping_status":"open","sticky":false,"template":"","format":"quote","meta":{"footnotes":""},"categories":[22],"tags":[],"class_list":["post-569","post","type-post","status-publish","format-quote","has-post-thumbnail","hentry","category-onerilen-yayinlar","post_format-post-format-quote"],"_links":{"self":[{"href":"https:\/\/romanigodi.org\/index.php?rest_route=\/wp\/v2\/posts\/569","targetHints":{"allow":["GET"]}}],"collection":[{"href":"https:\/\/romanigodi.org\/index.php?rest_route=\/wp\/v2\/posts"}],"about":[{"href":"https:\/\/romanigodi.org\/index.php?rest_route=\/wp\/v2\/types\/post"}],"author":[{"embeddable":true,"href":"https:\/\/romanigodi.org\/index.php?rest_route=\/wp\/v2\/users\/1"}],"replies":[{"embeddable":true,"href":"https:\/\/romanigodi.org\/index.php?rest_route=%2Fwp%2Fv2%2Fcomments&post=569"}],"version-history":[{"count":1,"href":"https:\/\/romanigodi.org\/index.php?rest_route=\/wp\/v2\/posts\/569\/revisions"}],"predecessor-version":[{"id":3421,"href":"https:\/\/romanigodi.org\/index.php?rest_route=\/wp\/v2\/posts\/569\/revisions\/3421"}],"wp:featuredmedia":[{"embeddable":true,"href":"https:\/\/romanigodi.org\/index.php?rest_route=\/"}],"wp:attachment":[{"href":"https:\/\/romanigodi.org\/index.php?rest_route=%2Fwp%2Fv2%2Fmedia&parent=569"}],"wp:term":[{"taxonomy":"category","embeddable":true,"href":"https:\/\/romanigodi.org\/index.php?rest_route=%2Fwp%2Fv2%2Fcategories&post=569"},{"taxonomy":"post_tag","embeddable":true,"href":"https:\/\/romanigodi.org\/index.php?rest_route=%2Fwp%2Fv2%2Ftags&post=569"}],"curies":[{"name":"wp","href":"https:\/\/api.w.org\/{rel}","templated":true}]}}