{"id":575,"date":"2022-06-16T10:37:57","date_gmt":"2022-06-16T10:37:57","guid":{"rendered":"https:\/\/romanigodi.org\/?p=575"},"modified":"2025-11-21T09:56:24","modified_gmt":"2025-11-21T09:56:24","slug":"avrupa-birliginin-azinlik-politikalari-cercevesinde-fransada-romanlar-nicholas-sarkozy-donemi","status":"publish","type":"post","link":"https:\/\/romanigodi.org\/?p=575","title":{"rendered":"Avrupa Birli\u011fi\u2019nin Az\u0131nl\u0131k Politikalar\u0131 \u00c7er\u00e7evesinde Fransa\u2019da Romanlar: N\u0131cholas Sarkozy D\u00f6nemi"},"content":{"rendered":"<p><strong>Yaz\u0131n\u0131n Ad\u0131: <\/strong>Avrupa Birli\u011fi\u2019nin Az\u0131nl\u0131k Politikalar\u0131 \u00c7er\u00e7evesinde Fransa\u2019da Romanlar: N\u0131cholas Sarkozy D\u00f6nemi<\/p>\n<p><strong>Yazar\u0131n Ad\u0131: <\/strong>Fulya K\u00f6ksoy<\/p>\n<p><strong>\u00d6zet:<\/strong><\/p>\n<p>17. y\u00fczy\u0131lda Avrupa\u2019da ulus devletlerin ortaya \u00e7\u0131kmas\u0131na kadar uzanan ve g\u00fcn\u00fcm\u00fczde de uluslararas\u0131 ili\u015fkiler disiplini a\u00e7\u0131s\u0131ndan son derece \u00f6nemli bir konuyu te\u015fkil eden az\u0131nl\u0131klar ve az\u0131nl\u0131k haklar\u0131, neofonksiyonalist teori ekseninde temellenen ve nihai amac\u0131 salt bir ekonomik topluluk olmaktan \u00e7\u0131k\u0131p siyasi b\u00fct\u00fcnle\u015fmeyi hedefleyen Avrupa Birli\u011fi (AB) a\u00e7\u0131s\u0131ndan da \u00f6nem arz etmektedir. So\u011fuk Sava\u015f\u2019\u0131n biti\u015fi ekseninde iki kutuplu d\u00fcnya d\u00fczeninin sona ermesiyle ortaya \u00e7\u0131kan yeni konjonkt\u00fcr, genel olarak d\u00fcnya siyasetinde etnik, dini, dilsel ve ulusal az\u0131nl\u0131k sorunlar\u0131n\u0131n yeniden g\u00fcndeme ta\u015f\u0131nmas\u0131ndaki fitili ate\u015fleyen bir etken olurken, bir b\u00fct\u00fcn olarak az\u0131nl\u0131k kavram\u0131 ve az\u0131nl\u0131k haklar\u0131 konusunun AB d\u00fczleminde de tart\u0131\u015f\u0131lmas\u0131na sebebiyet vermi\u015ftir. Bu ba\u011flamda makale, hem AB\u2019nin hem de AB\u2019nin en \u00f6nemli \u00fcyelerinden birini te\u015fkil eden Fransa\u2019n\u0131n genel olarak az\u0131nl\u0131klara ve \u00f6zel olarak Avrupa\u2019da en geni\u015f n\u00fcfusa sahip olan ve en fazla \u00f6tekile\u015ftirilme politikalar\u0131na tabi tutulan Romanlara y\u00f6nelik politikalar\u0131n\u0131 analiz etmeyi ama\u00e7lamaktad\u0131r. \u00d6te yandan Kopenhang Kriterleri aras\u0131nda bulunan \u201caz\u0131nl\u0131k haklar\u0131na sayg\u0131 g\u00f6sterilip, korunmas\u0131\u201d ilkesinin AB\u2019ne \u00fcye olmak isteyen aday \u00fclkeler taraf\u0131ndan yerine getirilmesi zorunlulu\u011fu konusundaki hassasiyetin, kendi \u00fcyeleri taraf\u0131ndan yerine getirilip getirilmedi\u011fi de sorunsalla\u015ft\u0131r\u0131lacakt\u0131r. T\u00fcrkiye\u2019deki akademik yaz\u0131n\u0131n bu konuya \u00e7ok fazla ilgi g\u00f6stermemesi bu y\u00f6nde bir \u00e7al\u0131\u015fma olu\u015fturulmas\u0131nda itici bir g\u00fc\u00e7 olmu\u015ftur.<\/p>\n<p><strong>\u00a0Anahtar Kelimeler:<\/strong> AB\u2019nin Az\u0131nl\u0131k Politikas\u0131, Fransa\u2019n\u0131n Az\u0131nl\u0131k Politikas\u0131, Az\u0131nl\u0131k Haklar\u0131, \u00c7ok k\u00fclt\u00fcrl\u00fc Avrupa, Romanlar.<\/p>\n<p><a href=\"https:\/\/romanigodi.org\/wp-content\/uploads\/2022\/06\/10.30794-pausbed.434155-630551.pdf\" target=\"_blank\" rel=\"noopener\"><strong>Tamam\u0131n\u0131 okumak i\u00e7in t\u0131klay\u0131n\u0131z<\/strong>.<\/a><\/p>\n<p><strong>Bu \u00e7al\u0131\u015fmada ge\u00e7en ifadeler \u00e7al\u0131\u015fmay\u0131 y\u00fcr\u00fcten yazar\u0131n kendisine aittir.<\/strong><\/p>\n","protected":false},"excerpt":{"rendered":"<p>Yaz\u0131n\u0131n Ad\u0131: Avrupa Birli\u011fi\u2019nin Az\u0131nl\u0131k Politikalar\u0131 \u00c7er\u00e7evesinde Fransa\u2019da Romanlar: N\u0131cholas Sarkozy D\u00f6nemi Yazar\u0131n Ad\u0131: Fulya K\u00f6ksoy \u00d6zet: 17. y\u00fczy\u0131lda Avrupa\u2019da ulus devletlerin ortaya \u00e7\u0131kmas\u0131na kadar uzanan ve g\u00fcn\u00fcm\u00fczde de uluslararas\u0131 ili\u015fkiler disiplini a\u00e7\u0131s\u0131ndan son derece \u00f6nemli bir konuyu te\u015fkil eden az\u0131nl\u0131klar ve az\u0131nl\u0131k haklar\u0131, neofonksiyonalist teori ekseninde temellenen ve nihai amac\u0131 salt bir ekonomik topluluk [&hellip;]<\/p>\n","protected":false},"author":1,"featured_media":577,"comment_status":"open","ping_status":"open","sticky":false,"template":"","format":"quote","meta":{"footnotes":""},"categories":[22],"tags":[],"class_list":["post-575","post","type-post","status-publish","format-quote","has-post-thumbnail","hentry","category-onerilen-yayinlar","post_format-post-format-quote"],"_links":{"self":[{"href":"https:\/\/romanigodi.org\/index.php?rest_route=\/wp\/v2\/posts\/575","targetHints":{"allow":["GET"]}}],"collection":[{"href":"https:\/\/romanigodi.org\/index.php?rest_route=\/wp\/v2\/posts"}],"about":[{"href":"https:\/\/romanigodi.org\/index.php?rest_route=\/wp\/v2\/types\/post"}],"author":[{"embeddable":true,"href":"https:\/\/romanigodi.org\/index.php?rest_route=\/wp\/v2\/users\/1"}],"replies":[{"embeddable":true,"href":"https:\/\/romanigodi.org\/index.php?rest_route=%2Fwp%2Fv2%2Fcomments&post=575"}],"version-history":[{"count":1,"href":"https:\/\/romanigodi.org\/index.php?rest_route=\/wp\/v2\/posts\/575\/revisions"}],"predecessor-version":[{"id":3422,"href":"https:\/\/romanigodi.org\/index.php?rest_route=\/wp\/v2\/posts\/575\/revisions\/3422"}],"wp:featuredmedia":[{"embeddable":true,"href":"https:\/\/romanigodi.org\/index.php?rest_route=\/"}],"wp:attachment":[{"href":"https:\/\/romanigodi.org\/index.php?rest_route=%2Fwp%2Fv2%2Fmedia&parent=575"}],"wp:term":[{"taxonomy":"category","embeddable":true,"href":"https:\/\/romanigodi.org\/index.php?rest_route=%2Fwp%2Fv2%2Fcategories&post=575"},{"taxonomy":"post_tag","embeddable":true,"href":"https:\/\/romanigodi.org\/index.php?rest_route=%2Fwp%2Fv2%2Ftags&post=575"}],"curies":[{"name":"wp","href":"https:\/\/api.w.org\/{rel}","templated":true}]}}