{"id":579,"date":"2022-06-16T11:00:25","date_gmt":"2022-06-16T11:00:25","guid":{"rendered":"https:\/\/romanigodi.org\/?p=579"},"modified":"2025-11-21T09:56:48","modified_gmt":"2025-11-21T09:56:48","slug":"calisma-yasaminda-roman-kadinlarinin-otekilestirilmesi","status":"publish","type":"post","link":"https:\/\/romanigodi.org\/?p=579","title":{"rendered":"\u00c7al\u0131\u015fma Ya\u015fam\u0131nda Roman Kad\u0131nlar\u0131n\u0131n \u00d6tekile\u015ftirilmesi"},"content":{"rendered":"<p><strong>Yaz\u0131n\u0131n Ad\u0131: <\/strong>\u00c7al\u0131\u015fma Ya\u015fam\u0131nda Roman Kad\u0131nlar\u0131n\u0131n \u00d6tekile\u015ftirilmesi<\/p>\n<p><strong>Yazar\u0131n Ad\u0131: <\/strong>Sevcan Fazla<\/p>\n<p><strong>\u00d6zet:<\/strong><\/p>\n<p>Bu tez \u00e7al\u0131\u015fmas\u0131n\u0131n amac\u0131, \u00e7al\u0131\u015fma ya\u015fam\u0131nda \u00f6tekile\u015ftirilmeye ili\u015fkin Roman kad\u0131nlar\u0131n\u0131n g\u00f6r\u00fc\u015flerinin incelenmesidir. Ama\u00e7l\u0131 \u00f6rneklem y\u00f6ntemi kullan\u0131larak elde edilen \u00e7al\u0131\u015fma grubunu, \u00e7al\u0131\u015fma ya\u015fam\u0131nda aktif olarak yer alan 20 Roman kad\u0131n olu\u015fturmaktad\u0131r. Nitel ara\u015ft\u0131rma y\u00f6ntemi kullan\u0131larak desenlenen \u00e7al\u0131\u015fmada, yar\u0131 yap\u0131land\u0131r\u0131lm\u0131\u015f g\u00f6r\u00fc\u015fme tekni\u011fi ile Roman kad\u0131nlar\u0131n\u0131n g\u00f6r\u00fc\u015fleri al\u0131nm\u0131\u015ft\u0131r. Verilerin analizinde ise betimsel analiz ve i\u00e7erik analizi y\u00f6ntemi kullan\u0131lm\u0131\u015ft\u0131r. \u00c7al\u0131\u015fmaya kat\u0131lan Roman kad\u0131nlar\u0131n\u0131n g\u00f6r\u00fc\u015flerinden elde edilen bulgular incelendi\u011finde, Roman kad\u0131nlar\u0131n\u0131n b\u00fcy\u00fck bir \u00e7o\u011funlu\u011fu \u00e7al\u0131\u015fma ya\u015fam\u0131nda \u00f6tekile\u015ftirilmeye maruz kald\u0131klar\u0131n\u0131 belirtmi\u015flerdir. \u00d6tekile\u015ftirilmeyi i\u015f yerinde muhatap al\u0131nmamak, i\u015f y\u00fck\u00fc ve t\u00fcr\u00fcnde adaletsizlikler, i\u015fin icras\u0131nda g\u00fcvensizlikler, izin problemleri ve \u00fccret adaletsizli\u011fi \u015feklinde ya\u015fad\u0131klar\u0131 g\u00f6r\u00fclm\u00fc\u015ft\u00fcr. Bir ba\u015fka bulguyu g\u00f6re ise, Roman kad\u0131nlar\u0131n\u0131n \u00f6tekile\u015ftirme sonucunda, \u00e7al\u0131\u015fma ya\u015famlar\u0131nda performanslar\u0131n\u0131n d\u00fc\u015ft\u00fc\u011f\u00fc ve i\u015fe gitme motivasyonlar\u0131n\u0131n azald\u0131\u011f\u0131 ortaya \u00e7\u0131km\u0131\u015ft\u0131r. Son olarak, ara\u015ft\u0131rmaya kat\u0131lan Roman kad\u0131nlar\u0131, e\u011fitim deste\u011finin ve i\u015f garantili meslek edindirme kurslar\u0131n\u0131n kendilerine y\u00f6nelik \u00f6tekile\u015ftirmeye \u00e7\u00f6z\u00fcm olaca\u011f\u0131n\u0131 d\u00fc\u015f\u00fcnd\u00fckleri ortaya \u00e7\u0131km\u0131\u015ft\u0131r. Tez \u00e7al\u0131\u015fmas\u0131n\u0131n sonucunda, \u00e7al\u0131\u015fma ya\u015fam\u0131nda aktif rol alan Roman kad\u0131nlar\u0131n\u0131n hem etnik gruplar\u0131 hem de kad\u0131n olmalar\u0131 y\u00fcz\u00fcnden \u00f6tekile\u015ftirilme ile kar\u015f\u0131 kar\u015f\u0131ya kald\u0131klar\u0131 s\u00f6ylenebilmektedir. Bu sonuca, Roman kad\u0131nlar\u0131n\u0131n i\u015f ya\u015fam\u0131nda \u00f6tekile\u015ftirilmeye maruz kald\u0131klar\u0131 durumlar\u0131 dile getirmelerinden var\u0131lmaktad\u0131r. \u00c7al\u0131\u015fmada bir ba\u015fka sonu\u00e7 ise, Roman kad\u0131nlar\u0131n\u0131n ya\u015fad\u0131klar\u0131 \u00f6tekile\u015ftirmenin etkilerinin sadece psikolojik ve sosyolojik olmad\u0131\u011f\u0131, bunun yan\u0131nda ekonomik olarak da etkisinin bulundu\u011fudur. Bu a\u00e7\u0131dan, Roman kad\u0131nlar\u0131n\u0131n \u00e7al\u0131\u015fma ya\u015fam\u0131nda \u00f6tekile\u015ftirilmesi konusunda devletin daha kapsaml\u0131, destekleyici politikalar geli\u015ftirmesi ve \u00f6nleyici tedbirler almas\u0131 gerekti\u011fi sonucuna var\u0131lm\u0131\u015ft\u0131r.<br \/>\n<strong>Anahtar Kelimeler:<\/strong> Roman Kad\u0131nlar, \u00c7ingeneler, \u00d6tekile\u015ftirme, \u00c7al\u0131\u015fma Ya\u015fam\u0131<\/p>\n<p><strong><a href=\"https:\/\/romanigodi.org\/wp-content\/uploads\/2022\/06\/0170097-1.pdf\">Tamam\u0131n\u0131 okumak i\u00e7in t\u0131klay\u0131n\u0131z.<\/a><\/strong><\/p>\n<p><strong>Bu \u00e7al\u0131\u015fmada ge\u00e7en ifadeler \u00e7al\u0131\u015fmay\u0131 y\u00fcr\u00fcten yazar\u0131n kendisine aittir.<\/strong><\/p>\n","protected":false},"excerpt":{"rendered":"<p>Yaz\u0131n\u0131n Ad\u0131: \u00c7al\u0131\u015fma Ya\u015fam\u0131nda Roman Kad\u0131nlar\u0131n\u0131n \u00d6tekile\u015ftirilmesi Yazar\u0131n Ad\u0131: Sevcan Fazla \u00d6zet: Bu tez \u00e7al\u0131\u015fmas\u0131n\u0131n amac\u0131, \u00e7al\u0131\u015fma ya\u015fam\u0131nda \u00f6tekile\u015ftirilmeye ili\u015fkin Roman kad\u0131nlar\u0131n\u0131n g\u00f6r\u00fc\u015flerinin incelenmesidir. Ama\u00e7l\u0131 \u00f6rneklem y\u00f6ntemi kullan\u0131larak elde edilen \u00e7al\u0131\u015fma grubunu, \u00e7al\u0131\u015fma ya\u015fam\u0131nda aktif olarak yer alan 20 Roman kad\u0131n olu\u015fturmaktad\u0131r. Nitel ara\u015ft\u0131rma y\u00f6ntemi kullan\u0131larak desenlenen \u00e7al\u0131\u015fmada, yar\u0131 yap\u0131land\u0131r\u0131lm\u0131\u015f g\u00f6r\u00fc\u015fme tekni\u011fi ile Roman kad\u0131nlar\u0131n\u0131n [&hellip;]<\/p>\n","protected":false},"author":1,"featured_media":580,"comment_status":"open","ping_status":"open","sticky":false,"template":"","format":"quote","meta":{"footnotes":""},"categories":[22],"tags":[58,60,106,116],"class_list":["post-579","post","type-post","status-publish","format-quote","has-post-thumbnail","hentry","category-onerilen-yayinlar","tag-calisma-yasami","tag-cingeneler","tag-otekilestirme","tag-roman-kadinlar","post_format-post-format-quote"],"_links":{"self":[{"href":"https:\/\/romanigodi.org\/index.php?rest_route=\/wp\/v2\/posts\/579","targetHints":{"allow":["GET"]}}],"collection":[{"href":"https:\/\/romanigodi.org\/index.php?rest_route=\/wp\/v2\/posts"}],"about":[{"href":"https:\/\/romanigodi.org\/index.php?rest_route=\/wp\/v2\/types\/post"}],"author":[{"embeddable":true,"href":"https:\/\/romanigodi.org\/index.php?rest_route=\/wp\/v2\/users\/1"}],"replies":[{"embeddable":true,"href":"https:\/\/romanigodi.org\/index.php?rest_route=%2Fwp%2Fv2%2Fcomments&post=579"}],"version-history":[{"count":1,"href":"https:\/\/romanigodi.org\/index.php?rest_route=\/wp\/v2\/posts\/579\/revisions"}],"predecessor-version":[{"id":3423,"href":"https:\/\/romanigodi.org\/index.php?rest_route=\/wp\/v2\/posts\/579\/revisions\/3423"}],"wp:featuredmedia":[{"embeddable":true,"href":"https:\/\/romanigodi.org\/index.php?rest_route=\/"}],"wp:attachment":[{"href":"https:\/\/romanigodi.org\/index.php?rest_route=%2Fwp%2Fv2%2Fmedia&parent=579"}],"wp:term":[{"taxonomy":"category","embeddable":true,"href":"https:\/\/romanigodi.org\/index.php?rest_route=%2Fwp%2Fv2%2Fcategories&post=579"},{"taxonomy":"post_tag","embeddable":true,"href":"https:\/\/romanigodi.org\/index.php?rest_route=%2Fwp%2Fv2%2Ftags&post=579"}],"curies":[{"name":"wp","href":"https:\/\/api.w.org\/{rel}","templated":true}]}}