{"id":589,"date":"2022-06-16T11:32:46","date_gmt":"2022-06-16T11:32:46","guid":{"rendered":"https:\/\/romanigodi.org\/?p=589"},"modified":"2025-11-21T10:04:54","modified_gmt":"2025-11-21T10:04:54","slug":"esit-yurttaslik-haklari-baglaminda-cingene-yurttaslarin-sosyal-ve-ekonomik-haklara-erisimi-edirne-ornegi","status":"publish","type":"post","link":"https:\/\/romanigodi.org\/?p=589","title":{"rendered":"E\u015fit Yurtta\u015fl\u0131k Haklar\u0131 Ba\u011flam\u0131nda \u00c7ingene Yurtta\u015flar\u0131n Sosyal Ve Ekonomik Haklara Eri\u015fimi: Edirne \u00d6rne\u011fi"},"content":{"rendered":"<p style=\"text-align: left;\"><strong>Yaz\u0131n\u0131n Ad\u0131: <\/strong>E\u015fit Yurtta\u015fl\u0131k Haklar\u0131 Ba\u011flam\u0131nda \u00c7ingene Yurtta\u015flar\u0131n Sosyal Ve Ekonomik Haklara Eri\u015fimi: Edirne \u00d6rne\u011fi<\/p>\n<p><strong>Yazar\u0131n Ad\u0131: <\/strong>Mustafa Kemal \u00d6ke\u00a0 <em>Abant \u0130zzet Baysal \u00dcniversitesi<\/em><\/p>\n<p>Senem Kurt Topuz<em>\u00a0 Abant \u0130zzet Baysal \u00dcniversitesi<\/em><\/p>\n<p><strong>\u00d6zet:<\/strong><\/p>\n<p>Bu \u00e7al\u0131\u015fman\u0131n genel amac\u0131 \u00c7ingene yurtta\u015flar\u0131n sosyal ve ekonomik haklar ba\u011flam\u0131nda devletle olan ili\u015fkilerini analiz etmektir. \u00c7al\u0131\u015fmada e\u011fitim ve \u00f6\u011frenim hakk\u0131, sosyal g\u00fcvenlik haklar\u0131, sa\u011fl\u0131k hizmetleri ve \u00e7evrenin korunmas\u0131 hakk\u0131, konut hakk\u0131 ve \u00e7al\u0131\u015fma hakk\u0131 bu kapsamda de\u011ferlendirilen temel haklar olarak ele al\u0131nm\u0131\u015ft\u0131r. Bu ba\u011flamda \u00e7al\u0131\u015fmada \u00c7ingene yurtta\u015flar\u0131n Anayasada yer alan sosyal ve ekonomik haklar\u0131n kendilerine ne \u00f6l\u00e7\u00fcde sa\u011fland\u0131\u011f\u0131na ili\u015fkin g\u00f6r\u00fc\u015fleri, di\u011fer bir ifadeyle bu konudaki alg\u0131lar\u0131 birinci elden toplanan verilerle belirlenmeye \u00e7al\u0131\u015f\u0131lm\u0131\u015ft\u0131r. Yap\u0131lan alan \u00e7al\u0131\u015fmas\u0131n\u0131n sonucunda elde edilen bulgulara g\u00f6re, genel olarak Edirne\u2019de ya\u015fayan \u00c7ingene yurtta\u015flar i\u015f ve i\u015fsizli\u011fe ili\u015fkin haklardan yararlanamad\u0131klar\u0131n\u0131 ifade etmi\u015flerdir. Bunun hemen ard\u0131ndan \u00c7ingene yurtta\u015flar\u0131n ula\u015famad\u0131klar\u0131 ve\/veya yararlanamad\u0131klar\u0131 sosyal ve ekonomik haklar\u0131n ba\u015f\u0131nda ya\u015fanabilir konut ve sa\u011fl\u0131kl\u0131 \u00e7evre hakk\u0131 gelmektedir. Bu sonu\u00e7lara ek olarak \u00c7ingene yurtta\u015flar, devletin kendilerine istedikleri alanda \u00e7al\u0131\u015fma \u00f6zg\u00fcrl\u00fc\u011f\u00fc sa\u011flamad\u0131\u011f\u0131n\u0131 ifade etmi\u015flerdir. \u00c7ingene yurtta\u015flar\u0131n e\u011fitim imkanlar\u0131na ili\u015fkin alg\u0131s\u0131 da nispeten olumsuzdur. Devlet taraf\u0131ndan yeteri kadar sa\u011fland\u0131\u011f\u0131na inan\u0131lan ve bu konudaki alg\u0131lar\u0131n\u0131n olumlu oldu\u011fu sosyal ve ekonomik haklar\u0131n ba\u015f\u0131nda ise sosyal g\u00fcvenlik ve sa\u011fl\u0131k hizmetlerinden yararlanma haklar\u0131 gelmektedir.<\/p>\n<p><strong>Anahtar Kelimeler<\/strong>: Yurtta\u015fl\u0131k, \u00c7ingeneler, Devlet-Yurtta\u015f \u0130li\u015fkisi, Sosyal ve Ekonomik Haklar<\/p>\n<p><strong><a href=\"https:\/\/romanigodi.org\/wp-content\/uploads\/2022\/06\/ESIT-YURTTASLIK-HAKLARI-BAGLAMINDA.pdf\" target=\"_blank\" rel=\"noopener\">Tamam\u0131n\u0131 okumak i\u00e7in t\u0131klay\u0131n\u0131z.<\/a><\/strong><\/p>\n<p><strong>Bu \u00e7al\u0131\u015fmada ge\u00e7en ifadeler \u00e7al\u0131\u015fmay\u0131 y\u00fcr\u00fcten yazar\u0131n kendisine aittir.<\/strong><\/p>\n","protected":false},"excerpt":{"rendered":"<p>Yaz\u0131n\u0131n Ad\u0131: E\u015fit Yurtta\u015fl\u0131k Haklar\u0131 Ba\u011flam\u0131nda \u00c7ingene Yurtta\u015flar\u0131n Sosyal Ve Ekonomik Haklara Eri\u015fimi: Edirne \u00d6rne\u011fi Yazar\u0131n Ad\u0131: Mustafa Kemal \u00d6ke\u00a0 Abant \u0130zzet Baysal \u00dcniversitesi Senem Kurt Topuz\u00a0 Abant \u0130zzet Baysal \u00dcniversitesi \u00d6zet: Bu \u00e7al\u0131\u015fman\u0131n genel amac\u0131 \u00c7ingene yurtta\u015flar\u0131n sosyal ve ekonomik haklar ba\u011flam\u0131nda devletle olan ili\u015fkilerini analiz etmektir. \u00c7al\u0131\u015fmada e\u011fitim ve \u00f6\u011frenim hakk\u0131, sosyal g\u00fcvenlik [&hellip;]<\/p>\n","protected":false},"author":1,"featured_media":590,"comment_status":"open","ping_status":"open","sticky":false,"template":"","format":"quote","meta":{"footnotes":""},"categories":[13,22],"tags":[60,64,129,143],"class_list":["post-589","post","type-post","status-publish","format-quote","has-post-thumbnail","hentry","category-esit-haklar","category-onerilen-yayinlar","tag-cingeneler","tag-devlet-yurttas-iliskisi","tag-sosyal-ve-ekonomik-hakla","tag-yurttaslik","post_format-post-format-quote"],"_links":{"self":[{"href":"https:\/\/romanigodi.org\/index.php?rest_route=\/wp\/v2\/posts\/589","targetHints":{"allow":["GET"]}}],"collection":[{"href":"https:\/\/romanigodi.org\/index.php?rest_route=\/wp\/v2\/posts"}],"about":[{"href":"https:\/\/romanigodi.org\/index.php?rest_route=\/wp\/v2\/types\/post"}],"author":[{"embeddable":true,"href":"https:\/\/romanigodi.org\/index.php?rest_route=\/wp\/v2\/users\/1"}],"replies":[{"embeddable":true,"href":"https:\/\/romanigodi.org\/index.php?rest_route=%2Fwp%2Fv2%2Fcomments&post=589"}],"version-history":[{"count":1,"href":"https:\/\/romanigodi.org\/index.php?rest_route=\/wp\/v2\/posts\/589\/revisions"}],"predecessor-version":[{"id":3425,"href":"https:\/\/romanigodi.org\/index.php?rest_route=\/wp\/v2\/posts\/589\/revisions\/3425"}],"wp:featuredmedia":[{"embeddable":true,"href":"https:\/\/romanigodi.org\/index.php?rest_route=\/"}],"wp:attachment":[{"href":"https:\/\/romanigodi.org\/index.php?rest_route=%2Fwp%2Fv2%2Fmedia&parent=589"}],"wp:term":[{"taxonomy":"category","embeddable":true,"href":"https:\/\/romanigodi.org\/index.php?rest_route=%2Fwp%2Fv2%2Fcategories&post=589"},{"taxonomy":"post_tag","embeddable":true,"href":"https:\/\/romanigodi.org\/index.php?rest_route=%2Fwp%2Fv2%2Ftags&post=589"}],"curies":[{"name":"wp","href":"https:\/\/api.w.org\/{rel}","templated":true}]}}