{"id":592,"date":"2022-06-16T11:39:35","date_gmt":"2022-06-16T11:39:35","guid":{"rendered":"https:\/\/romanigodi.org\/?p=592"},"modified":"2025-11-21T10:05:24","modified_gmt":"2025-11-21T10:05:24","slug":"hirvatistanda-yasayan-romanlara-yonelik-temel-hak-ve-ozgurluk-ihlalleri","status":"publish","type":"post","link":"https:\/\/romanigodi.org\/?p=592","title":{"rendered":"H\u0131rvatistan\u2019da Ya\u015fayan Romanlara Y\u00f6nelik Temel Hak Ve \u00d6zg\u00fcrl\u00fck \u0130hlalleri"},"content":{"rendered":"<p><strong>Yaz\u0131n\u0131n Ad\u0131: <\/strong>H\u0131rvatistan\u2019da Ya\u015fayan Romanlara Y\u00f6nelik Temel Hak Ve \u00d6zg\u00fcrl\u00fck \u0130hlalleri<\/p>\n<p><strong>Yazar\u0131n Ad\u0131:<\/strong> Do\u00e7. Dr. Selda \u00c7a\u011flar<\/p>\n<p><strong>\u00d6zet:<\/strong><\/p>\n<p>Siyasal ve tarihsel ge\u00e7mi\u015fine ba\u011fl\u0131 olarak H\u0131rvatistan\u2019da \u0131rk, etnik k\u00f6ken, dil ve din a\u00e7\u0131s\u0131ndan \u00e7ok say\u0131da az\u0131nl\u0131k topluluk ya\u015famaktad\u0131r. Bu gruplardan biri de toplam n\u00fcfusun % 0.4\u2019\u00fcn\u00fc olu\u015fturan Romanlard\u0131r. 2010 y\u0131l\u0131nda yap\u0131lan Anayasa de\u011fi\u015fikli\u011fi ile \u201culusal az\u0131nl\u0131k\u201d stat\u00fcs\u00fcn\u00fc kazanan Romanlar, g\u00f6rece k\u00fc\u00e7\u00fck bir az\u0131nl\u0131k olmakla birlikte sosyo-ekonomik ko\u015fullar ve temel insan haklar\u0131 bak\u0131m\u0131ndan en dezavantajl\u0131 etnik gruptur. 2010 Anayasa de\u011fi\u015fikli\u011fi ve H\u0131rvatistan\u2019\u0131n 2013 y\u0131l\u0131nda Avrupa Birli\u011fi (AB)\u2019ye \u00fcye olmas\u0131 Romanlar\u0131n toplumsal, siyasal ve ekonomik hayata di\u011ferleriyle e\u015fit ko\u015fullarda kat\u0131l\u0131m\u0131na y\u00f6nelik hukuki ve siyasal \u00f6nlemlere h\u0131z vermi\u015f, ancak olumsuz ya\u015fam ko\u015fullar\u0131nda kayda de\u011fer bir iyile\u015fme sa\u011flanamam\u0131\u015ft\u0131r. Bu tespitten hareketle \u00e7al\u0131\u015fmam\u0131zda H\u0131rvatistan\u2019da ya\u015fayan Romanlar\u0131n temel hak ve \u00f6zg\u00fcrl\u00fcklere eri\u015fim bak\u0131m\u0131ndan \u00e7o\u011funluk n\u00fcfusu ve di\u011fer az\u0131nl\u0131klardan farkl\u0131 olarak kar\u015f\u0131la\u015ft\u0131\u011f\u0131 sorunlar, ku\u015fak haklar sistemati\u011fi i\u00e7inde al\u0131nan\/al\u0131nmas\u0131 gerekli hukuki \u00f6nlemlerle birlikte tart\u0131\u015f\u0131lm\u0131\u015f ve \u00e7\u00f6z\u00fcm \u00f6nerileri getirilmi\u015ftir. Bu ama\u00e7la H\u0131rvatistan\u2019\u0131n taraf\u0131 ve \u00fcyesi oldu\u011fu Avrupa Konseyi (AK), Avrupa Birli\u011fi (AB) ve Birle\u015fmi\u015f Milletler (BM) b\u00fcnyesinde kabul edilen ilgili s\u00f6zle\u015fme, ilke ve kararlar\u0131n i\u00e7 hukuka ne \u00f6l\u00e7\u00fcde yans\u0131t\u0131ld\u0131\u011f\u0131 ulusal mevzuat, b\u00f6lge ve \u00fclke raporlar\u0131 ile uluslararas\u0131 sivil toplum kurulu\u015flar\u0131n\u0131n (NGO) \u00fclke izleme ve ara\u015ft\u0131rma raporlar\u0131ndan elde edilen veriler \u0131\u015f\u0131\u011f\u0131nda de\u011ferlendirilmi\u015f, Romanlar\u0131n az\u0131nl\u0131k haklar\u0131 profili \u00e7\u0131kart\u0131lmaya \u00e7al\u0131\u015f\u0131lm\u0131\u015ft\u0131r. D\u00f6rt ana ba\u015fl\u0131k olarak planlanan makalede \u00f6nce di\u011fer toplumsal gruplar\u0131n Romanlara y\u00f6nelik alg\u0131 ve tutumlar\u0131na yer verilmi\u015f, ard\u0131ndan Romanlar\u0131n siyasal hak ve \u00f6zg\u00fcrl\u00fckleri ile sosyal, ekonomik ve k\u00fclt\u00fcrel haklar\u0131n\u0131 i\u00e7eren alanlarda ne t\u00fcr ihlallerle kar\u015f\u0131la\u015ft\u0131klar\u0131 \u00f6nleme ve giderme mekanizmalar\u0131yla birlikte ele al\u0131nm\u0131\u015ft\u0131r.<\/p>\n<p><strong>Anahtar Kelimeler:<\/strong> H\u0131rvatistan, Roman, Az\u0131nl\u0131k haklar\u0131, Siyasi hak ve \u00f6zg\u00fcrl\u00fckler, Sosyal ve ekonomik hak ve \u00f6zg\u00fcrl\u00fckler, K\u00fclt\u00fcrel hak ve \u00f6zg\u00fcrl\u00fckler<\/p>\n<p><strong><a href=\"https:\/\/romanigodi.org\/wp-content\/uploads\/2022\/06\/HIRVAT__STAN___DA-YA__AYAN-ROMANLARA-Y__NEL__K-TEMEL-HAK-VE-__ZG__RL__K-__HLALLER__694059-981803.pdf\" target=\"_blank\" rel=\"noopener\">Tamam\u0131n\u0131 okumak i\u00e7in t\u0131klay\u0131n\u0131z.<\/a><\/strong><\/p>\n<p><strong>Bu \u00e7al\u0131\u015fmada ge\u00e7en ifadeler \u00e7al\u0131\u015fmay\u0131 y\u00fcr\u00fcten yazar\u0131n kendisine aittir.<\/strong><\/p>\n","protected":false},"excerpt":{"rendered":"<p>Yaz\u0131n\u0131n Ad\u0131: H\u0131rvatistan\u2019da Ya\u015fayan Romanlara Y\u00f6nelik Temel Hak Ve \u00d6zg\u00fcrl\u00fck \u0130hlalleri Yazar\u0131n Ad\u0131: Do\u00e7. Dr. Selda \u00c7a\u011flar \u00d6zet: Siyasal ve tarihsel ge\u00e7mi\u015fine ba\u011fl\u0131 olarak H\u0131rvatistan\u2019da \u0131rk, etnik k\u00f6ken, dil ve din a\u00e7\u0131s\u0131ndan \u00e7ok say\u0131da az\u0131nl\u0131k topluluk ya\u015famaktad\u0131r. Bu gruplardan biri de toplam n\u00fcfusun % 0.4\u2019\u00fcn\u00fc olu\u015fturan Romanlard\u0131r. 2010 y\u0131l\u0131nda yap\u0131lan Anayasa de\u011fi\u015fikli\u011fi ile \u201culusal az\u0131nl\u0131k\u201d [&hellip;]<\/p>\n","protected":false},"author":1,"featured_media":595,"comment_status":"open","ping_status":"open","sticky":false,"template":"","format":"quote","meta":{"footnotes":""},"categories":[22],"tags":[55,83,113,123,128],"class_list":["post-592","post","type-post","status-publish","format-quote","has-post-thumbnail","hentry","category-onerilen-yayinlar","tag-azinlik-haklari","tag-hirvatistan","tag-roman","tag-siyasi-hak-ve-ozgurlukler","tag-sosyal-ve-ekonomik-hak-v","post_format-post-format-quote"],"_links":{"self":[{"href":"https:\/\/romanigodi.org\/index.php?rest_route=\/wp\/v2\/posts\/592","targetHints":{"allow":["GET"]}}],"collection":[{"href":"https:\/\/romanigodi.org\/index.php?rest_route=\/wp\/v2\/posts"}],"about":[{"href":"https:\/\/romanigodi.org\/index.php?rest_route=\/wp\/v2\/types\/post"}],"author":[{"embeddable":true,"href":"https:\/\/romanigodi.org\/index.php?rest_route=\/wp\/v2\/users\/1"}],"replies":[{"embeddable":true,"href":"https:\/\/romanigodi.org\/index.php?rest_route=%2Fwp%2Fv2%2Fcomments&post=592"}],"version-history":[{"count":1,"href":"https:\/\/romanigodi.org\/index.php?rest_route=\/wp\/v2\/posts\/592\/revisions"}],"predecessor-version":[{"id":3426,"href":"https:\/\/romanigodi.org\/index.php?rest_route=\/wp\/v2\/posts\/592\/revisions\/3426"}],"wp:featuredmedia":[{"embeddable":true,"href":"https:\/\/romanigodi.org\/index.php?rest_route=\/"}],"wp:attachment":[{"href":"https:\/\/romanigodi.org\/index.php?rest_route=%2Fwp%2Fv2%2Fmedia&parent=592"}],"wp:term":[{"taxonomy":"category","embeddable":true,"href":"https:\/\/romanigodi.org\/index.php?rest_route=%2Fwp%2Fv2%2Fcategories&post=592"},{"taxonomy":"post_tag","embeddable":true,"href":"https:\/\/romanigodi.org\/index.php?rest_route=%2Fwp%2Fv2%2Ftags&post=592"}],"curies":[{"name":"wp","href":"https:\/\/api.w.org\/{rel}","templated":true}]}}