{"id":597,"date":"2022-06-16T11:44:07","date_gmt":"2022-06-16T11:44:07","guid":{"rendered":"https:\/\/romanigodi.org\/?p=597"},"modified":"2025-11-21T10:05:46","modified_gmt":"2025-11-21T10:05:46","slug":"roman-mahallesinde-kentsel-yoksulluk-ve-yoksunluk-izmir-ege-mahallesi-kurucay-ornegi","status":"publish","type":"post","link":"https:\/\/romanigodi.org\/?p=597","title":{"rendered":"Roman Mahallesinde Kentsel Yoksulluk Ve Yoksunluk: \u0130zmir-Ege Mahallesi (Kuru\u00e7ay) \u00d6rne\u011fi"},"content":{"rendered":"<p style=\"text-align: left;\"><strong>Yaz\u0131n\u0131n Ad\u0131: <\/strong>Roman Mahallesinde Kentsel Yoksulluk Ve Yoksunluk: \u0130zmir-Ege Mahallesi (Kuru\u00e7ay) \u00d6rne\u011fi<\/p>\n<p><strong>Yazar\u0131n Ad\u0131:<\/strong> Neriman Y\u00f6r\u00fcr<\/p>\n<p><strong>\u00d6zet:<\/strong><\/p>\n<p>\u0130zmir kent merkezinin y\u00fcksek rant alanlar\u0131n\u0131n biti\u015fi\u011finde yer alan Ege (Kuru\u00e7ay) Mahallesi kentsel d\u00f6n\u00fc\u015f\u00fcm projeleri ve tart\u0131\u015fmalar\u0131na konu olmaktad\u0131r. Ege (Kuru\u00e7ay) Mahallesi\u2019nin sakinlerinin \u00e7o\u011funlu\u011funu farkl\u0131 k\u00fclt\u00fcrel hayatlar\u0131 ile Romanlar olu\u015fturmaktad\u0131r. Bu nedenle, bu makale kentsel d\u00f6n\u00fc\u015f\u00fcm s\u00fcre\u00e7leri \u00e7er\u00e7evesinde Ege (Kuru\u00e7ay) Mahallesi\u2019nde ya\u015fanan yoksulluk ve yoksunluk sorunlar\u0131n\u0131 k\u00fclt\u00fcrel, mek\u00e2nsal ve ekonomik de\u011fi\u015fkenler ile insan ve vatanda\u015fl\u0131k haklar\u0131 a\u00e7\u0131s\u0131ndan sorgulamay\u0131 ama\u00e7lamaktad\u0131r. Ara\u015ft\u0131rma y\u00f6ntemi olarak g\u00f6zlem ve derinlemesine g\u00f6r\u00fc\u015fme \u00e7al\u0131\u015fmas\u0131 yap\u0131lm\u0131\u015ft\u0131r. Derinlemesine g\u00f6r\u00fc\u015fme \u00e7al\u0131\u015fmas\u0131ndan elde edilen veriler insan ve vatanda\u015fl\u0131k haklar\u0131 \u00e7er\u00e7evesinde en temel haklar olan; yeterli beslenme-giyinme-bar\u0131nma hakk\u0131, temel kamu hizmetlerine eri\u015fim (e\u011fitim, sa\u011fl\u0131k vb.) hakk\u0131, sosyal, psikolojik ve mek\u00e2nsal olarak g\u00fcvenli ya\u015fam alan\u0131 hakk\u0131, yeterli gelire sahip olma hakk\u0131, i\u015fsizli\u011fe kar\u015f\u0131 korunma hakk\u0131, e\u015fit bir vatanda\u015f olarak davran\u0131lma ve sahip oldu\u011fu etnik k\u00fclt\u00fcrel kimli\u011fi ya\u015fama hakk\u0131 olarak alt\u0131 ba\u015fl\u0131k alt\u0131nda de\u011ferlendirilmektedir. Bu kapsamda, mahallenin yoksulluk sorunlar\u0131na ili\u015fkin bir d\u00fczey ya da derece belirlemenin \u00f6tesinde, yoksullu\u011fun g\u00f6r\u00fcnen boyutlar\u0131n\u0131n analizi \u00fczerinden bir kesit sunulmaktad\u0131r. Kentsel yoksulluk ve insan haklar\u0131 olgular\u0131n\u0131 g\u00fcndeme getirerek tart\u0131\u015fmaya a\u00e7an bu \u00e7al\u0131\u015fma, kentsel mek\u00e2nsal e\u015fitsizlikler hakk\u0131nda ara\u015ft\u0131rmac\u0131lar\u0131 yeniden d\u00fc\u015f\u00fcnmeye davet etmektedir.<\/p>\n<p><em><strong>Anahtar S\u00f6zc\u00fckler:<\/strong><\/em> Kentsel yoksulluk; Yoksunluk; Roman Mahallesi; Ege Mahallesi; Kentsel d\u00f6n\u00fc\u015f\u00fcm<\/p>\n<p><strong><a href=\"https:\/\/romanigodi.org\/wp-content\/uploads\/2022\/06\/ROMAN-MAHALLES__NDE-KENTSEL-YOKSULLUK-VE-YOKSUNLUK_-__ZM__R-EGE-MAHALLES__-__RNE____1085429-2300382.pdf\" target=\"_blank\" rel=\"noopener\">Tamam\u0131n\u0131 okumak i\u00e7in t\u0131klay\u0131n\u0131z.<\/a><\/strong><\/p>\n<p><strong>Bu \u00e7al\u0131\u015fmada ge\u00e7en ifadeler \u00e7al\u0131\u015fmay\u0131 y\u00fcr\u00fcten yazar\u0131n kendisine aittir.<\/strong><\/p>\n","protected":false},"excerpt":{"rendered":"<p>Yaz\u0131n\u0131n Ad\u0131: Roman Mahallesinde Kentsel Yoksulluk Ve Yoksunluk: \u0130zmir-Ege Mahallesi (Kuru\u00e7ay) \u00d6rne\u011fi Yazar\u0131n Ad\u0131: Neriman Y\u00f6r\u00fcr \u00d6zet: \u0130zmir kent merkezinin y\u00fcksek rant alanlar\u0131n\u0131n biti\u015fi\u011finde yer alan Ege (Kuru\u00e7ay) Mahallesi kentsel d\u00f6n\u00fc\u015f\u00fcm projeleri ve tart\u0131\u015fmalar\u0131na konu olmaktad\u0131r. Ege (Kuru\u00e7ay) Mahallesi\u2019nin sakinlerinin \u00e7o\u011funlu\u011funu farkl\u0131 k\u00fclt\u00fcrel hayatlar\u0131 ile Romanlar olu\u015fturmaktad\u0131r. Bu nedenle, bu makale kentsel d\u00f6n\u00fc\u015f\u00fcm s\u00fcre\u00e7leri \u00e7er\u00e7evesinde [&hellip;]<\/p>\n","protected":false},"author":1,"featured_media":598,"comment_status":"open","ping_status":"open","sticky":false,"template":"","format":"quote","meta":{"footnotes":""},"categories":[22],"tags":[71,92,93,117,142],"class_list":["post-597","post","type-post","status-publish","format-quote","has-post-thumbnail","hentry","category-onerilen-yayinlar","tag-ege-mahallesi","tag-kentsel-donusum","tag-kentsel-yoksulluk","tag-roman-mahallesi","tag-yoksunluk","post_format-post-format-quote"],"_links":{"self":[{"href":"https:\/\/romanigodi.org\/index.php?rest_route=\/wp\/v2\/posts\/597","targetHints":{"allow":["GET"]}}],"collection":[{"href":"https:\/\/romanigodi.org\/index.php?rest_route=\/wp\/v2\/posts"}],"about":[{"href":"https:\/\/romanigodi.org\/index.php?rest_route=\/wp\/v2\/types\/post"}],"author":[{"embeddable":true,"href":"https:\/\/romanigodi.org\/index.php?rest_route=\/wp\/v2\/users\/1"}],"replies":[{"embeddable":true,"href":"https:\/\/romanigodi.org\/index.php?rest_route=%2Fwp%2Fv2%2Fcomments&post=597"}],"version-history":[{"count":1,"href":"https:\/\/romanigodi.org\/index.php?rest_route=\/wp\/v2\/posts\/597\/revisions"}],"predecessor-version":[{"id":3427,"href":"https:\/\/romanigodi.org\/index.php?rest_route=\/wp\/v2\/posts\/597\/revisions\/3427"}],"wp:featuredmedia":[{"embeddable":true,"href":"https:\/\/romanigodi.org\/index.php?rest_route=\/"}],"wp:attachment":[{"href":"https:\/\/romanigodi.org\/index.php?rest_route=%2Fwp%2Fv2%2Fmedia&parent=597"}],"wp:term":[{"taxonomy":"category","embeddable":true,"href":"https:\/\/romanigodi.org\/index.php?rest_route=%2Fwp%2Fv2%2Fcategories&post=597"},{"taxonomy":"post_tag","embeddable":true,"href":"https:\/\/romanigodi.org\/index.php?rest_route=%2Fwp%2Fv2%2Ftags&post=597"}],"curies":[{"name":"wp","href":"https:\/\/api.w.org\/{rel}","templated":true}]}}