{"id":603,"date":"2022-06-16T13:40:15","date_gmt":"2022-06-16T13:40:15","guid":{"rendered":"https:\/\/romanigodi.org\/?p=603"},"modified":"2025-11-21T10:06:50","modified_gmt":"2025-11-21T10:06:50","slug":"samsunda-yasayan-romanlar-sinirli-sosyal-hakla-yasam-kurma","status":"publish","type":"post","link":"https:\/\/romanigodi.org\/?p=603","title":{"rendered":"Samsun\u2019da Ya\u015fayan Romanlar: S\u0131n\u0131rl\u0131 Sosyal Hakla Ya\u015fam Kurma"},"content":{"rendered":"<p><strong>Yaz\u0131n\u0131n Ad\u0131 : <\/strong>Samsun\u2019da Ya\u015fayan Romanlar: S\u0131n\u0131rl\u0131 Sosyal Hakla Ya\u015fam Kurma<\/p>\n<p><strong>Yazar\u0131n Ad\u0131: <\/strong>Samsun&#8217;da Roman (\u00c7ingene) Vatanda\u015flar\u0131: S\u0131n\u0131rl\u0131 Sosyal Haklarla Ya\u015famak<\/p>\n<p><strong>\u00d6zet<\/strong><\/p>\n<p>Bu \u00e7al\u0131\u015fmada Samsun ili merkezinde iki mahallede ya\u015fayan Roman\/\u00c7ingene vatanda\u015flar\u0131n ya\u015fam deneyimleri derlenmektedir. Ge\u00e7ti\u011fimiz y\u00fczy\u0131l\u0131n ikinci yar\u0131s\u0131 ile birlikte tan\u0131\u015f\u0131lmaya ba\u015flanan \u201csosyal haklar\u201d, ulusal d\u00fczeyde zorunlu e\u011fitim, sa\u011fl\u0131k ve sosyal hizmetlerin herkese e\u015fit olarak ula\u015ft\u0131r\u0131lmas\u0131 yan\u0131nda, toplumda ge\u00e7erli olan standartlara uygun medeni ve kaliteli bir ya\u015fam hakk\u0131n\u0131n sosyal bir miras olarak gelecek ku\u015faklara aktar\u0131lmas\u0131n\u0131 da i\u00e7ermektedir. Sosyal haklar arac\u0131l\u0131\u011f\u0131 ile bir yandan toplumsal e\u015fitli\u011fin sa\u011flanmas\u0131 di\u011fer yandan da devlet-vatanda\u015f ili\u015fkisini vatanda\u015f lehine geni\u015fleterek toplumsal olana kat\u0131l\u0131m\u0131 artt\u0131rmak hedeflenmi\u015ftir. Ancak sosyal haklar\u0131n hak haline gelmi\u015f olmas\u0131 e\u011fitim, sa\u011fl\u0131k, sosyal hizmetlerin e\u015fit da\u011f\u0131t\u0131ld\u0131\u011f\u0131 varsay\u0131m\u0131 \u00fczerinden hareket edilmesine yol a\u00e7m\u0131\u015ft\u0131r. Oysa ger\u00e7ekte durum b\u00f6yle de\u011fildir, sosyal haklar\u0131n e\u015fitsiz da\u011f\u0131l\u0131m\u0131 toplumsal ger\u00e7ekli\u011fin bir par\u00e7as\u0131d\u0131r ve k\u0131r-kent, kad\u0131n-erkek, \u00e7al\u0131\u015fan-\u00e7al\u0131\u015fmayan, makbul-makbul olmayan vatanda\u015f tan\u0131mlamalar\u0131 ile yak\u0131ndan ili\u015fkili olmu\u015ftur. Sosyal haklar\u0131n e\u015fitsiz da\u011f\u0131t\u0131m\u0131 sebebiyle baz\u0131 kesimler bu haklardan mahrum olduklar\u0131ndan \u201cortalama\u201d ile aras\u0131ndaki makas h\u0131zla a\u00e7\u0131lm\u0131\u015ft\u0131r. \u00c7al\u0131\u015fmada niteliksel ve niceliksel ara\u015ft\u0131rma y\u00f6ntemleri birlikte kullan\u0131lm\u0131\u015ft\u0131r. Her iki mahallede toplam 635 hanede 2685 ki\u015fiyi kapsayan anket uygulanm\u0131\u015f ayr\u0131ca 30 ki\u015fi ile derinlemesine g\u00f6r\u00fc\u015fmeler ger\u00e7ekle\u015ftirilmi\u015ftir. Sosyal haklar de\u011ferlendirilirken e\u011fitim, \u00e7al\u0131\u015fma hayat\u0131 ve bar\u0131nma dikkate al\u0131nm\u0131\u015f ve \u00e7al\u0131\u015fman\u0131n sonucunda Samsun ilinin en eski yerle\u015fik gruplar\u0131ndan olan Roman vatanda\u015flar\u0131n sosyal haklar a\u00e7\u0131s\u0131ndan alacakl\u0131 bir grup oldu\u011fu g\u00f6r\u00fclm\u00fc\u015ft\u00fcr. Bar\u0131nma, e\u011fitim ve istihdam alanlar\u0131nda ortalama ile aralar\u0131ndaki makas\u0131n olduk\u00e7a a\u00e7\u0131k oldu\u011fu ve sosyal d\u0131\u015flanma deneyimlemekte olduklar\u0131 tespit edilmi\u015ftir.<\/p>\n<p><strong>Anahtar Kelimeler:<\/strong> Romanlar, Samsun, Sosyal Haklar<\/p>\n<p><strong><a href=\"https:\/\/romanigodi.org\/wp-content\/uploads\/2022\/06\/ContentServer-2.pdf\" target=\"_blank\" rel=\"noopener\">Tamam\u0131n\u0131 okumak i\u00e7in t\u0131klay\u0131n\u0131z.<\/a><\/strong><\/p>\n<p><strong>Bu \u00e7al\u0131\u015fmada ge\u00e7en ifadeler \u00e7al\u0131\u015fmay\u0131 y\u00fcr\u00fcten yazar\u0131n kendisine aittir.<\/strong><\/p>\n","protected":false},"excerpt":{"rendered":"<p>Yaz\u0131n\u0131n Ad\u0131 : Samsun\u2019da Ya\u015fayan Romanlar: S\u0131n\u0131rl\u0131 Sosyal Hakla Ya\u015fam Kurma Yazar\u0131n Ad\u0131: Samsun&#8217;da Roman (\u00c7ingene) Vatanda\u015flar\u0131: S\u0131n\u0131rl\u0131 Sosyal Haklarla Ya\u015famak \u00d6zet Bu \u00e7al\u0131\u015fmada Samsun ili merkezinde iki mahallede ya\u015fayan Roman\/\u00c7ingene vatanda\u015flar\u0131n ya\u015fam deneyimleri derlenmektedir. Ge\u00e7ti\u011fimiz y\u00fczy\u0131l\u0131n ikinci yar\u0131s\u0131 ile birlikte tan\u0131\u015f\u0131lmaya ba\u015flanan \u201csosyal haklar\u201d, ulusal d\u00fczeyde zorunlu e\u011fitim, sa\u011fl\u0131k ve sosyal hizmetlerin herkese e\u015fit [&hellip;]<\/p>\n","protected":false},"author":1,"featured_media":604,"comment_status":"open","ping_status":"open","sticky":false,"template":"","format":"gallery","meta":{"footnotes":""},"categories":[22],"tags":[120,121,127],"class_list":["post-603","post","type-post","status-publish","format-gallery","has-post-thumbnail","hentry","category-onerilen-yayinlar","tag-romanlar","tag-samsun","tag-sosyal-haklar","post_format-post-format-gallery"],"_links":{"self":[{"href":"https:\/\/romanigodi.org\/index.php?rest_route=\/wp\/v2\/posts\/603","targetHints":{"allow":["GET"]}}],"collection":[{"href":"https:\/\/romanigodi.org\/index.php?rest_route=\/wp\/v2\/posts"}],"about":[{"href":"https:\/\/romanigodi.org\/index.php?rest_route=\/wp\/v2\/types\/post"}],"author":[{"embeddable":true,"href":"https:\/\/romanigodi.org\/index.php?rest_route=\/wp\/v2\/users\/1"}],"replies":[{"embeddable":true,"href":"https:\/\/romanigodi.org\/index.php?rest_route=%2Fwp%2Fv2%2Fcomments&post=603"}],"version-history":[{"count":1,"href":"https:\/\/romanigodi.org\/index.php?rest_route=\/wp\/v2\/posts\/603\/revisions"}],"predecessor-version":[{"id":3429,"href":"https:\/\/romanigodi.org\/index.php?rest_route=\/wp\/v2\/posts\/603\/revisions\/3429"}],"wp:featuredmedia":[{"embeddable":true,"href":"https:\/\/romanigodi.org\/index.php?rest_route=\/"}],"wp:attachment":[{"href":"https:\/\/romanigodi.org\/index.php?rest_route=%2Fwp%2Fv2%2Fmedia&parent=603"}],"wp:term":[{"taxonomy":"category","embeddable":true,"href":"https:\/\/romanigodi.org\/index.php?rest_route=%2Fwp%2Fv2%2Fcategories&post=603"},{"taxonomy":"post_tag","embeddable":true,"href":"https:\/\/romanigodi.org\/index.php?rest_route=%2Fwp%2Fv2%2Ftags&post=603"}],"curies":[{"name":"wp","href":"https:\/\/api.w.org\/{rel}","templated":true}]}}