{"id":606,"date":"2022-06-16T13:43:32","date_gmt":"2022-06-16T13:43:32","guid":{"rendered":"https:\/\/romanigodi.org\/?p=606"},"modified":"2025-11-21T10:07:15","modified_gmt":"2025-11-21T10:07:15","slug":"turkiyede-romanlara-yoneltilen-nefret-soyleminin-romanlar-tarafindan-algilanma-bicimi-roman-universite-ogrencileri-uzerine-nitel-bir-calisma","status":"publish","type":"post","link":"https:\/\/romanigodi.org\/?p=606","title":{"rendered":"T\u00fcrkiye\u2019de Romanlara Y\u00f6neltilen Nefret S\u00f6yleminin Romanlar Taraf\u0131ndan Alg\u0131lanma Bi\u00e7imi: Roman \u00dcniversite \u00d6\u011frencileri \u00dczerine Nitel Bir \u00c7al\u0131\u015fma"},"content":{"rendered":"<p><strong>Yaz\u0131n\u0131n Ad\u0131: <\/strong>T\u00fcrkiye\u2019de Romanlara Y\u00f6neltilen Nefret S\u00f6yleminin Romanlar Taraf\u0131ndan Alg\u0131lanma Bi\u00e7imi: Roman \u00dcniversite \u00d6\u011frencileri \u00dczerine Nitel Bir \u00c7al\u0131\u015fma<\/p>\n<p><strong>Yazar\u0131n Ad\u0131: <\/strong>Nuray Y\u0131lmaz Sert ,\u00a0 \u015e\u00fcheda Burcu Turhan<\/p>\n<p><strong>\u00d6zet<\/strong><\/p>\n<p>T\u00fcrkiye\u2019de Romanlar, etnik k\u00f6kenleri ve k\u00fclt\u00fcrel kimliklerinden dolay\u0131 nefret s\u00f6ylemine en \u00e7ok maruz kalan az\u0131nl\u0131k gruplardan birini olu\u015fturmaktad\u0131r. Bu ara\u015ft\u0131rman\u0131n amac\u0131 T\u00fcrkiye\u2019de Romanlara y\u00f6nelik nefret s\u00f6yleminin Romanlar taraf\u0131ndan alg\u0131lanma bi\u00e7imini ortaya koymak, bu s\u00f6ylemin hangi unsurlar \u00fczerinden \u00fcretildi\u011fini belirlemektir. Ara\u015ft\u0131rma y\u00f6ntemi olarak Roman \u00fcniversite \u00f6\u011frencileriyle odak grup \u00e7al\u0131\u015fmas\u0131 ger\u00e7ekle\u015ftirilmi\u015ftir. Bu \u00e7al\u0131\u015fmadan elde edilen veriler; Romanlara y\u00f6nelik nefret s\u00f6yleminin \u00fcretildi\u011fi unsurlar olarak saptanan alt\u0131 ayr\u0131 ba\u015fl\u0131k alt\u0131nda kategorize edilip de\u011ferlendirilmi\u015ftir. Yap\u0131lan bu de\u011ferlendirmenin sonucu; T\u00fcrkiye\u2019de Romanlar\u0131n nefret s\u00f6ylemine maruz kald\u0131klar\u0131, bunun farkl\u0131 unsurlar \u00fczerinden \u00fcretildi\u011fi ve kapsam\u0131n\u0131n olduk\u00e7a geni\u015f oldu\u011fu ortaya konulmu\u015ftur. Ayr\u0131ca gerek sosyal ya\u015fam olsun gerek e\u011fitim ve \u00e7al\u0131\u015fma hayat\u0131 olsun toplumun her alan\u0131nda damgalanma, ayr\u0131mc\u0131l\u0131k ve sosyal d\u0131\u015flanma ya\u015fad\u0131klar\u0131, medyan\u0131n da Romanlara ili\u015fkin i\u00e7eriklerinde toplumdaki nefret s\u00f6ylemini peki\u015ftirici bir rol oynad\u0131\u011f\u0131 belirlenmi\u015ftir.<\/p>\n<p><strong>Anahtar Kelimeler:<\/strong> Nefret S\u00f6ylemi, Ayr\u0131mc\u0131l\u0131k, Romanlar<\/p>\n<p><strong><a href=\"https:\/\/romanigodi.org\/wp-content\/uploads\/2022\/06\/ContentServer.pdf\" target=\"_blank\" rel=\"noopener\">Tamam\u0131n\u0131 okumak i\u00e7in t\u0131klay\u0131n\u0131z.<\/a><\/strong><\/p>\n<p><strong>Bu \u00e7al\u0131\u015fmada ge\u00e7en ifadeler \u00e7al\u0131\u015fmay\u0131 y\u00fcr\u00fcten yazar\u0131n kendisine aittir.<\/strong><\/p>\n","protected":false},"excerpt":{"rendered":"<p>Yaz\u0131n\u0131n Ad\u0131: T\u00fcrkiye\u2019de Romanlara Y\u00f6neltilen Nefret S\u00f6yleminin Romanlar Taraf\u0131ndan Alg\u0131lanma Bi\u00e7imi: Roman \u00dcniversite \u00d6\u011frencileri \u00dczerine Nitel Bir \u00c7al\u0131\u015fma Yazar\u0131n Ad\u0131: Nuray Y\u0131lmaz Sert ,\u00a0 \u015e\u00fcheda Burcu Turhan \u00d6zet T\u00fcrkiye\u2019de Romanlar, etnik k\u00f6kenleri ve k\u00fclt\u00fcrel kimliklerinden dolay\u0131 nefret s\u00f6ylemine en \u00e7ok maruz kalan az\u0131nl\u0131k gruplardan birini olu\u015fturmaktad\u0131r. Bu ara\u015ft\u0131rman\u0131n amac\u0131 T\u00fcrkiye\u2019de Romanlara y\u00f6nelik nefret s\u00f6yleminin Romanlar [&hellip;]<\/p>\n","protected":false},"author":1,"featured_media":607,"comment_status":"open","ping_status":"open","sticky":false,"template":"","format":"quote","meta":{"footnotes":""},"categories":[22],"tags":[54,102,120],"class_list":["post-606","post","type-post","status-publish","format-quote","has-post-thumbnail","hentry","category-onerilen-yayinlar","tag-ayrimcilik","tag-nefret-soylemi","tag-romanlar","post_format-post-format-quote"],"_links":{"self":[{"href":"https:\/\/romanigodi.org\/index.php?rest_route=\/wp\/v2\/posts\/606","targetHints":{"allow":["GET"]}}],"collection":[{"href":"https:\/\/romanigodi.org\/index.php?rest_route=\/wp\/v2\/posts"}],"about":[{"href":"https:\/\/romanigodi.org\/index.php?rest_route=\/wp\/v2\/types\/post"}],"author":[{"embeddable":true,"href":"https:\/\/romanigodi.org\/index.php?rest_route=\/wp\/v2\/users\/1"}],"replies":[{"embeddable":true,"href":"https:\/\/romanigodi.org\/index.php?rest_route=%2Fwp%2Fv2%2Fcomments&post=606"}],"version-history":[{"count":1,"href":"https:\/\/romanigodi.org\/index.php?rest_route=\/wp\/v2\/posts\/606\/revisions"}],"predecessor-version":[{"id":3430,"href":"https:\/\/romanigodi.org\/index.php?rest_route=\/wp\/v2\/posts\/606\/revisions\/3430"}],"wp:featuredmedia":[{"embeddable":true,"href":"https:\/\/romanigodi.org\/index.php?rest_route=\/"}],"wp:attachment":[{"href":"https:\/\/romanigodi.org\/index.php?rest_route=%2Fwp%2Fv2%2Fmedia&parent=606"}],"wp:term":[{"taxonomy":"category","embeddable":true,"href":"https:\/\/romanigodi.org\/index.php?rest_route=%2Fwp%2Fv2%2Fcategories&post=606"},{"taxonomy":"post_tag","embeddable":true,"href":"https:\/\/romanigodi.org\/index.php?rest_route=%2Fwp%2Fv2%2Ftags&post=606"}],"curies":[{"name":"wp","href":"https:\/\/api.w.org\/{rel}","templated":true}]}}