{"id":610,"date":"2022-06-16T13:49:50","date_gmt":"2022-06-16T13:49:50","guid":{"rendered":"https:\/\/romanigodi.org\/?p=610"},"modified":"2025-11-21T10:07:38","modified_gmt":"2025-11-21T10:07:38","slug":"ilerleme-raporlari-1998-2013-isiginda-turkiyede-roman-haklarinin-gelisimi","status":"publish","type":"post","link":"https:\/\/romanigodi.org\/?p=610","title":{"rendered":"\u0130lerleme Raporlar\u0131 (1998\u20132013) I\u015f\u0131\u011f\u0131nda T\u00fcrkiye\u2019de Roman Haklar\u0131n\u0131n Geli\u015fimi"},"content":{"rendered":"<p><strong>Yaz\u0131n\u0131n Ad\u0131<\/strong>: \u0130lerleme Raporlar\u0131 (1998\u20132013) I\u015f\u0131\u011f\u0131nda T\u00fcrkiye&#8217;de Roman Haklar\u0131n\u0131n Geli\u015fimi<\/p>\n<p><strong>Yazar: <\/strong>Duru \u015eahyar Akdemir\u00a0<strong><br \/>\n<\/strong><\/p>\n<p><strong>\u00d6zet:<\/strong><\/p>\n<p>T\u00fcrkiye bug\u00fcnk\u00fc ad\u0131yla Avrupa Birli\u011fi\u2019ne (AB) o zamanki ad\u0131yla Avrupa Ekonomik Toplulu\u011fu\u2019na (AET) 31 Temmuz 1959\u2019da ba\u015fvurmu\u015ftur. Taraflar aras\u0131ndaki ili\u015fkinin hukuki zeminini ise 12 Eyl\u00fcl 1963\u2019te imzalanan Ankara Antla\u015fmas\u0131 olu\u015fturmu\u015ftur. T\u00fcrkiye 14 Nisan 1987\u2019de Avrupa Toplulu\u011fu\u2019na (AT) \u00fcyelik ba\u015fvurusunda bulunmu\u015ftur. T\u00fcrkiye 1999 y\u0131l\u0131nda Helsinki\u2019de yap\u0131lan AB Zirvesi\u2019nde adayl\u0131k stat\u00fcs\u00fc elde etmi\u015ftir. Br\u00fcksel\u2019de, 16-17 Aral\u0131k 2004\u2019te yap\u0131lan AB Zirvesi\u2019nde ise T\u00fcrkiye ile m\u00fczakerelerin 3 Ekim 2005\u2019te ba\u015flat\u0131lmas\u0131 kararla\u015ft\u0131r\u0131lm\u0131\u015ft\u0131r. \u00d6te yandan ilerleme raporlar\u0131 her aday \u00fclke i\u00e7in haz\u0131rlanan ve aday \u00fclkelerin Kopenhag Kriterleri ba\u011flam\u0131nda de\u011ferlendirmesini yapan raporlard\u0131r. 1998 y\u0131l\u0131ndan beri Avrupa Komisyonu taraf\u0131ndan aday \u00fclkelerdeki geli\u015fmeleri de\u011ferlendirmek i\u00e7in haz\u0131rlanan bu raporlar, bir\u00e7ok alanda oldu\u011fu gibi insan haklar\u0131 alan\u0131nda da de\u011ferlendirme yapabilmek i\u00e7in olduk\u00e7a \u00f6nemli analizlerde bulunmaktad\u0131r. S\u00f6z konusu bu raporlarda Roman Haklar\u0131 ve Romanlar\u0131n sorunlar\u0131 konular\u0131 Avrupa Birli\u011fi ve aday \u00fclkeler aras\u0131ndaki ili\u015fkilerde \u00f6nemli bir g\u00fcndem maddesi haline gelmi\u015ftir. Bu \u00e7er\u00e7evede bu \u00e7al\u0131\u015fmada, Avrupa Komisyonu taraf\u0131ndan T\u00fcrkiye i\u00e7in haz\u0131rlanan \u0130lerleme Raporlar\u0131 Roman haklar\u0131 \u00f6zelinde incelenecektir. Bu inceleme do\u011frultusunda T\u00fcrkiye\u2019de Roman haklar\u0131n\u0131n geli\u015fimi de\u011ferlendirilecektir.<\/p>\n<p><strong>Anahtar Kelimeler:<\/strong> \u0130nsan Haklar\u0131, Roman Haklar\u0131, \u0130lerleme raporlar\u0131, Avrupa Birli\u011fi<\/p>\n<p><strong><a href=\"https:\/\/romanigodi.org\/wp-content\/uploads\/2022\/06\/ContentServer-3.pdf\" target=\"_blank\" rel=\"noopener\">Tamam\u0131n\u0131 okumak i\u00e7in t\u0131klay\u0131n\u0131z.<\/a><\/strong><\/p>\n<p><strong>Bu \u00e7al\u0131\u015fmada ge\u00e7en ifadeler \u00e7al\u0131\u015fmay\u0131 y\u00fcr\u00fcten yazar\u0131n kendisine aittir.<\/strong><\/p>\n","protected":false},"excerpt":{"rendered":"<p>Yaz\u0131n\u0131n Ad\u0131: \u0130lerleme Raporlar\u0131 (1998\u20132013) I\u015f\u0131\u011f\u0131nda T\u00fcrkiye&#8217;de Roman Haklar\u0131n\u0131n Geli\u015fimi Yazar: Duru \u015eahyar Akdemir\u00a0 \u00d6zet: T\u00fcrkiye bug\u00fcnk\u00fc ad\u0131yla Avrupa Birli\u011fi\u2019ne (AB) o zamanki ad\u0131yla Avrupa Ekonomik Toplulu\u011fu\u2019na (AET) 31 Temmuz 1959\u2019da ba\u015fvurmu\u015ftur. Taraflar aras\u0131ndaki ili\u015fkinin hukuki zeminini ise 12 Eyl\u00fcl 1963\u2019te imzalanan Ankara Antla\u015fmas\u0131 olu\u015fturmu\u015ftur. T\u00fcrkiye 14 Nisan 1987\u2019de Avrupa Toplulu\u011fu\u2019na (AT) \u00fcyelik ba\u015fvurusunda bulunmu\u015ftur. [&hellip;]<\/p>\n","protected":false},"author":1,"featured_media":611,"comment_status":"open","ping_status":"open","sticky":false,"template":"","format":"standard","meta":{"footnotes":""},"categories":[22],"tags":[52,85,87,114],"class_list":["post-610","post","type-post","status-publish","format-standard","has-post-thumbnail","hentry","category-onerilen-yayinlar","tag-avrupa-birligi","tag-ilerleme-raporlari","tag-insan-haklari","tag-roman-haklari"],"_links":{"self":[{"href":"https:\/\/romanigodi.org\/index.php?rest_route=\/wp\/v2\/posts\/610","targetHints":{"allow":["GET"]}}],"collection":[{"href":"https:\/\/romanigodi.org\/index.php?rest_route=\/wp\/v2\/posts"}],"about":[{"href":"https:\/\/romanigodi.org\/index.php?rest_route=\/wp\/v2\/types\/post"}],"author":[{"embeddable":true,"href":"https:\/\/romanigodi.org\/index.php?rest_route=\/wp\/v2\/users\/1"}],"replies":[{"embeddable":true,"href":"https:\/\/romanigodi.org\/index.php?rest_route=%2Fwp%2Fv2%2Fcomments&post=610"}],"version-history":[{"count":1,"href":"https:\/\/romanigodi.org\/index.php?rest_route=\/wp\/v2\/posts\/610\/revisions"}],"predecessor-version":[{"id":3431,"href":"https:\/\/romanigodi.org\/index.php?rest_route=\/wp\/v2\/posts\/610\/revisions\/3431"}],"wp:featuredmedia":[{"embeddable":true,"href":"https:\/\/romanigodi.org\/index.php?rest_route=\/"}],"wp:attachment":[{"href":"https:\/\/romanigodi.org\/index.php?rest_route=%2Fwp%2Fv2%2Fmedia&parent=610"}],"wp:term":[{"taxonomy":"category","embeddable":true,"href":"https:\/\/romanigodi.org\/index.php?rest_route=%2Fwp%2Fv2%2Fcategories&post=610"},{"taxonomy":"post_tag","embeddable":true,"href":"https:\/\/romanigodi.org\/index.php?rest_route=%2Fwp%2Fv2%2Ftags&post=610"}],"curies":[{"name":"wp","href":"https:\/\/api.w.org\/{rel}","templated":true}]}}