{"id":613,"date":"2022-06-16T13:55:45","date_gmt":"2022-06-16T13:55:45","guid":{"rendered":"https:\/\/romanigodi.org\/?p=613"},"modified":"2025-11-21T10:08:18","modified_gmt":"2025-11-21T10:08:18","slug":"turkiyede-romanlarin-durumu-turkiyede-calisma-ve-insana-yakisiris-kosullari-sorunlari","status":"publish","type":"post","link":"https:\/\/romanigodi.org\/?p=613","title":{"rendered":"T\u00fcrkiye\u2019de Romanlar\u0131n Durumu  T\u00fcrkiye\u2019de \u00c7al\u0131\u015fma ve \u0130nsana Yak\u0131\u015f\u0131r Ko\u015fullar\u0131 Sorunlar\u0131"},"content":{"rendered":"<p><strong>Yaz\u0131n\u0131n Ad\u0131: <\/strong>T\u00fcrkiye\u2019de Romanlar\u0131n Durumu T\u00fcrkiye\u2019de \u00c7al\u0131\u015fma ve \u0130nsana Yak\u0131\u015f\u0131r \u0130\u015f Ko\u015fullar\u0131 Sorunlar\u0131<\/p>\n<p><strong>Y\u00fcr\u00fct\u00fcc\u00fc Kurum:<\/strong> Bu rapor Fundaci\u00f3n Secretariado Gitano (FSG) taraf\u0131ndan Avrupa Roman Haklar\u0131 Merkezi<br \/>\n(ERRC) ve Edirne Roman Derne\u011fi ile i\u015fbirli\u011fi i\u00e7erisinde Avrupa Birli\u011fi, \u00c7al\u0131\u015fma ve Sosyal \u0130\u015fler<br \/>\nve F\u0131rsat E\u015fitli\u011fi Genel Direkt\u00f6rl\u00fc\u011f\u00fc ile tesis edilen bir hizmet s\u00f6zle\u015fmesi do\u011frultusunda<br \/>\nhaz\u0131rlanm\u0131\u015ft\u0131r.<\/p>\n<p><strong>\u00d6zet:<\/strong><\/p>\n<p>Bu \u00e7al\u0131\u015fma Avrupa Birli\u011fi \u00c7al\u0131\u015fma ve Sosyal Yard\u0131mla\u015fma Program\u0131 &#8211; PROGRESS taraf\u0131ndan desteklenmektedir (2007 \u2013 2013). Bu program Avrupa Birli\u011fi \u00c7al\u0131\u015fma ve Sosyal \u0130\u015fler ve F\u0131rsat E\u015fitli\u011fi Genel M\u00fcd\u00fcrl\u00fc\u011f\u00fc taraf\u0131ndan y\u00f6netilmektedir. Kurulu\u015f amac\u0131 Avrupa Birli\u011finin Sosyal G\u00fcndemi i\u00e7erisinde yer alan \u00e7al\u0131\u015fma ve sosyal i\u015fler alan\u0131ndaki hedeflerinin uygulamaya ge\u00e7irilmesini finansal olarak desteklemek olup, bu alanda Lizbon Stratejileri ama\u00e7lar\u0131n\u0131n yerine getirilmesine yard\u0131mc\u0131 olmakt\u0131r. Yedi y\u0131ll\u0131k program EU27, EFTA-EEA ve AB aday ile \u00f6n aday \u00fclkelerde uygun ve etkin \u00e7al\u0131\u015fma ve sosyal mevzuatlar ile politikalara \u015fekil verebilecek ve bunlar\u0131 geli\u015ftirebilecek t\u00fcm payda\u015flar\u0131 hedeflemektedir. PROGRESS\u2019in misyonu \u00dcye \u00dclkelerin taahh\u00fctlerinin ve \u00e7abalar\u0131n\u0131n AB taraf\u0131ndan desteklenerek g\u00fc\u00e7lendirilmesi, daha fazla ve daha iyi i\u015f olanaklar\u0131 ile birbirine daha ba\u011fl\u0131 bir toplum yaratmak amac\u0131na y\u00f6neliktir. Bu ba\u011flamda, \u0130LERLEME a\u015fa\u011f\u0131daki hususlara yard\u0131mc\u0131 olmaktad\u0131r:<\/p>\n<p>\u2022 PROGRESS politikalar\u0131 alan\u0131nda analiz ve politikalar\u0131n sunulmas\u0131;<\/p>\n<p>\u2022 PROGRESS i\u00e7erisinde yer alan politika alanlar\u0131nda AB mevzuat\u0131n\u0131n ve politikalar\u0131n\u0131n uygulamalar\u0131n\u0131n izlenmesi ve raporlanmas\u0131;<\/p>\n<p>\u2022 \u00dcye \u00dclkeler aras\u0131nda AB ama\u00e7 ve \u00f6ncelikleri konusunda politika transferlerini, edinim ve destekleri te\u015fvik etmek;<\/p>\n<p>\u2022 payda\u015flar\u0131n ve toplumun b\u00fcy\u00fck k\u0131sm\u0131na ait g\u00f6r\u00fc\u015flerin aktar\u0131lmas\u0131.<\/p>\n<p>Daha fazla bilgi edinmek i\u00e7in, l\u00fctfen http:\/\/ec.europa.eu\/employment_social\/progress\/index_en.html sayfas\u0131n\u0131 ziyaret edin.<\/p>\n<p><strong><a href=\"https:\/\/romanigodi.org\/wp-content\/uploads\/2022\/06\/turkey-understanding-employment-and-decent-work-challenges-in-turkey-december-2010-turkish.pdf\" target=\"_blank\" rel=\"noopener\">Tamam\u0131n\u0131 okumak i\u00e7in t\u0131klay\u0131n\u0131z.<\/a><\/strong><\/p>\n<p><strong>Bu \u00e7al\u0131\u015fmada ge\u00e7en ifadeler \u00e7al\u0131\u015fmay\u0131 y\u00fcr\u00fcten yazar\u0131n kendisine aittir.<\/strong><\/p>\n","protected":false},"excerpt":{"rendered":"<p>Yaz\u0131n\u0131n Ad\u0131: T\u00fcrkiye\u2019de Romanlar\u0131n Durumu T\u00fcrkiye\u2019de \u00c7al\u0131\u015fma ve \u0130nsana Yak\u0131\u015f\u0131r \u0130\u015f Ko\u015fullar\u0131 Sorunlar\u0131 Y\u00fcr\u00fct\u00fcc\u00fc Kurum: Bu rapor Fundaci\u00f3n Secretariado Gitano (FSG) taraf\u0131ndan Avrupa Roman Haklar\u0131 Merkezi (ERRC) ve Edirne Roman Derne\u011fi ile i\u015fbirli\u011fi i\u00e7erisinde Avrupa Birli\u011fi, \u00c7al\u0131\u015fma ve Sosyal \u0130\u015fler ve F\u0131rsat E\u015fitli\u011fi Genel Direkt\u00f6rl\u00fc\u011f\u00fc ile tesis edilen bir hizmet s\u00f6zle\u015fmesi do\u011frultusunda haz\u0131rlanm\u0131\u015ft\u0131r. \u00d6zet: Bu [&hellip;]<\/p>\n","protected":false},"author":1,"featured_media":615,"comment_status":"open","ping_status":"open","sticky":false,"template":"","format":"quote","meta":{"footnotes":""},"categories":[22],"tags":[],"class_list":["post-613","post","type-post","status-publish","format-quote","has-post-thumbnail","hentry","category-onerilen-yayinlar","post_format-post-format-quote"],"_links":{"self":[{"href":"https:\/\/romanigodi.org\/index.php?rest_route=\/wp\/v2\/posts\/613","targetHints":{"allow":["GET"]}}],"collection":[{"href":"https:\/\/romanigodi.org\/index.php?rest_route=\/wp\/v2\/posts"}],"about":[{"href":"https:\/\/romanigodi.org\/index.php?rest_route=\/wp\/v2\/types\/post"}],"author":[{"embeddable":true,"href":"https:\/\/romanigodi.org\/index.php?rest_route=\/wp\/v2\/users\/1"}],"replies":[{"embeddable":true,"href":"https:\/\/romanigodi.org\/index.php?rest_route=%2Fwp%2Fv2%2Fcomments&post=613"}],"version-history":[{"count":1,"href":"https:\/\/romanigodi.org\/index.php?rest_route=\/wp\/v2\/posts\/613\/revisions"}],"predecessor-version":[{"id":3432,"href":"https:\/\/romanigodi.org\/index.php?rest_route=\/wp\/v2\/posts\/613\/revisions\/3432"}],"wp:featuredmedia":[{"embeddable":true,"href":"https:\/\/romanigodi.org\/index.php?rest_route=\/"}],"wp:attachment":[{"href":"https:\/\/romanigodi.org\/index.php?rest_route=%2Fwp%2Fv2%2Fmedia&parent=613"}],"wp:term":[{"taxonomy":"category","embeddable":true,"href":"https:\/\/romanigodi.org\/index.php?rest_route=%2Fwp%2Fv2%2Fcategories&post=613"},{"taxonomy":"post_tag","embeddable":true,"href":"https:\/\/romanigodi.org\/index.php?rest_route=%2Fwp%2Fv2%2Ftags&post=613"}],"curies":[{"name":"wp","href":"https:\/\/api.w.org\/{rel}","templated":true}]}}