{"id":621,"date":"2022-06-16T14:04:50","date_gmt":"2022-06-16T14:04:50","guid":{"rendered":"https:\/\/romanigodi.org\/?p=621"},"modified":"2025-11-21T10:09:10","modified_gmt":"2025-11-21T10:09:10","slug":"kesisimsellik-yaklasimi-baglaminda-roman-kadinlarin-iktisadi-hayata-katilimi-izmir-ornegi","status":"publish","type":"post","link":"https:\/\/romanigodi.org\/?p=621","title":{"rendered":"Kesi\u015fimsellik Yakla\u015f\u0131m\u0131 Ba\u011flam\u0131nda Roman  Kad\u0131nlar\u0131n \u0130ktisadi Hayata Kat\u0131l\u0131m\u0131: \u0130zmir \u00d6rne\u011fi"},"content":{"rendered":"<p><strong>Yaz\u0131n\u0131n Ad\u0131: <\/strong>Kesi\u015fimsellik Yakla\u015f\u0131m\u0131 Ba\u011flam\u0131nda Roman\u00a0 Kad\u0131nlar\u0131n \u0130ktisadi Hayata Kat\u0131l\u0131m\u0131: \u0130zmir \u00d6rne\u011fi<\/p>\n<p><strong>Yazar\u0131:<\/strong> Fatma \u0130lknur AKG\u00dcL<\/p>\n<p><strong>\u00d6zet:<\/strong><\/p>\n<p>Bu \u00e7al\u0131\u015fman\u0131n amac\u0131 feminist persfektiften hareketle feminist literat\u00fcr i\u00e7inde geli\u015fmi\u015f olan kesi\u015fimsellik yakla\u015f\u0131m\u0131 ba\u011flam\u0131nda \u0130zmir\u2019de ya\u015fayan Roman kad\u0131nlar\u0131n iktisadi hayata kat\u0131l\u0131m s\u00fcrecini anlamaya \u00e7al\u0131\u015fmakt\u0131r. Konak, Kar\u015f\u0131yaka ve Bergama il\u00e7elerinde ya\u015fayan Roman kad\u0131nlar\u0131 \u00fczerinde ger\u00e7ekle\u015fen nitel \u00e7al\u0131\u015fmada Roman kad\u0131nlar\u0131n ya\u015fad\u0131\u011f\u0131 kimlik kaynakl\u0131 \u00e7oklu ezilme s\u00fcrecine odaklan\u0131lm\u0131\u015ft\u0131r. \u00c7al\u0131\u015fma bulgular\u0131na g\u00f6re Roman kad\u0131n\u0131n\u0131n iktisadi<br \/>\nya\u015fama kat\u0131lma deneyimi, kad\u0131nlar\u0131n farkl\u0131 \u0131rk, k\u00fclt\u00fcr, etnik k\u00f6ken, din ve s\u0131n\u0131f gibi kimliklerin kesi\u015fiminde ezildi\u011fini ileri s\u00fcren kesi\u015fimsellik yakla\u015f\u0131m\u0131n\u0131n iddias\u0131n\u0131 desteklemektedir. Farkl\u0131 kimliklere sahip olan kad\u0131n, toplumsal cinsiyet kimli\u011finin yan\u0131 s\u0131ra ta\u015f\u0131d\u0131\u011f\u0131 ba\u015fat kimli\u011finden dolay\u0131 da ezilmektedir. Ara\u015ft\u0131rmaya g\u00f6re \u0130zmir\u2019de ya\u015fayan Roman kad\u0131n\u0131, iktisadi ya\u015famda toplumsal cinsiyet kimli\u011finin yan\u0131 s\u0131ra ba\u015fat kimli\u011fi olan Roman aidiyetinden dolay\u0131 da ezilmekte, d\u0131\u015flanmakta ve ayr\u0131mc\u0131l\u0131\u011fa u\u011framaktad\u0131r.<br \/>\n<strong>Anahtar Kelimeler:<\/strong> Feminizm, Kesi\u015fimsellik, Roman Kad\u0131n, \u00c7oklu<br \/>\nKimlik, Ekonomik Kat\u0131l\u0131m.<strong>\u00a0<\/strong><\/p>\n<p><strong><a href=\"https:\/\/romanigodi.org\/wp-content\/uploads\/2022\/06\/ContentServer-1.pdf\" target=\"_blank\" rel=\"noopener\">Tamam\u0131n\u0131 okumak i\u00e7in t\u0131klay\u0131n\u0131z.<\/a><\/strong><\/p>\n<p><strong>Bu \u00e7al\u0131\u015fmada ge\u00e7en ifadeler \u00e7al\u0131\u015fmay\u0131 y\u00fcr\u00fcten yazar\u0131n kendisine aittir.<\/strong><\/p>\n","protected":false},"excerpt":{"rendered":"<p>Yaz\u0131n\u0131n Ad\u0131: Kesi\u015fimsellik Yakla\u015f\u0131m\u0131 Ba\u011flam\u0131nda Roman\u00a0 Kad\u0131nlar\u0131n \u0130ktisadi Hayata Kat\u0131l\u0131m\u0131: \u0130zmir \u00d6rne\u011fi Yazar\u0131: Fatma \u0130lknur AKG\u00dcL \u00d6zet: Bu \u00e7al\u0131\u015fman\u0131n amac\u0131 feminist persfektiften hareketle feminist literat\u00fcr i\u00e7inde geli\u015fmi\u015f olan kesi\u015fimsellik yakla\u015f\u0131m\u0131 ba\u011flam\u0131nda \u0130zmir\u2019de ya\u015fayan Roman kad\u0131nlar\u0131n iktisadi hayata kat\u0131l\u0131m s\u00fcrecini anlamaya \u00e7al\u0131\u015fmakt\u0131r. Konak, Kar\u015f\u0131yaka ve Bergama il\u00e7elerinde ya\u015fayan Roman kad\u0131nlar\u0131 \u00fczerinde ger\u00e7ekle\u015fen nitel \u00e7al\u0131\u015fmada Roman kad\u0131nlar\u0131n [&hellip;]<\/p>\n","protected":false},"author":1,"featured_media":622,"comment_status":"open","ping_status":"open","sticky":false,"template":"","format":"quote","meta":{"footnotes":""},"categories":[22],"tags":[61,73,76,94,115],"class_list":["post-621","post","type-post","status-publish","format-quote","has-post-thumbnail","hentry","category-onerilen-yayinlar","tag-coklu-kimlik","tag-ekonomik-katilim","tag-feminizm","tag-kesisimsellik","tag-roman-kadin","post_format-post-format-quote"],"_links":{"self":[{"href":"https:\/\/romanigodi.org\/index.php?rest_route=\/wp\/v2\/posts\/621","targetHints":{"allow":["GET"]}}],"collection":[{"href":"https:\/\/romanigodi.org\/index.php?rest_route=\/wp\/v2\/posts"}],"about":[{"href":"https:\/\/romanigodi.org\/index.php?rest_route=\/wp\/v2\/types\/post"}],"author":[{"embeddable":true,"href":"https:\/\/romanigodi.org\/index.php?rest_route=\/wp\/v2\/users\/1"}],"replies":[{"embeddable":true,"href":"https:\/\/romanigodi.org\/index.php?rest_route=%2Fwp%2Fv2%2Fcomments&post=621"}],"version-history":[{"count":1,"href":"https:\/\/romanigodi.org\/index.php?rest_route=\/wp\/v2\/posts\/621\/revisions"}],"predecessor-version":[{"id":3434,"href":"https:\/\/romanigodi.org\/index.php?rest_route=\/wp\/v2\/posts\/621\/revisions\/3434"}],"wp:featuredmedia":[{"embeddable":true,"href":"https:\/\/romanigodi.org\/index.php?rest_route=\/"}],"wp:attachment":[{"href":"https:\/\/romanigodi.org\/index.php?rest_route=%2Fwp%2Fv2%2Fmedia&parent=621"}],"wp:term":[{"taxonomy":"category","embeddable":true,"href":"https:\/\/romanigodi.org\/index.php?rest_route=%2Fwp%2Fv2%2Fcategories&post=621"},{"taxonomy":"post_tag","embeddable":true,"href":"https:\/\/romanigodi.org\/index.php?rest_route=%2Fwp%2Fv2%2Ftags&post=621"}],"curies":[{"name":"wp","href":"https:\/\/api.w.org\/{rel}","templated":true}]}}