{"id":742,"date":"2022-07-23T00:09:59","date_gmt":"2022-07-23T00:09:59","guid":{"rendered":"https:\/\/romanigodi.org\/?p=742"},"modified":"2025-11-21T10:10:11","modified_gmt":"2025-11-21T10:10:11","slug":"yabanci-cingenelerin-turkiyeye-giris-ikamet-seyahat-ozgurlukleri-ile-turkiyeden-sinir-disi-edilmeleri","status":"publish","type":"post","link":"https:\/\/romanigodi.org\/?p=742","title":{"rendered":"Yabanc\u0131 \u00c7ingenelerin T\u00fcrkiye\u2019ye Giri\u015f, \u0130kamet, Seyahat \u00d6zg\u00fcrl\u00fckleri \u0130le T\u00fcrkiye\u2019den S\u0131n\u0131r D\u0131\u015f\u0131 Edilmeleri"},"content":{"rendered":"<p style=\"text-align: left;\"><strong>Yaz\u0131n\u0131n Ad\u0131: <\/strong>Yabanc\u0131 \u00c7ingenelerin T\u00fcrkiye\u2019ye Giri\u015f, \u0130kamet, Seyahat \u00d6zg\u00fcrl\u00fckleri \u0130le T\u00fcrkiye\u2019den S\u0131n\u0131r D\u0131\u015f\u0131 Edilmeleri<\/p>\n<p><strong>Yazar\u0131n Ad\u0131: <\/strong>Do\u011fa Aydo\u011fan<\/p>\n<p><strong>\u00d6zet:<\/strong><\/p>\n<p>Bu \u00e7al\u0131\u015fmada, yabanc\u0131lar\u0131n \u00fclkeye giri\u015fleri, hareket ve ikamet serbestisi ve yabanc\u0131lar hukukunun s\u0131n\u0131r d\u0131\u015f\u0131 edilmesi ile \u201cyabanc\u0131 \u00e7ingeneler\u201din ilgili haklara g\u00f6re durumunun i\u00e7 hukuk ve uluslararas\u0131 hukuk a\u00e7\u0131s\u0131ndan incelenmesi ve \u00e7\u00f6z\u00fcm \u00f6nerilerinin bulunmas\u0131 ama\u00e7lanmaktad\u0131r. G\u00fcncel problemler. \u00c7ingeneler, gerek g\u00f6\u00e7ebe bir hayat s\u00fcrmeleri gerekse aile i\u00e7i ili\u015fkileri ya da zaman ve mekan kavramlar\u0131n\u0131n farkl\u0131 olmas\u0131 nedeniyle bask\u0131 ve ayr\u0131mc\u0131l\u0131k politikalar\u0131na maruz kalm\u0131\u015flard\u0131r. Sadece sivil toplum kurulu\u015flar\u0131 taraf\u0131ndan de\u011fil, uluslararas\u0131 kurum ve komisyonlar taraf\u0131ndan da \u00e7ingenelere y\u00f6nelik ara\u015ft\u0131rma \u00e7al\u0131\u015fmalar\u0131n\u0131n yap\u0131ld\u0131\u011f\u0131 g\u00f6zlemlenmi\u015ftir. Yap\u0131lan ara\u015ft\u0131rmalar son d\u00f6nemde \u00f6zellikle Avrupa \u00fclkelerini olumlu etkilemi\u015ftir. T\u00fcrkiye&#8217;ye y\u00f6nelik olumsuz ele\u015ftiriler gerek ulusal platformlarda gerekse uluslararas\u0131 \u00f6l\u00e7ekte \u00c7ingene kar\u015f\u0131tlar\u0131 raporlar\u0131nda artmaktad\u0131r. Ulusal ve uluslararas\u0131 platformlarda T\u00fcrkiye&#8217;ye y\u00f6nelik olumsuz ele\u015ftirilere kar\u015f\u0131 yabanc\u0131 \u00e7ingenelerin T\u00fcrkiye&#8217;ye giri\u015fleri, hareket ve ikamet \u00f6zg\u00fcrl\u00fckleri ve \u00fclkeden s\u0131n\u0131r d\u0131\u015f\u0131 edilmelerinin ara\u015ft\u0131r\u0131lmas\u0131 istenmi\u015ftir. Bu ara\u015ft\u0131rma alan\u0131 \u00f6zellikle \u201cyabanc\u0131 \u00e7ingenelerin\u201d T\u00fcrkiye&#8217;ye giri\u015fleri, serbest dola\u015f\u0131m ve ikamet serbestlikleri ve yabanc\u0131lar hukuku alan\u0131nda i\u00e7 hukukumuzda \u00e7ingenelere y\u00f6nelik d\u00fczenlemeler nedeniyle \u00fclkeden s\u0131n\u0131r d\u0131\u015f\u0131 edilmeleridir. Buna g\u00f6re \u00e7al\u0131\u015fman\u0131n birinci b\u00f6l\u00fcm\u00fcnde \u201cyabanc\u0131 149 \u00e7ingene\u201d kavram\u0131n\u0131n a\u00e7\u0131klanmas\u0131 ama\u00e7lanmaktad\u0131r. Bu b\u00f6l\u00fcmde \u00f6zellikle genel olarak \u201cyabanc\u0131\u201d kavram\u0131n\u0131 arad\u0131k. Daha sonra \u201c\u00e7ingeneler\u201d, \u00f6zellikle Avrupa ve T\u00fcrkiye&#8217;de ya\u015fayan \u00e7ingeneler olmak \u00fczere tarihi, sosyal ve k\u00fclt\u00fcrel y\u00f6nleriyle anlat\u0131lmaya \u00e7al\u0131\u015f\u0131lm\u0131\u015ft\u0131r. \u00c7al\u0131\u015fman\u0131n ikinci b\u00f6l\u00fcm\u00fcnde, \u00f6zellikle \u201cyabanc\u0131 \u00e7ingenelerin\u201d \u00fclkeye giri\u015fleri, hareket ve ikamet \u00f6zg\u00fcrl\u00fckleri ile \u00fclkeden s\u0131n\u0131r d\u0131\u015f\u0131 edilmeleri, temel hak ve \u00f6zg\u00fcrl\u00fckler ve insan haklar\u0131 a\u00e7\u0131s\u0131ndan kar\u015f\u0131la\u015f\u0131lan sorunlar ara\u015ft\u0131r\u0131ld\u0131ktan sonra, g\u00fcn\u00fcm\u00fczde ele al\u0131nm\u0131\u015ft\u0131r. Daha sonraki b\u00f6l\u00fcmlerde, \u00c7ingenelerin \u00fclkeye giri\u015fleri, ikamet ve hareket serbestisi ve \u00fclkeden \u00e7\u0131kar\u0131lmalar\u0131 ile ilgili \u00f6zel d\u00fczenlemeler, uluslararas\u0131 hukukun temel ilkeleri, uluslararas\u0131 s\u00f6zle\u015fme ve anla\u015fmalar, anayasal hak ve \u00f6zg\u00fcrl\u00fckler ile i\u00e7 hukuka uygunluk konular\u0131na yer verilmi\u015ftir. ara\u015ft\u0131r\u0131ld\u0131. \u00c7al\u0131\u015fman\u0131n son b\u00f6l\u00fcm\u00fcnde ise i\u00e7 hukukta yer alan \u201cyabanc\u0131 \u00e7ingeneler\u201de y\u00f6nelik \u00f6zel d\u00fczenlemelerin uluslararas\u0131 hukuka ve nihai sonu\u00e7 olarak anayasal haklara itiraz\u0131 noktas\u0131nda tespit edilen sorunlara \u00e7\u00f6z\u00fcm \u00f6nerileri yer almaktad\u0131r.<\/p>\n<p><a href=\"https:\/\/dspace.ankara.edu.tr\/xmlui\/bitstream\/handle\/20.500.12575\/28016\/1961.pdf?sequence=1&amp;isAllowed=y\"><strong>Tamam\u0131n\u0131 \u0130ndirmek \u0130\u00e7in T\u0131klay\u0131n\u0131z<\/strong><\/a><\/p>\n<p><strong>Bu \u00e7al\u0131\u015fmada ge\u00e7en ifadeler \u00e7al\u0131\u015fmay\u0131 y\u00fcr\u00fcten yazar\u0131n kendisine aittir.<\/strong><\/p>\n","protected":false},"excerpt":{"rendered":"<p>Yaz\u0131n\u0131n Ad\u0131: Yabanc\u0131 \u00c7ingenelerin T\u00fcrkiye\u2019ye Giri\u015f, \u0130kamet, Seyahat \u00d6zg\u00fcrl\u00fckleri \u0130le T\u00fcrkiye\u2019den S\u0131n\u0131r D\u0131\u015f\u0131 Edilmeleri Yazar\u0131n Ad\u0131: Do\u011fa Aydo\u011fan \u00d6zet: Bu \u00e7al\u0131\u015fmada, yabanc\u0131lar\u0131n \u00fclkeye giri\u015fleri, hareket ve ikamet serbestisi ve yabanc\u0131lar hukukunun s\u0131n\u0131r d\u0131\u015f\u0131 edilmesi ile \u201cyabanc\u0131 \u00e7ingeneler\u201din ilgili haklara g\u00f6re durumunun i\u00e7 hukuk ve uluslararas\u0131 hukuk a\u00e7\u0131s\u0131ndan incelenmesi ve \u00e7\u00f6z\u00fcm \u00f6nerilerinin bulunmas\u0131 ama\u00e7lanmaktad\u0131r. G\u00fcncel problemler. [&hellip;]<\/p>\n","protected":false},"author":1,"featured_media":763,"comment_status":"open","ping_status":"open","sticky":false,"template":"","format":"quote","meta":{"footnotes":""},"categories":[22,34],"tags":[],"class_list":["post-742","post","type-post","status-publish","format-quote","has-post-thumbnail","hentry","category-onerilen-yayinlar","category-tarih","post_format-post-format-quote"],"_links":{"self":[{"href":"https:\/\/romanigodi.org\/index.php?rest_route=\/wp\/v2\/posts\/742","targetHints":{"allow":["GET"]}}],"collection":[{"href":"https:\/\/romanigodi.org\/index.php?rest_route=\/wp\/v2\/posts"}],"about":[{"href":"https:\/\/romanigodi.org\/index.php?rest_route=\/wp\/v2\/types\/post"}],"author":[{"embeddable":true,"href":"https:\/\/romanigodi.org\/index.php?rest_route=\/wp\/v2\/users\/1"}],"replies":[{"embeddable":true,"href":"https:\/\/romanigodi.org\/index.php?rest_route=%2Fwp%2Fv2%2Fcomments&post=742"}],"version-history":[{"count":1,"href":"https:\/\/romanigodi.org\/index.php?rest_route=\/wp\/v2\/posts\/742\/revisions"}],"predecessor-version":[{"id":3436,"href":"https:\/\/romanigodi.org\/index.php?rest_route=\/wp\/v2\/posts\/742\/revisions\/3436"}],"wp:featuredmedia":[{"embeddable":true,"href":"https:\/\/romanigodi.org\/index.php?rest_route=\/"}],"wp:attachment":[{"href":"https:\/\/romanigodi.org\/index.php?rest_route=%2Fwp%2Fv2%2Fmedia&parent=742"}],"wp:term":[{"taxonomy":"category","embeddable":true,"href":"https:\/\/romanigodi.org\/index.php?rest_route=%2Fwp%2Fv2%2Fcategories&post=742"},{"taxonomy":"post_tag","embeddable":true,"href":"https:\/\/romanigodi.org\/index.php?rest_route=%2Fwp%2Fv2%2Ftags&post=742"}],"curies":[{"name":"wp","href":"https:\/\/api.w.org\/{rel}","templated":true}]}}