{"id":754,"date":"2022-07-23T00:40:52","date_gmt":"2022-07-23T00:40:52","guid":{"rendered":"https:\/\/romanigodi.org\/?p=754"},"modified":"2025-11-21T10:11:17","modified_gmt":"2025-11-21T10:11:17","slug":"turkiyede-yasayan-romanlarin-egitim-hakkinin-avrupa-birligi-ve-sosyal-politika-acisindan-degerlendirilmesi-2","status":"publish","type":"post","link":"https:\/\/romanigodi.org\/?p=754","title":{"rendered":"T\u00fcrkiye\u2019de Ya\u015fayan Romanlar\u0131n E\u011fitim Hakk\u0131n\u0131n Avrupa Birli\u011fi ve Sosyal Politika A\u00e7\u0131s\u0131ndan De\u011ferlendirilmesi"},"content":{"rendered":"<p><strong>Yaz\u0131n\u0131n Ad\u0131:<\/strong>\u00a0 T\u00fcrkiye\u2019de Ya\u015fayan Romanlar\u0131n E\u011fitim Hakk\u0131n\u0131n Avrupa Birli\u011fi ve Sosyal Politika A\u00e7\u0131s\u0131ndan De\u011ferlendirilmesi<\/p>\n<p><strong>Yazar\u0131n Ad\u0131:\u00a0 <\/strong>Selminaz ADIG\u00dcZEL<\/p>\n<p><strong>\u00d6zet:<\/strong><\/p>\n<p>Bu \u00e7al\u0131\u015fmada T\u00fcrkiye\u2019de ya\u015fayan Romanlar\u0131n e\u011fitim hakk\u0131, sosyal politika, Avrupa Birli\u011fi ve T\u00fcrk Hukukundaki d\u00fczenlemeler \u00e7er\u00e7evesinde incelenmi\u015ftir. Kamu yarar\u0131 g\u00f6zetilerek devlet eliyle y\u00fcr\u00fct\u00fclmesi gereken sa\u011fl\u0131k, e\u011fitim bay\u0131nd\u0131rl\u0131k gibi faaliyetler, sosyal politik olarak isimlendirilir. Demokratik, siyasi y\u00f6nden geli\u015fmi\u015f \u00fclkeler, bu hizmeti, verirken, sivil toplum \u00f6rg\u00fctleri, \u00fcniversiteler, sosyal \u00f6rg\u00fctlerden destek al\u0131rlar. Ancak toplumun i\u00e7erisinde vatanda\u015flar\u0131n d\u0131\u015f\u0131nda, o toplumda ya\u015fayan g\u00f6\u00e7men, az\u0131nl\u0131k gibi insanlar\u0131n temel ihtiya\u00e7lar\u0131n\u0131n, e\u011fitim, sa\u011fl\u0131k, hizmetlerinin verilmesi sosyal hukuk devletinin sorumlulu\u011fundad\u0131r. Yerel y\u00f6netimler, k\u00e2r amac\u0131 g\u00fctmeyen kurulu\u015flar, sosyal faaliyetleri ve sosyal politikalar\u0131 destekleyici niteliktedir. Bu politikalar, sivil toplum kurulu\u015flar\u0131 gibi politikay\u0131 \u00fcreten kurumlar taraf\u0131ndan yap\u0131labilece\u011fi gibi devlet taraf\u0131ndan da yap\u0131labilmektedir ancak s\u0131n\u0131rlar\u0131 yine yasal mevzuat ve hukuk kurallar\u0131n\u0131n \u00e7izdi\u011fi s\u0131n\u0131rlard\u0131r. Literat\u00fcr taramas\u0131na dayal\u0131 ger\u00e7ekle\u015ftirilen bu ara\u015ft\u0131rmada T\u00fcrkiye\u2019de ya\u015fayan Romanlar\u0131n e\u011fitimi ve e\u011fitim hakk\u0131 kavramlar\u0131n\u0131n ne anlama geldi\u011fi ifade edilmi\u015f, sosyal politikalar ve uluslararas\u0131 d\u00fczenlemeler \u00e7er\u00e7evesinde konu ele al\u0131nm\u0131\u015ft\u0131r.<\/p>\n<p><strong>Anahtar Kelimeler:<\/strong> \u0130nsan Haklar\u0131, E\u011fitim Hakk\u0131, Az\u0131nl\u0131klar, Avrupa \u0130nsan Haklar\u0131 Mahkemesi.<\/p>\n<p><a href=\"https:\/\/dergipark.org.tr\/tr\/download\/article-file\/1028626\"><strong>Tamam\u0131n\u0131 \u0130ndirmek \u0130\u00e7in T\u0131klay\u0131n\u0131z.<\/strong><\/a><\/p>\n<p><strong>Bu \u00e7al\u0131\u015fmada ge\u00e7en ifadeler \u00e7al\u0131\u015fmay\u0131 y\u00fcr\u00fcten yazar\u0131n kendisine aittir.<\/strong><\/p>\n","protected":false},"excerpt":{"rendered":"<p>Yaz\u0131n\u0131n Ad\u0131:\u00a0 T\u00fcrkiye\u2019de Ya\u015fayan Romanlar\u0131n E\u011fitim Hakk\u0131n\u0131n Avrupa Birli\u011fi ve Sosyal Politika A\u00e7\u0131s\u0131ndan De\u011ferlendirilmesi Yazar\u0131n Ad\u0131:\u00a0 Selminaz ADIG\u00dcZEL \u00d6zet: Bu \u00e7al\u0131\u015fmada T\u00fcrkiye\u2019de ya\u015fayan Romanlar\u0131n e\u011fitim hakk\u0131, sosyal politika, Avrupa Birli\u011fi ve T\u00fcrk Hukukundaki d\u00fczenlemeler \u00e7er\u00e7evesinde incelenmi\u015ftir. Kamu yarar\u0131 g\u00f6zetilerek devlet eliyle y\u00fcr\u00fct\u00fclmesi gereken sa\u011fl\u0131k, e\u011fitim bay\u0131nd\u0131rl\u0131k gibi faaliyetler, sosyal politik olarak isimlendirilir. Demokratik, siyasi y\u00f6nden [&hellip;]<\/p>\n","protected":false},"author":1,"featured_media":761,"comment_status":"open","ping_status":"open","sticky":false,"template":"","format":"quote","meta":{"footnotes":""},"categories":[22],"tags":[],"class_list":["post-754","post","type-post","status-publish","format-quote","has-post-thumbnail","hentry","category-onerilen-yayinlar","post_format-post-format-quote"],"_links":{"self":[{"href":"https:\/\/romanigodi.org\/index.php?rest_route=\/wp\/v2\/posts\/754","targetHints":{"allow":["GET"]}}],"collection":[{"href":"https:\/\/romanigodi.org\/index.php?rest_route=\/wp\/v2\/posts"}],"about":[{"href":"https:\/\/romanigodi.org\/index.php?rest_route=\/wp\/v2\/types\/post"}],"author":[{"embeddable":true,"href":"https:\/\/romanigodi.org\/index.php?rest_route=\/wp\/v2\/users\/1"}],"replies":[{"embeddable":true,"href":"https:\/\/romanigodi.org\/index.php?rest_route=%2Fwp%2Fv2%2Fcomments&post=754"}],"version-history":[{"count":1,"href":"https:\/\/romanigodi.org\/index.php?rest_route=\/wp\/v2\/posts\/754\/revisions"}],"predecessor-version":[{"id":3439,"href":"https:\/\/romanigodi.org\/index.php?rest_route=\/wp\/v2\/posts\/754\/revisions\/3439"}],"wp:featuredmedia":[{"embeddable":true,"href":"https:\/\/romanigodi.org\/index.php?rest_route=\/"}],"wp:attachment":[{"href":"https:\/\/romanigodi.org\/index.php?rest_route=%2Fwp%2Fv2%2Fmedia&parent=754"}],"wp:term":[{"taxonomy":"category","embeddable":true,"href":"https:\/\/romanigodi.org\/index.php?rest_route=%2Fwp%2Fv2%2Fcategories&post=754"},{"taxonomy":"post_tag","embeddable":true,"href":"https:\/\/romanigodi.org\/index.php?rest_route=%2Fwp%2Fv2%2Ftags&post=754"}],"curies":[{"name":"wp","href":"https:\/\/api.w.org\/{rel}","templated":true}]}}