{"id":805,"date":"2022-07-27T22:59:06","date_gmt":"2022-07-27T22:59:06","guid":{"rendered":"https:\/\/romanigodi.org\/?p=805"},"modified":"2025-11-21T10:16:20","modified_gmt":"2025-11-21T10:16:20","slug":"roman-cocuklarin-kendi-kimliklerini-tanimlama-bicimleri-izmir-tepecik-ornegi","status":"publish","type":"post","link":"https:\/\/romanigodi.org\/?p=805","title":{"rendered":"Roman \u00c7ocuklar\u0131n Kendi Kimliklerini Tan\u0131mlama Bi\u00e7imleri: \u0130zmir Tepecik \u00d6rne\u011fi"},"content":{"rendered":"<p><strong>Makalenin Ad\u0131:\u00a0 <\/strong>Roman \u00c7ocuklar\u0131n Kendi Kimliklerini Tan\u0131mlama Bi\u00e7imleri: \u0130zmir Tepecik \u00d6rne\u011fi<\/p>\n<p><strong>Yazar\u0131: <\/strong>Derya KOPTEK\u0130N<\/p>\n<p><strong>Y\u00fcr\u00fct\u00fcc\u00fc Kurum\/Ba\u011fl\u0131 Bulundu\u011fu: <\/strong>Dokuz Eyl\u00fcl \u00dcniversitesi<\/p>\n<p><strong>\u00d6zet:<\/strong><\/p>\n<p>Bu ara\u015ft\u0131rma, \u00c7ingene\/Roman \u00e7ocuklar\u0131n \u00c7ingene\/Roman olman\u0131n ay\u0131rt edici \u00f6zelliklerine ili\u015fkin de\u011ferlendirmelerini konu almaktad\u0131r. \u00c7ocuklar\u0131n kendi anlat\u0131lar\u0131ndan yola \u00e7\u0131karak, \u00c7ingene\/Roman kimli\u011fini nas\u0131l tan\u0131mlad\u0131klar\u0131, kimliklerinin in\u015fas\u0131nda i\u00e7inde bulunduklar\u0131 \u2018yoksulluk durumu\u2019nun, \u00c7ingene\/Roman olmayanlarla ili\u015fkilerinin, kendilerinin ve\/veya ailelerinin \u00e7al\u0131\u015fma ko\u015fullar\u0131n\u0131n etkileri ve yoksullu\u011fu ya\u015fant\u0131lama bi\u00e7imleri ve onunla ba\u015fa \u00e7\u0131kma m\u00fccadeleleri incelenmektedir. Bu ama\u00e7lar do\u011frultusunda, \u0130zmir&#8217;in Tepecik Mahallesi\u2019nde oturan ve \u0130zmir B\u00fcy\u00fck\u015fehir Belediyesi \u00c7ocuk ve Gen\u00e7lik Merkezi\u2019ne kay\u0131tl\u0131 8\u201315 ya\u015flar\u0131 aras\u0131ndaki 24 \u00c7ingene\/Roman \u00e7ocukla derinlemesine g\u00f6r\u00fc\u015fme tekni\u011fi kullan\u0131larak niteliksel bir ara\u015ft\u0131rma ger\u00e7ekle\u015ftirilmi\u015ftir. Ayr\u0131ca, yak\u0131n ya\u015flarda olan biri 4, di\u011feri 3 \u00e7ocuktan olu\u015fan iki odak grup g\u00f6r\u00fc\u015fmesi yap\u0131lm\u0131\u015ft\u0131r. G\u00f6r\u00fc\u015fmeler tematik analiz y\u00f6ntemi ile analiz edilmi\u015ftir.<\/p>\n<p><strong>Anahtar S\u00f6zc\u00fckler:<\/strong> \u00c7ingene\/Roman, kimlik, etnisite, etnik kimlik, yoksulluk<\/p>\n<p><strong>Referans: <\/strong>http:\/\/hdl.handle.net\/20.500.12397\/7016<\/p>\n<p><a href=\"https:\/\/romanigodi.org\/wp-content\/uploads\/2022\/07\/ROMAN-COCUKLARIN-KENDI-KIMLIKLERINI.pdf\">Tamam\u0131n\u0131 okumak i\u00e7in t\u0131klay\u0131n\u0131z.<\/a><\/p>\n<p><strong>Bu \u00e7al\u0131\u015fmada ge\u00e7en ifadeler \u00e7al\u0131\u015fmay\u0131 y\u00fcr\u00fcten yazar\u0131n kendisine aittir.<\/strong><\/p>\n","protected":false},"excerpt":{"rendered":"<p>Makalenin Ad\u0131:\u00a0 Roman \u00c7ocuklar\u0131n Kendi Kimliklerini Tan\u0131mlama Bi\u00e7imleri: \u0130zmir Tepecik \u00d6rne\u011fi Yazar\u0131: Derya KOPTEK\u0130N Y\u00fcr\u00fct\u00fcc\u00fc Kurum\/Ba\u011fl\u0131 Bulundu\u011fu: Dokuz Eyl\u00fcl \u00dcniversitesi \u00d6zet: Bu ara\u015ft\u0131rma, \u00c7ingene\/Roman \u00e7ocuklar\u0131n \u00c7ingene\/Roman olman\u0131n ay\u0131rt edici \u00f6zelliklerine ili\u015fkin de\u011ferlendirmelerini konu almaktad\u0131r. \u00c7ocuklar\u0131n kendi anlat\u0131lar\u0131ndan yola \u00e7\u0131karak, \u00c7ingene\/Roman kimli\u011fini nas\u0131l tan\u0131mlad\u0131klar\u0131, kimliklerinin in\u015fas\u0131nda i\u00e7inde bulunduklar\u0131 \u2018yoksulluk durumu\u2019nun, \u00c7ingene\/Roman olmayanlarla ili\u015fkilerinin, kendilerinin ve\/veya ailelerinin [&hellip;]<\/p>\n","protected":false},"author":1,"featured_media":807,"comment_status":"open","ping_status":"open","sticky":false,"template":"","format":"quote","meta":{"footnotes":""},"categories":[22],"tags":[],"class_list":["post-805","post","type-post","status-publish","format-quote","has-post-thumbnail","hentry","category-onerilen-yayinlar","post_format-post-format-quote"],"_links":{"self":[{"href":"https:\/\/romanigodi.org\/index.php?rest_route=\/wp\/v2\/posts\/805","targetHints":{"allow":["GET"]}}],"collection":[{"href":"https:\/\/romanigodi.org\/index.php?rest_route=\/wp\/v2\/posts"}],"about":[{"href":"https:\/\/romanigodi.org\/index.php?rest_route=\/wp\/v2\/types\/post"}],"author":[{"embeddable":true,"href":"https:\/\/romanigodi.org\/index.php?rest_route=\/wp\/v2\/users\/1"}],"replies":[{"embeddable":true,"href":"https:\/\/romanigodi.org\/index.php?rest_route=%2Fwp%2Fv2%2Fcomments&post=805"}],"version-history":[{"count":1,"href":"https:\/\/romanigodi.org\/index.php?rest_route=\/wp\/v2\/posts\/805\/revisions"}],"predecessor-version":[{"id":3449,"href":"https:\/\/romanigodi.org\/index.php?rest_route=\/wp\/v2\/posts\/805\/revisions\/3449"}],"wp:featuredmedia":[{"embeddable":true,"href":"https:\/\/romanigodi.org\/index.php?rest_route=\/"}],"wp:attachment":[{"href":"https:\/\/romanigodi.org\/index.php?rest_route=%2Fwp%2Fv2%2Fmedia&parent=805"}],"wp:term":[{"taxonomy":"category","embeddable":true,"href":"https:\/\/romanigodi.org\/index.php?rest_route=%2Fwp%2Fv2%2Fcategories&post=805"},{"taxonomy":"post_tag","embeddable":true,"href":"https:\/\/romanigodi.org\/index.php?rest_route=%2Fwp%2Fv2%2Ftags&post=805"}],"curies":[{"name":"wp","href":"https:\/\/api.w.org\/{rel}","templated":true}]}}