{"id":883,"date":"2022-08-15T21:38:54","date_gmt":"2022-08-15T21:38:54","guid":{"rendered":"https:\/\/romanigodi.org\/?p=883"},"modified":"2025-11-21T10:24:02","modified_gmt":"2025-11-21T10:24:02","slug":"insan-haklarina-erisimde-romanlar-icin-esitligi-saglamak-esitlik-icin-eylem-plani-onerileri","status":"publish","type":"post","link":"https:\/\/romanigodi.org\/?p=883","title":{"rendered":"\u0130nsan Haklar\u0131na Eri\u015fimde Romanlar \u0130\u00e7in E\u015fitli\u011fi Sa\u011flamak: E\u015fitlik \u0130\u00e7in Eylem Plan\u0131 \u00d6nerileri"},"content":{"rendered":"<p><strong>E\u015fitlik\u00e7i, Veriye Dayal\u0131, B\u00fct\u00e7elendirilmi\u015f Eylem Plan\u0131 Talep Ediyoruz!<\/strong><\/p>\n<p>Romanlar uzun y\u0131llard\u0131r temel haklar\u0131na eri\u015fimde ayr\u0131mc\u0131l\u0131\u011fa maruz kalmakta;\u00a0 e\u011fitim, sa\u011fl\u0131k, bar\u0131nma ve istihdam alanlar\u0131nda hak kay\u0131plar\u0131 ve sorunlar ya\u015famaktad\u0131rlar. Bu sorunlara \u00e7\u00f6z\u00fcm iddias\u0131 ile 2009 y\u0131l\u0131 Roman a\u00e7\u0131l\u0131m\u0131 ve sonras\u0131nda T\u00fcrkiye\u2019de 2016 &#8211; 2021 y\u0131llar\u0131n\u0131 kapsayan Roman Vatanda\u015flara Y\u00f6nelik Strateji Belgesinin geli\u015ftirildi\u011fi bir d\u00f6nem ya\u015fanm\u0131\u015ft\u0131r.<\/p>\n<p>Ancak Roman Vatanda\u015flara Y\u00f6nelik Strateji Belgesi\u2019nin s\u00fcresi dolmu\u015ftur. Eylem planlar\u0131 tamamlanm\u0131\u015f olmas\u0131na ra\u011fmen, bu s\u00fcre\u00e7te faaliyetlerin kamuoyu ile payla\u015f\u0131ld\u0131\u011f\u0131, ba\u011f\u0131ms\u0131z izleme mekanizmas\u0131n\u0131n geli\u015ftirildi\u011fi ve kamu b\u00fct\u00e7esinin ayr\u0131ld\u0131\u011f\u0131 bir eylem plan\u0131 ger\u00e7ekle\u015ftirilmemi\u015ftir. Tamamlanan eylem planlar\u0131 s\u00fcrecinde Romanlar\u0131n ya\u015fad\u0131\u011f\u0131 hak kay\u0131plar\u0131nda veya maruz kald\u0131klar\u0131 ayr\u0131mc\u0131l\u0131kta g\u00f6zle g\u00f6r\u00fcl\u00fcr bir iyile\u015fme ya\u015fanamam\u0131\u015ft\u0131r.<\/p>\n<p>Kamuoyuna yans\u0131yan ve sivil toplum \u00f6rg\u00fctlerine aktar\u0131lan bilgiler \u0131\u015f\u0131\u011f\u0131nda A\u011fustos &#8211; Eyl\u00fcl 2022 tarihleri i\u00e7erisinde Roman Strateji Belgesi ve Eylem Plan\u0131\u2019 n\u0131n (2022-2025) yay\u0131nlanaca\u011f\u0131 bilinmektedir.<\/p>\n<p><strong>Biz;<\/strong><\/p>\n<ul>\n<li><strong>Eski H\u00fck\u00fcml\u00fcler Derne\u011fi<\/strong><\/li>\n<li><strong>Mersin Romanlar Sosyal K\u00fclt\u00fcr ve Dayan\u0131\u015fma Derne\u011fi<\/strong><\/li>\n<li><strong>\u0130stanbul Roman Haklar\u0131 Federasyonu<\/strong><\/li>\n<li><strong>Gaziantep Davulcular ve Zurnac\u0131lar Dayan\u0131\u015fma Dernegi<\/strong><\/li>\n<li><strong>Gaziantep Y\u00f6resel Halk M\u00fczisyenleri Ya\u015fatma ve Dayan\u0131\u015fma Derne\u011fi<\/strong><\/li>\n<li><strong>Trakya Sosyal Geli\u015fim ve Gen\u00e7lik Derne\u011fi<\/strong><\/li>\n<li><strong>Roman Haklar\u0131 Derne\u011fi<\/strong><\/li>\n<li><strong>Romani Godi (Roman Haf\u0131za \u00c7al\u0131\u015fmalar\u0131 Derne\u011fi)<\/strong><\/li>\n<li><strong>ROMGEDER (Roman Toplumu Gen\u00e7lik E\u011fitim ve Kalk\u0131nma Derne\u011fi)<\/strong><\/li>\n<li><strong>Samsun Roman Haklar\u0131 Derne\u011fi<\/strong><\/li>\n<li><strong>Sivil D\u00fc\u015fler Derne\u011fi<\/strong><\/li>\n<\/ul>\n<p>olmak \u00fczere 11 Roman Sivil Toplum \u00d6rg\u00fct\u00fc \u00a0<strong>\u0130zmir B\u00fcy\u00fck\u015fehir Belediyesi ve E\u015fit Haklar \u0130\u00e7in \u0130zleme Derne\u011fi i\u015fbirli\u011finde 22 &#8211; 23 Temmuz 2022 tarihlerinde \u00a0\u0130zmir\u2019de d\u00fczenlenen\u00a0 Roman Haklar\u0131 \u00c7al\u0131\u015ftay\u0131nda <\/strong>Yeni d\u00f6nem Roman Strateji Eylem Plan\u0131na Y\u00f6nelik sunulan tespit ve \u00f6neriler \u00e7er\u00e7evesinde haz\u0131rlanan \u201c<strong>\u0130nsan Haklar\u0131na Eri\u015fimde Romanlar i\u00e7in E\u015fitli\u011fi Sa\u011flamak: E\u015fitlik \u0130\u00e7in Eylem Plan\u0131\u201d <\/strong>n\u0131 Aile ve Sosyal Hizmetler Bakanl\u0131\u011f\u0131na, farkl\u0131 siyasi partilere ve milletvekillerine y\u00fcz y\u00fcze veya online olarak ilettik.<\/p>\n<p>Roman Strateji Eylem Plan\u0131na y\u00f6nelik haz\u0131rlam\u0131\u015f oldu\u011fumuz \u00f6nerilerin dikkate al\u0131nmas\u0131n\u0131 temel insan haklar\u0131na eri\u015fim i\u00e7in kal\u0131c\u0131 \u00e7\u00f6z\u00fcm ve e\u015fitlik i\u00e7in eylem planlar\u0131 haz\u0131rlanmas\u0131n\u0131 istedi\u011fimizi belirtiriz.<\/p>\n<p>Yeni Roman Strateji Eylem Plan\u0131n\u0131n; Roman kad\u0131nlar, \u00e7ocuklar, engelliler gibi farkl\u0131 Roman gruplar\u00a0 i\u00e7in kapsay\u0131c\u0131, b\u00fct\u00fcnc\u00fcl ve insan haklar\u0131 de\u011ferlerini benimsemi\u015f bir anlay\u0131\u015fa sahip olmas\u0131 gerekti\u011fini belirtiyoruz.<\/p>\n<p>E\u015fitlik\u00e7i bir Roman Strateji Belgesi ve Eylem Plan\u0131 talep etti\u011fimizi yineliyoruz.<\/p>\n<p><strong><a href=\"https:\/\/romanigodi.org\/wp-content\/uploads\/2022\/08\/Insan-Haklarina-Erisimde-Roman-Strateji-Eylem-Plani-.docx.pdf\" target=\"_blank\" rel=\"noopener\">Metni Okumak \u0130\u00e7in T\u0131klay\u0131n\u0131z<\/a><\/strong><\/p>\n<p><strong>\u00a0<\/strong><\/p>\n","protected":false},"excerpt":{"rendered":"<p>E\u015fitlik\u00e7i, Veriye Dayal\u0131, B\u00fct\u00e7elendirilmi\u015f Eylem Plan\u0131 Talep Ediyoruz! Romanlar uzun y\u0131llard\u0131r temel haklar\u0131na eri\u015fimde ayr\u0131mc\u0131l\u0131\u011fa maruz kalmakta;\u00a0 e\u011fitim, sa\u011fl\u0131k, bar\u0131nma ve istihdam alanlar\u0131nda hak kay\u0131plar\u0131 ve sorunlar ya\u015famaktad\u0131rlar. Bu sorunlara \u00e7\u00f6z\u00fcm iddias\u0131 ile 2009 y\u0131l\u0131 Roman a\u00e7\u0131l\u0131m\u0131 ve sonras\u0131nda T\u00fcrkiye\u2019de 2016 &#8211; 2021 y\u0131llar\u0131n\u0131 kapsayan Roman Vatanda\u015flara Y\u00f6nelik Strateji Belgesinin geli\u015ftirildi\u011fi bir d\u00f6nem ya\u015fanm\u0131\u015ft\u0131r. Ancak [&hellip;]<\/p>\n","protected":false},"author":1,"featured_media":1776,"comment_status":"open","ping_status":"open","sticky":false,"template":"","format":"standard","meta":{"footnotes":""},"categories":[2,6,36,37,40,42],"tags":[],"class_list":["post-883","post","type-post","status-publish","format-standard","has-post-thumbnail","hentry","category-adalete-erisim","category-ayrimcilikla-mucadele","category-temel-haklar","category-toplumsal-hafiza","category-yayinlarimiz","category-yerel-katilim-ve-savunuculuk"],"_links":{"self":[{"href":"https:\/\/romanigodi.org\/index.php?rest_route=\/wp\/v2\/posts\/883","targetHints":{"allow":["GET"]}}],"collection":[{"href":"https:\/\/romanigodi.org\/index.php?rest_route=\/wp\/v2\/posts"}],"about":[{"href":"https:\/\/romanigodi.org\/index.php?rest_route=\/wp\/v2\/types\/post"}],"author":[{"embeddable":true,"href":"https:\/\/romanigodi.org\/index.php?rest_route=\/wp\/v2\/users\/1"}],"replies":[{"embeddable":true,"href":"https:\/\/romanigodi.org\/index.php?rest_route=%2Fwp%2Fv2%2Fcomments&post=883"}],"version-history":[{"count":1,"href":"https:\/\/romanigodi.org\/index.php?rest_route=\/wp\/v2\/posts\/883\/revisions"}],"predecessor-version":[{"id":3460,"href":"https:\/\/romanigodi.org\/index.php?rest_route=\/wp\/v2\/posts\/883\/revisions\/3460"}],"wp:featuredmedia":[{"embeddable":true,"href":"https:\/\/romanigodi.org\/index.php?rest_route=\/"}],"wp:attachment":[{"href":"https:\/\/romanigodi.org\/index.php?rest_route=%2Fwp%2Fv2%2Fmedia&parent=883"}],"wp:term":[{"taxonomy":"category","embeddable":true,"href":"https:\/\/romanigodi.org\/index.php?rest_route=%2Fwp%2Fv2%2Fcategories&post=883"},{"taxonomy":"post_tag","embeddable":true,"href":"https:\/\/romanigodi.org\/index.php?rest_route=%2Fwp%2Fv2%2Ftags&post=883"}],"curies":[{"name":"wp","href":"https:\/\/api.w.org\/{rel}","templated":true}]}}